{"id":179069,"date":"2025-12-07T18:55:08","date_gmt":"2025-12-07T18:55:08","guid":{"rendered":"https:\/\/www.europesays.com\/pt\/179069\/"},"modified":"2025-12-07T18:55:08","modified_gmt":"2025-12-07T18:55:08","slug":"cinco-obras-de-portinari-e-oito-de-matisse-foram-roubadas-da-biblioteca-mario-de-andrade-em-sp","status":"publish","type":"post","link":"https:\/\/www.europesays.com\/pt\/179069\/","title":{"rendered":"Cinco obras de Portinari e oito de Matisse foram roubadas da Biblioteca M\u00e1rio de Andrade em SP"},"content":{"rendered":"\n<p class=\" content-text__container theme-color-primary-first-letter\" data-track-category=\"Link no Texto\" data-track-links=\"\"> Oito obras do artista franc\u00eas Henri Matisse e cinco de C\u00e2ndido Portinari foram roubadas da Biblioteca M\u00e1rio de Andrade, no centro de S\u00e3o Paulo, neste domingo (7). As telas de Matisse s\u00e3o consideradas uma raridade e fazem parte do \u00e1lbum &#8216;Jazz&#8217; de 1947, pertencente ao acervo da institui\u00e7\u00e3o. J\u00e1 de Portinari s\u00e3o gravuras da obra &#8216;Menino de Engenho&#8217;. <\/p>\n<p class=\" content-text__container \" data-track-category=\"Link no Texto\" data-track-links=\"\"> As obras estavam expostas em destaque na mostra &#8216;Do Livro ao Museu&#8217;, feita em parceria com o Museu de Arte Moderna de S\u00e3o Paulo, que terminaria neste domingo, ap\u00f3s dois meses da abertura. <\/p>\n<p class=\" content-text__container \" data-track-category=\"Link no Texto\" data-track-links=\"\"> O curador da exposi\u00e7\u00e3o, Cau\u00ea Alves, afirmou em entrevista \u00e0 CBN que as obras de Matisse est\u00e3o entre as mais importantes da mostra. <\/p>\n<blockquote class=\"content-blockquote theme-border-color-primary-before\"><p>&#8216;\u00c9 um grande destaque da exposi\u00e7\u00e3o, estava na entrada da mostra. Essa obra foi concebida pelo Matisse durante a Segunda Guerra Mundial, num per\u00edodo j\u00e1 de velhice dele, j\u00e1 era um senhor, tinha passado por uma cirurgia de c\u00e2ncer e estava se recuperando. Ele n\u00e3o podia mexer com tinta, ent\u00e3o ele fez com recorte de papel. Ele ficava recortando os pap\u00e9is coloridos e depois fez uma colagem original e depois fez uma edi\u00e7\u00e3o&#8217;.<\/p><\/blockquote>\n<p>          2 de 2&#13;Biblioteca M\u00e1rio de Andrade em SP \u2014 Foto: Secom\/PMSP\/Divulga\u00e7\u00e3o    <\/p>\n<p class=\"content-media__description \"> Biblioteca M\u00e1rio de Andrade em SP \u2014 Foto: Secom\/PMSP\/Divulga\u00e7\u00e3o <\/p>\n<p class=\" content-text__container \" data-track-category=\"Link no Texto\" data-track-links=\"\"> Funcion\u00e1rios da recep\u00e7\u00e3o da Biblioteca M\u00e1rio de Andrade disseram que dois bandidos armados entraram no museu usando macac\u00f5es de servi\u00e7o e anunciaram o roubo, revelando que estavam armados e rendendo os seguran\u00e7as. De acordo com a pol\u00edcia militar, a dupla fugiu a p\u00e9 em dire\u00e7\u00e3o ao metr\u00f4 Anhangaba\u00fa. N\u00e3o h\u00e1 registro de pessoas feridas. <\/p>\n<p class=\" content-text__container \" data-track-category=\"Link no Texto\" data-track-links=\"\"> A equipe da PM, que se encontrava nas proximidades, prestou aux\u00edlio aos funcion\u00e1rios e realizou patrulhamento, mas nada foi constatado at\u00e9 o momento. O \u00e1lbum jazz de Matisse \u00e9 considerado raridade. Em todo o mundo existem apenas 250 exemplares, numerados e assinados, e apenas dois est\u00e3o no Brasil. <\/p>\n<p class=\" content-text__container \" data-track-category=\"Link no Texto\" data-track-links=\"\"> Cau\u00ea Alves, curador da exposi\u00e7\u00e3o, explicou o contexto em que essa obra chegou ao acervo da Prefeitura ainda nos anos 40. Vamos ouvi-lo. <\/p>\n<blockquote class=\"content-blockquote theme-border-color-primary-before\"><p>&#8216;Ela \u00e9 uma das obras mais importantes de um dos maiores artistas do s\u00e9culo XX. Ela integrou um projeto de cria\u00e7\u00e3o de cole\u00e7\u00f5es p\u00fablicas e abertas de arte moderna no momento em que n\u00e3o tinha onde ver arte moderna. Se queria ver arte moderna nos anos 40, n\u00e3o tinha onde ver&#8217;.<\/p><\/blockquote>\n<p class=\" content-text__container \" data-track-category=\"Link no Texto\" data-track-links=\"\"> O exemplar da M\u00e1rio de Andrade, da s\u00e9rie Jazz de Matisse, tem o n\u00famero 102 e ele j\u00e1 havia sido furtado da institui\u00e7\u00e3o ainda nos anos 90. Em 2012, o \u00e1lbum foi recuperado pela Pol\u00edcia Federal na Argentina, passou para o Museu Nacional do Rio de Janeiro e em 2015 voltou para o acervo da Biblioteca M\u00e1rio de Andrade. O roubo de hoje ser\u00e1 investigado pela Pol\u00edcia Civil. <\/p>\n<p class=\" content-text__container \" data-track-category=\"Link no Texto\" data-track-links=\"\"> A biblioteca ficar\u00e1 fechada nesse domingo e ainda n\u00e3o h\u00e1 previs\u00e3o de reabertura, segundo os funcion\u00e1rios. <\/p>\n<p class=\" content-text__container \" data-track-category=\"Link no Texto\" data-track-links=\"\"> Em nota, a Secretaria de Cultura e Economia Criativa informa que as obras expostas contam com ap\u00f3lice de seguro vigente, e que o local disp\u00f5e de equipe de vigil\u00e2ncia, sistema de c\u00e2meras de seguran\u00e7a. Todo o material que possa servir \u00e0 investiga\u00e7\u00e3o est\u00e1 sendo fornecido para as autoridades policiais. <\/p>\n","protected":false},"excerpt":{"rendered":"Oito obras do artista franc\u00eas Henri Matisse e cinco de C\u00e2ndido Portinari foram roubadas da Biblioteca M\u00e1rio de&hellip;\n","protected":false},"author":2,"featured_media":179070,"comment_status":"","ping_status":"","sticky":false,"template":"","format":"standard","meta":{"footnotes":""},"categories":[144],"tags":[207,205,206,203,201,202,204,114,115,32,33],"class_list":{"0":"post-179069","1":"post","2":"type-post","3":"status-publish","4":"format-standard","5":"has-post-thumbnail","7":"category-arte-e-design","8":"tag-arte","9":"tag-arte-e-design","10":"tag-artedesign","11":"tag-arts","12":"tag-arts-and-design","13":"tag-artsanddesign","14":"tag-design","15":"tag-entertainment","16":"tag-entretenimento","17":"tag-portugal","18":"tag-pt"},"share_on_mastodon":{"url":"https:\/\/pubeurope.com\/@pt\/115679810167891881","error":""},"_links":{"self":[{"href":"https:\/\/www.europesays.com\/pt\/wp-json\/wp\/v2\/posts\/179069","targetHints":{"allow":["GET"]}}],"collection":[{"href":"https:\/\/www.europesays.com\/pt\/wp-json\/wp\/v2\/posts"}],"about":[{"href":"https:\/\/www.europesays.com\/pt\/wp-json\/wp\/v2\/types\/post"}],"author":[{"embeddable":true,"href":"https:\/\/www.europesays.com\/pt\/wp-json\/wp\/v2\/users\/2"}],"replies":[{"embeddable":true,"href":"https:\/\/www.europesays.com\/pt\/wp-json\/wp\/v2\/comments?post=179069"}],"version-history":[{"count":0,"href":"https:\/\/www.europesays.com\/pt\/wp-json\/wp\/v2\/posts\/179069\/revisions"}],"wp:featuredmedia":[{"embeddable":true,"href":"https:\/\/www.europesays.com\/pt\/wp-json\/wp\/v2\/media\/179070"}],"wp:attachment":[{"href":"https:\/\/www.europesays.com\/pt\/wp-json\/wp\/v2\/media?parent=179069"}],"wp:term":[{"taxonomy":"category","embeddable":true,"href":"https:\/\/www.europesays.com\/pt\/wp-json\/wp\/v2\/categories?post=179069"},{"taxonomy":"post_tag","embeddable":true,"href":"https:\/\/www.europesays.com\/pt\/wp-json\/wp\/v2\/tags?post=179069"}],"curies":[{"name":"wp","href":"https:\/\/api.w.org\/{rel}","templated":true}]}}