{"id":179083,"date":"2025-12-07T19:08:24","date_gmt":"2025-12-07T19:08:24","guid":{"rendered":"https:\/\/www.europesays.com\/pt\/179083\/"},"modified":"2025-12-07T19:08:24","modified_gmt":"2025-12-07T19:08:24","slug":"revelada-imagem-da-filha-de-fanny-rodrigues-e-detchi-tem-a-cor-do-cabelo-do-diego","status":"publish","type":"post","link":"https:\/\/www.europesays.com\/pt\/179083\/","title":{"rendered":"Revelada imagem da filha de Fanny Rodrigues e Detchi: &#8220;Tem a cor do cabelo do Diego&#8221;"},"content":{"rendered":"<p>Mais apaixonada do que nunca, <a href=\"https:\/\/selfie.iol.pt\/famosos\/casa-dos-segredos\/joao-almeida-ex-de-fanny-rodrigues-esta-apaixonado-conheca-a-namorada\/20251206\/69340fcdd34e2bd5c6d4cf42\" target=\"_blank\" rel=\"nofollow noopener\">Fanny Rodrigues<\/a> recorreu \u00e0 Intelig\u00eancia Artificial com um pedido especial. &#8220;Como ser\u00e1 a nossa filha?&#8221;, quis saber a ex-concorrente de &#8220;<a href=\"https:\/\/tvi.iol.pt\/secretstory\/\" target=\"_blank\" rel=\"nofollow noopener\">Secret Story &#8211; Casa dos Segredos<\/a>&#8220;, tendo enviado uma s\u00e9rie de fotografias, na qual surge ao lado do namorado, <a href=\"https:\/\/selfie.iol.pt\/famosos\/fanny-rodrigues\/afinal-fanny-rodrigues-nao-esta-noiva-descubra-toda-a-verdade\/20251204\/6931f2f0d34e2bd5c6d4c1e9\" target=\"_blank\" rel=\"nofollow noopener\">Detchi<\/a>.<\/p>\n<p>E a Intelig\u00eancia Artificial respondeu com uma imagem da filha do casal. &#8220;Aqui est\u00e1 uma poss\u00edvel representa\u00e7\u00e3o de como poderia ser a filha de voc\u00eas&#8221;, pode ler-se.<\/p>\n<p>Fanny Rodrigues mostrou-se rendida ao resultado. &#8220;Com a cor do cabelo do Nini&#8221;, assinalou na legenda, referindo-se ao filho, Diego, de oito anos, fruto da anterior rela\u00e7\u00e3o com <a href=\"https:\/\/selfie.iol.pt\/famosos\/casa-dos-segredos\/apos-oito-anos-ex-de-fanny-rodrigues-toma-decisao-e-desabafa-a-separacao-deixou-me-sem-chao\/20251130\/692c4c60d34e2bd5c6d4977b\" target=\"_blank\" rel=\"nofollow noopener\">Jo\u00e3o Almeida<\/a>.<\/p>\n<p>Veja, agora, algumas das melhores imagens de Fanny Rodrigues e Detchi nas galerias de fotografias que prepar\u00e1mos para si.<\/p>\n<p><img decoding=\"async\" alt=\"\" onclick=\"\" src=\"https:\/\/www.europesays.com\/pt\/wp-content\/uploads\/2025\/12\/1765134504_543_1024.jpeg\" title=\"Fanny Rodrigues\"\/><\/p>\n","protected":false},"excerpt":{"rendered":"Mais apaixonada do que nunca, Fanny Rodrigues recorreu \u00e0 Intelig\u00eancia Artificial com um pedido especial. &#8220;Como ser\u00e1 a&hellip;\n","protected":false},"author":2,"featured_media":165504,"comment_status":"","ping_status":"","sticky":false,"template":"","format":"standard","meta":{"footnotes":""},"categories":[145],"tags":[2632,211,210,31668,114,115,980,5795,619,32,33,1014,1016,1315,1012,162],"class_list":{"0":"post-179083","1":"post","2":"type-post","3":"status-publish","4":"format-standard","5":"has-post-thumbnail","7":"category-celebridades","8":"tag-casa-dos-segredos","9":"tag-celebridades","10":"tag-celebrities","11":"tag-detchi","12":"tag-entertainment","13":"tag-entretenimento","14":"tag-famosos","15":"tag-fanny-rodrigues","16":"tag-nacional","17":"tag-portugal","18":"tag-pt","19":"tag-reality-show","20":"tag-romance","21":"tag-secret-story","22":"tag-selfie","23":"tag-tvi"},"share_on_mastodon":{"url":"https:\/\/pubeurope.com\/@pt\/115679861580155114","error":""},"_links":{"self":[{"href":"https:\/\/www.europesays.com\/pt\/wp-json\/wp\/v2\/posts\/179083","targetHints":{"allow":["GET"]}}],"collection":[{"href":"https:\/\/www.europesays.com\/pt\/wp-json\/wp\/v2\/posts"}],"about":[{"href":"https:\/\/www.europesays.com\/pt\/wp-json\/wp\/v2\/types\/post"}],"author":[{"embeddable":true,"href":"https:\/\/www.europesays.com\/pt\/wp-json\/wp\/v2\/users\/2"}],"replies":[{"embeddable":true,"href":"https:\/\/www.europesays.com\/pt\/wp-json\/wp\/v2\/comments?post=179083"}],"version-history":[{"count":0,"href":"https:\/\/www.europesays.com\/pt\/wp-json\/wp\/v2\/posts\/179083\/revisions"}],"wp:featuredmedia":[{"embeddable":true,"href":"https:\/\/www.europesays.com\/pt\/wp-json\/wp\/v2\/media\/165504"}],"wp:attachment":[{"href":"https:\/\/www.europesays.com\/pt\/wp-json\/wp\/v2\/media?parent=179083"}],"wp:term":[{"taxonomy":"category","embeddable":true,"href":"https:\/\/www.europesays.com\/pt\/wp-json\/wp\/v2\/categories?post=179083"},{"taxonomy":"post_tag","embeddable":true,"href":"https:\/\/www.europesays.com\/pt\/wp-json\/wp\/v2\/tags?post=179083"}],"curies":[{"name":"wp","href":"https:\/\/api.w.org\/{rel}","templated":true}]}}