{"id":179094,"date":"2025-12-07T19:21:20","date_gmt":"2025-12-07T19:21:20","guid":{"rendered":"https:\/\/www.europesays.com\/pt\/179094\/"},"modified":"2025-12-07T19:21:20","modified_gmt":"2025-12-07T19:21:20","slug":"guojiang-e-loira-de-olhos-azuis-e-filha-de-pais-chineses-a-familia-desvendou-o-misterio","status":"publish","type":"post","link":"https:\/\/www.europesays.com\/pt\/179094\/","title":{"rendered":"Guojiang \u00e9 loira, de olhos azuis e filha de pais chineses. A fam\u00edlia desvendou o mist\u00e9rio"},"content":{"rendered":"<p class=\"wp-caption-text top\">ZAP \/\/ Douyin; SCMP; Stockcake<\/p>\n<p><img decoding=\"async\" loading=\"lazy\" class=\"size-kopa-image-size-3 wp-image-715635\" src=\"https:\/\/www.europesays.com\/pt\/wp-content\/uploads\/2025\/12\/9b286faec14f9423620f036868c4c8a7-783x450.jpg\" alt=\"\" width=\"700\" height=\"402\"  \/><\/p>\n<p class=\"wp-caption-text bot\">Uma an\u00e1lise de ADN revelou que os tra\u00e7os caucasianos de Guojiang, menina chinesa loira de olhos azuis, t\u00eam origem num bisav\u00f4 russo<\/p>\n<p><strong>Os pais da Guojiang, de tr\u00eas anos, ficaram inicialmente perplexos com o aspeto invulgar da filha, e chegaram a questionar se o hospital lhes tinha dado o beb\u00e9 errado \u00e0 nascen\u00e7a. Uma an\u00e1lise gen\u00e9tica permitiu \u00e0 fam\u00edlia descobrir a raz\u00e3o: a culpa \u00e9 de um bisav\u00f4 russo.<\/strong><\/p>\n<p>Uma crian\u00e7a de tr\u00eas anos, de Yancheng, na prov\u00edncia de Jiangsu no leste da China, est\u00e1 a fascinar o pa\u00eds com os seus marcados <strong>tra\u00e7os caucasianos<\/strong>, apesar de os pais serem chineses. A hist\u00f3ria j\u00e1 somou 120 milh\u00f5es de visualiza\u00e7\u00f5es nas redes sociais do pa\u00eds.<\/p>\n<p>Quando <strong>Guojiang<\/strong> nasceu, em maio de 2022, os pais ficaram inicialmente intrigados com o aspeto invulgar da filha: loira, de olhos azuis bem redondos. Chegaram mesmo a perguntar-se se o hospital <strong>n\u00e3o lhes teria dado o beb\u00e9 errado<\/strong> por engano.<\/p>\n<p>Contudo, conta o <a href=\"https:\/\/www.scmp.com\/news\/people-culture\/china-personalities\/article\/3335325\/daughter-chinese-parents-born-blonde-hair-blue-eyes-due-russian-great-grandfather\" data-wpel-link=\"external\" target=\"_blank\" rel=\"nofollow external noopener noreferrer\" class=\"ext-link\">South China Morning Post<\/a>, v\u00e1rios<strong> testes de ADN<\/strong> confirmaram que a menina, cujo nome significa \u201ccompota\u201d, <strong>\u00e9 de facto filha biol\u00f3gica do casa<\/strong>l.<\/p>\n<p>Ao investigarem a <strong>hist\u00f3ria gen\u00e9tica da fam\u00edlia<\/strong>, os pais da menina, de apelido Yang, descobriram que <strong>o bisav\u00f4 paterno de Guojiang era russo<\/strong>. Tinha casado com uma mulher da prov\u00edncia de Henan, no centro da China, e vivia no pa\u00eds desde ent\u00e3o; morreu em 1985.<\/p>\n<p>O pai de Guojiang salienta que todos os nascimentos anteriores na fam\u00edlia tinham sido de rapazes. \u201c<strong>Os genes recessivos herdados do meu bisav\u00f4<\/strong>, que influenciam a nossa apar\u00eancia, <strong>parecem n\u00e3o se manifestar nos homens<\/strong>\u201d, explicou Yang.<\/p>\n<p>Nem o pai da menina nem os restantes familiares do sexo masculino, incluindo o av\u00f4, exibem <strong>qualquer tra\u00e7o vis\u00edvel de ascend\u00eancia mista<\/strong>.<\/p>\n<p>\u00c0 nascen\u00e7a, Guojiang<strong> tinha um aspeto t\u00edpico de um beb\u00e9 chin\u00ea<\/strong>s. Contudo, as <strong>diferen\u00e7as come\u00e7aram a tornar-se evidentes<\/strong> quando tinha cerca de oito meses, altura em que os olhos se tornaram azuis.<\/p>\n<p>No primeiro anivers\u00e1rio, os<strong> tra\u00e7os caucasianos estavam ainda mais vincados<\/strong>: o cabelo ficou louro e encaracolado, as pestanas alongaram-se e o azul dos olhos tornou-se mais intenso. \u201cAlguns familiares mais velhos e amigos diziam que a minha filha <strong>se parecia muito com o bisav\u00f4<\/strong>\u201d, contou Yang.<\/p>\n<p>Guojiang, que fala mandarim fluentemente e frequenta desde setembro o jardim-de-inf\u00e2ncia, tornou-se rapidamente tema de debates acesos nas redes sociais da China, e desperta curiosidade onde quer que apare\u00e7a com os pais.<\/p>\n<p>\u201cQuando a levamos \u00e0 rua, <strong>as pessoas ficam curiosas<\/strong> e perguntam muitas vezes <strong>porque \u00e9 que ela parece estrangeira<\/strong>. \u00c0s vezes, ficamos casados de ter que dar explica\u00e7\u00f5es a tantos desconhecidos\u201d, diz Yang.<\/p>\n<p>A m\u00e3e de Guojiang <strong>n\u00e3o d\u00e1 grande import\u00e2ncia <\/strong>ao aspeto exterior: \u201cAs caracter\u00edsticas f\u00edsicas s\u00e3o determinadas aleatoriamente pelos genes. N\u00e3o valorizo muito isso\u201d. Os seus desejos para a filha s\u00e3o claros: \u201cS\u00f3 quero que cres\u00e7a saud\u00e1vel e feliz e <strong>que se torne uma pessoa \u00fatil para a sociedade<\/strong>\u201d.<\/p>\n<p>    <a href=\"https:\/\/zap.aeiou.pt\/subscrever-newsletter\" data-wpel-link=\"internal\" rel=\"nofollow noopener\" target=\"_blank\">&#13;<br \/>\n        <img loading=\"lazy\" decoding=\"async\" class=\"aligncenter size-full wp-image-575475\" src=\"https:\/\/www.europesays.com\/pt\/wp-content\/uploads\/2025\/12\/2d51fe4a0ba54894421ead1809309ed9-1-450x140.jpg\" alt=\"Subscreva a Newsletter ZAP\" width=\"450\" height=\"140\"\/>&#13;<br \/>\n    <\/a><\/p>\n<p>                <a href=\"https:\/\/whatsapp.com\/channel\/0029VaIC4EE2f3EJZPPSbR34\" data-wpel-link=\"external\" target=\"_blank\" rel=\"nofollow external noopener noreferrer\" class=\"ext-link\">&#13;<br \/>\n                    <img loading=\"lazy\" decoding=\"async\" class=\"aligncenter size-full wp-image-575475\" src=\"https:\/\/www.europesays.com\/pt\/wp-content\/uploads\/2025\/12\/c68c559d956d4ca20f435ed74a6e71e6.png\" alt=\"Siga-nos no WhatsApp\" width=\"175\" height=\"64\"\/>&#13;<br \/>\n                <\/a><\/p>\n<p>                <a href=\"https:\/\/news.google.com\/publications\/CAAiEHRwZondIV71PDjWNoqMduEqFAgKIhB0cGaJ3SFe9Tw41jaKjHbh?hl=en-US&amp;gl=US&amp;ceid=US%3Aen\" data-wpel-link=\"external\" target=\"_blank\" rel=\"nofollow external noopener noreferrer\" class=\"ext-link\">&#13;<br \/>\n                    <img loading=\"lazy\" decoding=\"async\" class=\"aligncenter size-full wp-image-575475\" src=\"https:\/\/www.europesays.com\/pt\/wp-content\/uploads\/2025\/12\/5123dd8b087b644fdb8f8603acd1bad4.png\" alt=\"Siga-nos no Google News\" width=\"176\" height=\"64\"\/>&#13;<br \/>\n                <\/a><\/p>\n","protected":false},"excerpt":{"rendered":"ZAP \/\/ Douyin; SCMP; Stockcake Uma an\u00e1lise de ADN revelou que os tra\u00e7os caucasianos de Guojiang, menina chinesa&hellip;\n","protected":false},"author":2,"featured_media":179095,"comment_status":"","ping_status":"","sticky":false,"template":"","format":"standard","meta":{"footnotes":""},"categories":[50],"tags":[27,28,358,981,15,16,2217,14,25,26,21,22,62,12,13,19,20,23,24,17,18,29,30,31,63,64,65],"class_list":{"0":"post-179094","1":"post","2":"type-post","3":"status-publish","4":"format-standard","5":"has-post-thumbnail","7":"category-mundo","8":"tag-breaking-news","9":"tag-breakingnews","10":"tag-china","11":"tag-familia","12":"tag-featured-news","13":"tag-featurednews","14":"tag-genetica","15":"tag-headlines","16":"tag-latest-news","17":"tag-latestnews","18":"tag-main-news","19":"tag-mainnews","20":"tag-mundo","21":"tag-news","22":"tag-noticias","23":"tag-noticias-principais","24":"tag-noticiasprincipais","25":"tag-principais-noticias","26":"tag-principaisnoticias","27":"tag-top-stories","28":"tag-topstories","29":"tag-ultimas","30":"tag-ultimas-noticias","31":"tag-ultimasnoticias","32":"tag-world","33":"tag-world-news","34":"tag-worldnews"},"share_on_mastodon":{"url":"https:\/\/pubeurope.com\/@pt\/115679913023649401","error":""},"_links":{"self":[{"href":"https:\/\/www.europesays.com\/pt\/wp-json\/wp\/v2\/posts\/179094","targetHints":{"allow":["GET"]}}],"collection":[{"href":"https:\/\/www.europesays.com\/pt\/wp-json\/wp\/v2\/posts"}],"about":[{"href":"https:\/\/www.europesays.com\/pt\/wp-json\/wp\/v2\/types\/post"}],"author":[{"embeddable":true,"href":"https:\/\/www.europesays.com\/pt\/wp-json\/wp\/v2\/users\/2"}],"replies":[{"embeddable":true,"href":"https:\/\/www.europesays.com\/pt\/wp-json\/wp\/v2\/comments?post=179094"}],"version-history":[{"count":0,"href":"https:\/\/www.europesays.com\/pt\/wp-json\/wp\/v2\/posts\/179094\/revisions"}],"wp:featuredmedia":[{"embeddable":true,"href":"https:\/\/www.europesays.com\/pt\/wp-json\/wp\/v2\/media\/179095"}],"wp:attachment":[{"href":"https:\/\/www.europesays.com\/pt\/wp-json\/wp\/v2\/media?parent=179094"}],"wp:term":[{"taxonomy":"category","embeddable":true,"href":"https:\/\/www.europesays.com\/pt\/wp-json\/wp\/v2\/categories?post=179094"},{"taxonomy":"post_tag","embeddable":true,"href":"https:\/\/www.europesays.com\/pt\/wp-json\/wp\/v2\/tags?post=179094"}],"curies":[{"name":"wp","href":"https:\/\/api.w.org\/{rel}","templated":true}]}}