{"id":179109,"date":"2025-12-07T19:36:10","date_gmt":"2025-12-07T19:36:10","guid":{"rendered":"https:\/\/www.europesays.com\/pt\/179109\/"},"modified":"2025-12-07T19:36:10","modified_gmt":"2025-12-07T19:36:10","slug":"espionagem-estrangeira-foca-se-em-infiltrar-universidades-e-empresas-ocidentais-espionagem","status":"publish","type":"post","link":"https:\/\/www.europesays.com\/pt\/179109\/","title":{"rendered":"Espionagem estrangeira foca-se em infiltrar universidades e empresas ocidentais | Espionagem"},"content":{"rendered":"<p>Ag\u00eancias de <a href=\"https:\/\/www.publico.pt\/espionagem\" rel=\"nofollow noopener\" target=\"_blank\">espionagem<\/a> estrangeiras est\u00e3o actualmente focadas em infiltrar-se em universidades e empresas ocidentais, afirma o ex-director do Servi\u00e7o de Intelig\u00eancia de Seguran\u00e7a do Canad\u00e1 (CSIS), salientando que o foco \u201cpassou de estar centrado na informa\u00e7\u00e3o governamental\u201d e estende-se agora ao \u201csector privado, \u00e0 inova\u00e7\u00e3o na investiga\u00e7\u00e3o e \u00e0s universidades\u201d, referiu David Vigneault em entrevista ao jornal brit\u00e2nico <a href=\"https:\/\/www.theguardian.com\/world\/2025\/dec\/07\/hostile-powers-spying-universities-canada-former-security-chief\" rel=\"nofollow noopener\" target=\"_blank\">The Guardian<\/a>, publicada neste domingo.<\/p>\n<p>Diz-se conhecedor do \u201cespectro completo\u201d das poss\u00edveis abordagens por parte de servi\u00e7os de intelig\u00eancia estrangeiros, desde <a href=\"https:\/\/www.publico.pt\/hackers\" rel=\"nofollow noopener\" target=\"_blank\">ciberataques<\/a> ao uso de informadores infiltrados em programas universit\u00e1rios.<\/p>\n<p>Nas universidades, os informadores s\u00e3o recrutados por pot\u00eancias estrangeiras por ingenuidade, ideologia ou gan\u00e2ncia. Uma realidade que diz justificar a exist\u00eancia de avalia\u00e7\u00f5es de seguran\u00e7a nacional aos referidos programas universit\u00e1rios, sempre que sejam financiados pelo governo e tratem \u00e1reas cient\u00edficas sens\u00edveis.<\/p>\n<p>Criticado por alguns investigadores, que consideram a sua posi\u00e7\u00e3o demasiado restritiva, o perito riposta: \u201cN\u00e3o podem imaginar que trabalham isolados. N\u00e3o vivem numa ilha a fazer investiga\u00e7\u00e3o pura para o bem da humanidade.\u201d<\/p>\n<p>No que toca \u00e0 problem\u00e1tica do roubo de informa\u00e7\u00e3o confidencial, defende que toda a sociedade, e n\u00e3o apenas os pol\u00edticos, deve unir esfor\u00e7os para combater a amea\u00e7a.<\/p>\n<p>China como principal amea\u00e7a<\/p>\n<p>David Vigneault apontou a China como actual principal amea\u00e7a, afirmando que Pequim utiliza uma combina\u00e7\u00e3o de ataques inform\u00e1ticos, agentes infiltrados e recrutamento de pessoal universit\u00e1rio para obter informa\u00e7\u00e3o sobre tecnologias sens\u00edveis produzidas no Ocidente.<\/p>\n<p>O regime de <a href=\"https:\/\/www.publico.pt\/xi-jinping\" rel=\"nofollow noopener\" target=\"_blank\">Xi Jinping<\/a> decidiu investir em \u201ccapacidades assim\u00e9tricas\u201d para roubar o m\u00e1ximo de conhecimento t\u00e9cnico poss\u00edvel.<\/p>\n<p>\u201cO sistema est\u00e1 montado para, de forma muito sistem\u00e1tica, compreender os fins militares que essas inova\u00e7\u00f5es podem ter e depois coloc\u00e1-las em produ\u00e7\u00e3o para o Ex\u00e9rcito de Liberta\u00e7\u00e3o Popular\u201d, observou Vigneault, \u00e0 margem de uma confer\u00eancia sobre o tema, em Haia, esta semana.<\/p>\n<p>Segundo o especialista, a lideran\u00e7a chinesa tem seguido um longo programa de moderniza\u00e7\u00e3o militar, depois de ter ficado horrorizada com a facilidade com que o Ex\u00e9rcito norte-americano tomou controlo do Iraque em 2003.<\/p>\n<p>Acrescenta que, alheada de contratempos democr\u00e1ticos, como \u201cciclos eleitorais de quatro anos, [a China] tem a capacidade de abordar o assunto numa perspectiva de muito longo prazo\u201d.<\/p>\n<p>O CSIS concluiu que a <a href=\"https:\/\/www.publico.pt\/china\" rel=\"nofollow noopener\" target=\"_blank\">China<\/a> interferiu em duas elei\u00e7\u00f5es no Canad\u00e1, em 2019 e 2021. Na altura, as conclus\u00f5es desencadearam um esc\u00e2ndalo pol\u00edtico sobre se a ag\u00eancia tinha ou n\u00e3o alertado devidamente os respons\u00e1veis pol\u00edticos.<\/p>\n<p>R\u00fassia e o fracasso europeu na Ucr\u00e2nia<\/p>\n<p>Os sete anos que passou \u00e0 frente do CSIS foram marcados por uma evolu\u00e7\u00e3o do foco principal da ag\u00eancia, que derivou do terrorismo para a pol\u00edtica internacional entre grandes pot\u00eancias.<\/p>\n<p>O ex-director esteve no cargo durante o per\u00edodo que antecedeu o in\u00edcio da <a href=\"https:\/\/www.publico.pt\/guerra-ucrania\" rel=\"nofollow noopener\" target=\"_blank\">guerra na Ucr\u00e2nia<\/a>, em 2022, altura em que o Canad\u00e1 teve acesso a praticamente toda a informa\u00e7\u00e3o recolhida pelas ag\u00eancias dos EUA e do Reino Unido sobre os planos de Vladimir Putin. Vigneault descreveu a informa\u00e7\u00e3o recolhida como \u201cexcepcional\u201d e disse que, semanas antes de a invas\u00e3o se confirmar, restavam j\u00e1 poucas d\u00favidas de que viria a concretizar-se.<\/p>\n<p>Sugeriu ainda que, para al\u00e9m de n\u00e3o disporem do mesmo n\u00edvel de detalhe na informa\u00e7\u00e3o, o fracasso dos servi\u00e7os de seguran\u00e7a europeus em antecipar o ataque se deveu, pelo menos em parte, \u00e0 depend\u00eancia do petr\u00f3leo e g\u00e1s russos.<\/p>\n<p>O receio do \u201ccusto pol\u00edtico ou econ\u00f3mico de tentar diversificar antes de uma invas\u00e3o\u201d tornava mais f\u00e1cil e apelativo acreditar que a invas\u00e3o n\u00e3o aconteceria.<\/p>\n<p>\u201cVimos isso com a Alemanha, que mais tarde teve de <a href=\"https:\/\/www.publico.pt\/2022\/03\/30\/economia\/noticia\/alemanha-preparase-crise-energetica-admite-racionar-gas-natural-2000716\" rel=\"nofollow noopener\" target=\"_blank\">reorientar<\/a> grande parte do seu sector energ\u00e9tico\u201d, afirmou, acrescentando que as contrapartidas pol\u00edticas e econ\u00f3micas \u201ct\u00eam impacto na tomada de decis\u00e3o e na forma como se avalia a informa\u00e7\u00e3o.\u201d<\/p>\n<p>Quanto \u00e0 <a href=\"https:\/\/www.publico.pt\/2025\/03\/22\/mundo\/noticia\/conversa-anexacao-misterio-trump-obcecado-canada-2126754\" rel=\"nofollow noopener\" target=\"_blank\">ret\u00f3rica hostil<\/a> de Donald Trump em rela\u00e7\u00e3o ao Canad\u00e1, sobretudo ap\u00f3s o in\u00edcio do seu segundo mandato como Presidente dos EUA, Vigneault \u00e9 adepto do pragmatismo. Diz ser necess\u00e1rio identificar \u00e1reas em que a coopera\u00e7\u00e3o entre os dois pa\u00edses \u00e9 crucial e \u201cdesenvolver capacidades soberanas\u201d que permitam n\u00e3o depender de um aliado cada vez mais err\u00e1tico.<\/p>\n<p>\u201cNo mundo em que vivemos, e no mundo em que prevemos viver no futuro, os dados [pessoais] v\u00e3o ser absolutamente cr\u00edticos. Ent\u00e3o, como garantimos que temos um n\u00edvel de soberania sobre os nossos pr\u00f3prios dados para proteger os cidad\u00e3os e a seguran\u00e7a nacional?\u201d, questiona Vigneault, antes de esclarecer que a solu\u00e7\u00e3o passar\u00e1 por \u201cdesenvolver capacidades soberanas de <a href=\"https:\/\/www.publico.pt\/2022\/02\/15\/tecnologia\/noticia\/comissao-proteccao-dados-vai-investigar-uso-cloud-administracao-publica-1995625\" rel=\"nofollow noopener\" target=\"_blank\">cloud<\/a> [computa\u00e7\u00e3o em nuvem]\u201d, para que seja poss\u00edvel \u201ccontrolar a informa\u00e7\u00e3o e n\u00e3o ficar \u00e0 merc\u00ea de uma empresa que possa ter obriga\u00e7\u00f5es legais de partilhar esta informa\u00e7\u00e3o com os EUA.\u201d<\/p>\n","protected":false},"excerpt":{"rendered":"Ag\u00eancias de espionagem estrangeiras est\u00e3o actualmente focadas em infiltrar-se em universidades e empresas ocidentais, afirma o ex-director do&hellip;\n","protected":false},"author":2,"featured_media":179110,"comment_status":"","ping_status":"","sticky":false,"template":"","format":"standard","meta":{"footnotes":""},"categories":[50],"tags":[27,28,2965,358,1897,413,15,16,14,25,26,21,22,62,12,13,19,20,23,24,839,17,18,29,30,31,63,64,65],"class_list":{"0":"post-179109","1":"post","2":"type-post","3":"status-publish","4":"format-standard","5":"has-post-thumbnail","7":"category-mundo","8":"tag-breaking-news","9":"tag-breakingnews","10":"tag-canada","11":"tag-china","12":"tag-espionagem","13":"tag-eua","14":"tag-featured-news","15":"tag-featurednews","16":"tag-headlines","17":"tag-latest-news","18":"tag-latestnews","19":"tag-main-news","20":"tag-mainnews","21":"tag-mundo","22":"tag-news","23":"tag-noticias","24":"tag-noticias-principais","25":"tag-noticiasprincipais","26":"tag-principais-noticias","27":"tag-principaisnoticias","28":"tag-russia","29":"tag-top-stories","30":"tag-topstories","31":"tag-ultimas","32":"tag-ultimas-noticias","33":"tag-ultimasnoticias","34":"tag-world","35":"tag-world-news","36":"tag-worldnews"},"share_on_mastodon":{"url":"https:\/\/pubeurope.com\/@pt\/115679971562301902","error":""},"_links":{"self":[{"href":"https:\/\/www.europesays.com\/pt\/wp-json\/wp\/v2\/posts\/179109","targetHints":{"allow":["GET"]}}],"collection":[{"href":"https:\/\/www.europesays.com\/pt\/wp-json\/wp\/v2\/posts"}],"about":[{"href":"https:\/\/www.europesays.com\/pt\/wp-json\/wp\/v2\/types\/post"}],"author":[{"embeddable":true,"href":"https:\/\/www.europesays.com\/pt\/wp-json\/wp\/v2\/users\/2"}],"replies":[{"embeddable":true,"href":"https:\/\/www.europesays.com\/pt\/wp-json\/wp\/v2\/comments?post=179109"}],"version-history":[{"count":0,"href":"https:\/\/www.europesays.com\/pt\/wp-json\/wp\/v2\/posts\/179109\/revisions"}],"wp:featuredmedia":[{"embeddable":true,"href":"https:\/\/www.europesays.com\/pt\/wp-json\/wp\/v2\/media\/179110"}],"wp:attachment":[{"href":"https:\/\/www.europesays.com\/pt\/wp-json\/wp\/v2\/media?parent=179109"}],"wp:term":[{"taxonomy":"category","embeddable":true,"href":"https:\/\/www.europesays.com\/pt\/wp-json\/wp\/v2\/categories?post=179109"},{"taxonomy":"post_tag","embeddable":true,"href":"https:\/\/www.europesays.com\/pt\/wp-json\/wp\/v2\/tags?post=179109"}],"curies":[{"name":"wp","href":"https:\/\/api.w.org\/{rel}","templated":true}]}}