{"id":179113,"date":"2025-12-07T19:38:11","date_gmt":"2025-12-07T19:38:11","guid":{"rendered":"https:\/\/www.europesays.com\/pt\/179113\/"},"modified":"2025-12-07T19:38:11","modified_gmt":"2025-12-07T19:38:11","slug":"quem-vai-sair-fas-do-secret-story-nao-tem-duvidas-e-apontam-quem-querem-expulso-este-domingo-7-de-dezembro","status":"publish","type":"post","link":"https:\/\/www.europesays.com\/pt\/179113\/","title":{"rendered":"Quem vai sair? F\u00e3s do Secret Story n\u00e3o t\u00eam d\u00favidas e apontam quem querem expulso este domingo [7 de dezembro]"},"content":{"rendered":"<p>\t\t\t\t\t\t\t\t\t\t\t\t<a href=\"#\" onclick=\"window.open('http:\/\/www.facebook.com\/sharer.php?u=https:\/\/cusquices.com\/quem-vai-sair-fas-do-secret-story-nao-tem-duvidas-e-apontam-quem-querem-expulso-este-domingo-7-de-dezembro\/&amp;t=Quem vai sair? F\u00e3s do Secret Story n\u00e3o t\u00eam d\u00favidas e apontam quem querem expulso este domingo [7 de dezembro]', 'facebookShare', 'width=626,height=436'); return false;\" title=\"Share on Facebook\"><\/p>\n<p>Share<\/p>\n<p><\/a><br \/>\n\t\t\t\t\t\t\t\t\t\t\t\t<a href=\"#\" onclick=\"window.open('http:\/\/twitter.com\/share?text=Quem vai sair? F\u00e3s do Secret Story n\u00e3o t\u00eam d\u00favidas e apontam quem querem expulso este domingo [7 de dezembro] -&amp;url=https:\/\/cusquices.com\/quem-vai-sair-fas-do-secret-story-nao-tem-duvidas-e-apontam-quem-querem-expulso-este-domingo-7-de-dezembro\/', 'twitterShare', 'width=626,height=436'); return false;\" title=\"Tweet This Post\"><\/p>\n<p>Tweet<\/p>\n<p><\/a><br \/>\n\t\t\t\t\t\t\t\t\t\t\t\t<a href=\"whatsapp:\/\/send?text=Quem vai sair? F\u00e3s do Secret Story n\u00e3o t\u00eam d\u00favidas e apontam quem querem expulso este domingo [7 de dezembro] https:\/\/cusquices.com\/quem-vai-sair-fas-do-secret-story-nao-tem-duvidas-e-apontam-quem-querem-expulso-este-domingo-7-de-dezembro\/\" rel=\"nofollow\"><\/p>\n<p>Share<\/p>\n<p><\/a><br \/>\n\t\t\t\t\t\t\t\t\t\t\t\t<a href=\"#\" onclick=\"window.open('http:\/\/pinterest.com\/pin\/create\/button\/?url=https:\/\/cusquices.com\/quem-vai-sair-fas-do-secret-story-nao-tem-duvidas-e-apontam-quem-querem-expulso-este-domingo-7-de-dezembro\/&amp;media=https:\/\/cusquices.com\/wp-content\/uploads\/2025\/12\/nomeados-sstvi-1000x600.jpg&amp;description=Quem vai sair? F\u00e3s do Secret Story n\u00e3o t\u00eam d\u00favidas e apontam quem querem expulso este domingo [7 de dezembro]', 'pinterestShare', 'width=750,height=350'); return false;\" title=\"Pin This Post\"><\/p>\n<p>Share<\/p>\n<p><\/a><br \/>\n\t\t\t\t\t\t\t\t\t\t\t\t<a href=\"mailto:?subject=Quem vai sair? F\u00e3s do Secret Story n\u00e3o t\u00eam d\u00favidas e apontam quem querem expulso este domingo [7 de dezembro]&amp;BODY=I found this article interesting and thought of sharing it with you. Check it out: https:\/\/cusquices.com\/quem-vai-sair-fas-do-secret-story-nao-tem-duvidas-e-apontam-quem-querem-expulso-este-domingo-7-de-dezembro\/\"><\/p>\n<p>Email<\/p>\n<p><\/a><br \/>\n\t\t\t\t\t\t\t\t\t\t\t\t\t\t\t\t\t\t\t\t\t\t\t\t\t\t\t\t\t\t\t\t\t\t\t\t\t\t\t\t\t\t\t\t\t\t\t\t\t\t\t\t\t<a href=\"https:\/\/cusquices.com\/quem-vai-sair-fas-do-secret-story-nao-tem-duvidas-e-apontam-quem-querem-expulso-este-domingo-7-de-dezembro\/#respond\" rel=\"nofollow noopener\" target=\"_blank\"><\/p>\n<p>F\u00e3s do Secret Story n\u00e3o t\u00eam d\u00favidas e apontam quem querem ver fora da casa mais vigiada do pa\u00eds.<\/p>\n<p>Este domingo, 7 de dezembro,<strong>\u00a0Cristina Ferreira<\/strong>\u00a0conduz mais uma gala do Secret Story. A noite ser\u00e1 de expuls\u00e3o e a VOZ vai voltar a abrir as suas portas para a sa\u00edda de mais um concorrente. Em riso esta semana temos:\u00a0<strong>Bruna, Liliana, Marisa e Pedro.<\/strong><\/p>\n<p>A TVI j\u00e1 questionou os f\u00e3s do reality show \u2013\u00a0<strong>\u2018Quem vai sair?\u2019<\/strong>\u00a0\u2013 as rea\u00e7\u00f5es n\u00e3o tardaram e os f\u00e3s n\u00e3o t\u00eam d\u00favidas sobre quem querem ver fora da casa mais vigiada do pa\u00eds. <strong>Liliana <\/strong>\u00e9 o nome mais mencionado pelos f\u00e3s do reality show.<\/p>\n<p><strong>\u201cLiliana. Jogo sujo e baixo n\u00edvel! J\u00e1 chega produ\u00e7\u00e3o!!\u201d, \u201cVotar bruna para rua\u201d, \u201cEspero que saia a Liliana\u201d, \u201cRua com a Liliana! \u201c princesa dos dramas \u201c, \u201cPor mim Liliana! N\u00e3o gosto do jogo dela. S\u00f3 sabe gritar olhar ao espelho e perseguir o coitado do banana!\u201d, \u201cRua Liliana, \u00e1 muito que j\u00e1 devia ter sa\u00eddo!!\u201d, \u201cEspero que seja a Liliana est\u00e1 mesmo agora a dizer que vai piorar onde j\u00e1 se viu este mau exemplo para o que se v\u00ea s\u00f3 planta \u00f3dio na casa \u00e9 mesmo horr\u00edvel,rua.rua\u201d, \u201cRua Liliana , j\u00e1 n\u00e3o se suporta .\u201d,<\/strong> s\u00e3o apenas algumas das rea\u00e7\u00f5es que se pode ler na caixa de coment\u00e1rios.<\/p>\n<blockquote class=\"instagram-media\" data-instgrm-captioned=\"\" data-instgrm-permalink=\"https:\/\/www.instagram.com\/p\/DR7mBI2DGJi\/?utm_source=ig_embed&amp;utm_campaign=loading\" data-instgrm-version=\"14\" style=\" background:#FFF; border:0; border-radius:3px; box-shadow:0 0 1px 0 rgba(0,0,0,0.5),0 1px 10px 0 rgba(0,0,0,0.15); margin: 1px; max-width:540px; min-width:326px; padding:0; width:99.375%; width:-webkit-calc(100% - 2px); width:calc(100% - 2px);\"\/>\n<p><strong>Leia tamb\u00e9m:<\/strong><\/p>\n<p>\t\t\t\t\t\t\t\t\t\t\t\t\t\t\t\t\t\t\t\t\t\t\t\t\t<img decoding=\"async\" src=\"https:\/\/www.europesays.com\/pt\/wp-content\/uploads\/2025\/10\/cusquices-logo-52x.png\" class=\"webpexpress-processed\"\/><\/p>\n<p>\t\t\t\t\t\t\t\t\t\t\t\t\t\t\t\t\t\t\t\t\t            \t\t\t\t\t\t\t\t\t\t\t\t\t\t\t\t\t\t\t\t\t\t\t\t\t\t\t\t\t\t\t\t\t\t\t\t\t\t\t<script async src=\"https:\/\/platform.twitter.com\/widgets.js\" charset=\"utf-8\"><\/script><script async src=\"\/\/www.instagram.com\/embed.js\"><\/script><\/p>\n","protected":false},"excerpt":{"rendered":"Share Tweet Share Share Email F\u00e3s do Secret Story n\u00e3o t\u00eam d\u00favidas e apontam quem querem ver fora&hellip;\n","protected":false},"author":2,"featured_media":174410,"comment_status":"","ping_status":"","sticky":false,"template":"","format":"standard","meta":{"footnotes":""},"categories":[8],"tags":[27,28,2632,49,15,16,14,25,26,21,22,12,13,19,20,32,23,24,33,17,18,29,30,31],"class_list":{"0":"post-179113","1":"post","2":"type-post","3":"status-publish","4":"format-standard","5":"has-post-thumbnail","7":"category-principais-noticias","8":"tag-breaking-news","9":"tag-breakingnews","10":"tag-casa-dos-segredos","11":"tag-destaques","12":"tag-featured-news","13":"tag-featurednews","14":"tag-headlines","15":"tag-latest-news","16":"tag-latestnews","17":"tag-main-news","18":"tag-mainnews","19":"tag-news","20":"tag-noticias","21":"tag-noticias-principais","22":"tag-noticiasprincipais","23":"tag-portugal","24":"tag-principais-noticias","25":"tag-principaisnoticias","26":"tag-pt","27":"tag-top-stories","28":"tag-topstories","29":"tag-ultimas","30":"tag-ultimas-noticias","31":"tag-ultimasnoticias"},"share_on_mastodon":{"url":"https:\/\/pubeurope.com\/@pt\/115679979596614548","error":""},"_links":{"self":[{"href":"https:\/\/www.europesays.com\/pt\/wp-json\/wp\/v2\/posts\/179113","targetHints":{"allow":["GET"]}}],"collection":[{"href":"https:\/\/www.europesays.com\/pt\/wp-json\/wp\/v2\/posts"}],"about":[{"href":"https:\/\/www.europesays.com\/pt\/wp-json\/wp\/v2\/types\/post"}],"author":[{"embeddable":true,"href":"https:\/\/www.europesays.com\/pt\/wp-json\/wp\/v2\/users\/2"}],"replies":[{"embeddable":true,"href":"https:\/\/www.europesays.com\/pt\/wp-json\/wp\/v2\/comments?post=179113"}],"version-history":[{"count":0,"href":"https:\/\/www.europesays.com\/pt\/wp-json\/wp\/v2\/posts\/179113\/revisions"}],"wp:featuredmedia":[{"embeddable":true,"href":"https:\/\/www.europesays.com\/pt\/wp-json\/wp\/v2\/media\/174410"}],"wp:attachment":[{"href":"https:\/\/www.europesays.com\/pt\/wp-json\/wp\/v2\/media?parent=179113"}],"wp:term":[{"taxonomy":"category","embeddable":true,"href":"https:\/\/www.europesays.com\/pt\/wp-json\/wp\/v2\/categories?post=179113"},{"taxonomy":"post_tag","embeddable":true,"href":"https:\/\/www.europesays.com\/pt\/wp-json\/wp\/v2\/tags?post=179113"}],"curies":[{"name":"wp","href":"https:\/\/api.w.org\/{rel}","templated":true}]}}