{"id":179114,"date":"2025-12-07T19:39:29","date_gmt":"2025-12-07T19:39:29","guid":{"rendered":"https:\/\/www.europesays.com\/pt\/179114\/"},"modified":"2025-12-07T19:39:29","modified_gmt":"2025-12-07T19:39:29","slug":"thaila-ayala-mostra-detalhes-de-festa-de-aniversario-do-filho","status":"publish","type":"post","link":"https:\/\/www.europesays.com\/pt\/179114\/","title":{"rendered":"Thaila Ayala mostra detalhes de festa de anivers\u00e1rio do filho"},"content":{"rendered":"\n<p class=\" content-text__container \" data-track-category=\"Link no Texto\" data-track-links=\"\"> \u2014 Ele conheceu &#8220;Zootopia&#8221; h\u00e1 um ano e meio e \u00e9 obcecado. Muito legal como tudo foi acontecendo. Quem me acompanha sabe do amor dele pelo filme, j\u00e1 comprei tudo o que existe no mercado sobre o tema. Eu estou muito emocionada, como toda boa m\u00e3e. Eu que nunca tive festa de anivers\u00e1rio! \u00c9 a primeira vez que \u00e9 realizada uma festa com esse tema no Rio, foi tudo constru\u00eddo do zero \u2014 afirmou a atriz, que tamb\u00e9m \u00e9 m\u00e3e de Tereza, de 2 anos. <\/p>\n<p class=\" content-text__container \" data-track-category=\"Link no Texto\" data-track-links=\"\"> O v\u00eddeo tamb\u00e9m mostra Francisco com a madrinha, a atriz Fiorella Mattheis. Veja fotos abaixo: <\/p>\n","protected":false},"excerpt":{"rendered":"\u2014 Ele conheceu &#8220;Zootopia&#8221; h\u00e1 um ano e meio e \u00e9 obcecado. Muito legal como tudo foi acontecendo.&hellip;\n","protected":false},"author":2,"featured_media":179115,"comment_status":"","ping_status":"","sticky":false,"template":"","format":"standard","meta":{"footnotes":""},"categories":[145],"tags":[211,210,114,115,32,33,9266,679,36867],"class_list":{"0":"post-179114","1":"post","2":"type-post","3":"status-publish","4":"format-standard","5":"has-post-thumbnail","7":"category-celebridades","8":"tag-celebridades","9":"tag-celebrities","10":"tag-entertainment","11":"tag-entretenimento","12":"tag-portugal","13":"tag-pt","14":"tag-renato-goes","15":"tag-reportagem","16":"tag-thaila-ayala"},"share_on_mastodon":{"url":"https:\/\/pubeurope.com\/@pt\/115679983210393989","error":""},"_links":{"self":[{"href":"https:\/\/www.europesays.com\/pt\/wp-json\/wp\/v2\/posts\/179114","targetHints":{"allow":["GET"]}}],"collection":[{"href":"https:\/\/www.europesays.com\/pt\/wp-json\/wp\/v2\/posts"}],"about":[{"href":"https:\/\/www.europesays.com\/pt\/wp-json\/wp\/v2\/types\/post"}],"author":[{"embeddable":true,"href":"https:\/\/www.europesays.com\/pt\/wp-json\/wp\/v2\/users\/2"}],"replies":[{"embeddable":true,"href":"https:\/\/www.europesays.com\/pt\/wp-json\/wp\/v2\/comments?post=179114"}],"version-history":[{"count":0,"href":"https:\/\/www.europesays.com\/pt\/wp-json\/wp\/v2\/posts\/179114\/revisions"}],"wp:featuredmedia":[{"embeddable":true,"href":"https:\/\/www.europesays.com\/pt\/wp-json\/wp\/v2\/media\/179115"}],"wp:attachment":[{"href":"https:\/\/www.europesays.com\/pt\/wp-json\/wp\/v2\/media?parent=179114"}],"wp:term":[{"taxonomy":"category","embeddable":true,"href":"https:\/\/www.europesays.com\/pt\/wp-json\/wp\/v2\/categories?post=179114"},{"taxonomy":"post_tag","embeddable":true,"href":"https:\/\/www.europesays.com\/pt\/wp-json\/wp\/v2\/tags?post=179114"}],"curies":[{"name":"wp","href":"https:\/\/api.w.org\/{rel}","templated":true}]}}