{"id":179123,"date":"2025-12-07T19:51:13","date_gmt":"2025-12-07T19:51:13","guid":{"rendered":"https:\/\/www.europesays.com\/pt\/179123\/"},"modified":"2025-12-07T19:51:13","modified_gmt":"2025-12-07T19:51:13","slug":"suica-quer-osce-a-monitorizar-cessar-fogo-na-ucrania","status":"publish","type":"post","link":"https:\/\/www.europesays.com\/pt\/179123\/","title":{"rendered":"Su\u00ed\u00e7a quer OSCE a monitorizar cessar-fogo na Ucr\u00e2nia"},"content":{"rendered":"<p>        O ministro dos Neg\u00f3cios Estrangeiros da Su\u00ed\u00e7a defendeu que a Organiza\u00e7\u00e3o para a Seguran\u00e7a e Coopera\u00e7\u00e3o na Europa (OSCE) poder\u00e1 desempenhar um papel de monitoriza\u00e7\u00e3o de um cessar-fogo entre a R\u00fassia e a Ucr\u00e2nia.    <\/p>\n<p>O ministro dos Neg\u00f3cios Estrangeiros da Su\u00ed\u00e7a, Ignazio Cassis, defendeu que a Organiza\u00e7\u00e3o para a Seguran\u00e7a e Coopera\u00e7\u00e3o na Europa (OSCE) poder\u00e1 desempenhar um papel importante na monitoriza\u00e7\u00e3o de um cessar-fogo entre a R\u00fassia e a Ucr\u00e2nia. \u201cJ\u00e1 existem considera\u00e7\u00f5es concretas sobre este assunto: a Organiza\u00e7\u00e3o \u00e9 capaz de mobilizar dezenas de pessoas em per\u00edodos muito curtos. A OSCE poderia observar o cessar-fogo, monitorizar a linha de cessar-fogo, observar as elei\u00e7\u00f5es, etc.\u201d, disse Ignazio Cassis, em declara\u00e7\u00f5es ao jornal su\u00ed\u00e7o SonntagsBlick.<\/p>\n<p>No pr\u00f3ximo ano, a Su\u00ed\u00e7a vai presidir \u00e0 OSCE, organiza\u00e7\u00e3o fundada em 1975 para atenuar as tens\u00f5es entre o Oriente e o Ocidente durante a Guerra Fria, e que conta com 57 membros da Europa, \u00c1sia Central e Am\u00e9rica do Norte, incluindo os Estados Unidos da Am\u00e9rica, a Ucr\u00e2nia e a R\u00fassia.<\/p>\n<p>De acordo com o ministro dos Neg\u00f3cios Estrangeiros da Su\u00ed\u00e7a, \u201ca linha da frente estende-se atualmente por 1.300 quil\u00f3metros \u2013 a OSCE\u201d, que, \u201cpor si s\u00f3, \u00e9 demasiado pequena para monitorizar toda a sua extens\u00e3o\u201d, pelo que tal exigiria um compromisso significativo dos Estados participantes.<\/p>\n<p>Ignazio Cassis disse ainda que o Presidente norte-americano, Donald Trump, poder\u00e1 concluir rapidamente um acordo de cessar-fogo entre a R\u00fassia e a Ucr\u00e2nia. \u201cO meu objetivo \u00e9 que a OSCE esteja preparada. Assim que um acordo for alcan\u00e7ado, queremos poder (\u2026) come\u00e7ar a trabalhar\u201d, exp\u00f4s o ministro su\u00ed\u00e7o. O governante sugeriu que uma miss\u00e3o de investiga\u00e7\u00e3o poderia ser, inicialmente, enviada \u00e0 Ucr\u00e2nia para avaliar a situa\u00e7\u00e3o, a partir da qual a OSCE poderia iniciar rapidamente as etapas seguintes.<\/p>\n<p>A este prop\u00f3sito, o ministro dos Neg\u00f3cios Estrangeiros da Su\u00ed\u00e7a reconheceu que a R\u00fassia violou os princ\u00edpios fundamentais desta organiza\u00e7\u00e3o ao atacar o seu pa\u00eds vizinho, a Ucr\u00e2nia, em fevereiro de 2022. Apesar disso, a R\u00fassia n\u00e3o saiu da OSCE, nem foi exclu\u00edda, o que, na perspetiva de Ignazio Cassis, indica que esta organiza\u00e7\u00e3o internacional \u201ccontinua a ser importante para o di\u00e1logo com a R\u00fassia, mesmo que limitado\u201d.<\/p>\n<p>\u201cA OSCE deve estar pronta para agir assim que a oportunidade surgir, mesmo que, por enquanto, as possibilidades sejam limitadas\u201d, defendeu. Ap\u00f3s tr\u00eas dias de negocia\u00e7\u00f5es na Florida entre as autoridades ucranianas e norte-americanas, n\u00e3o houve avan\u00e7os significativos no s\u00e1bado.<\/p>\n<p>No entanto, o Presidente ucraniano, Volodymyr Zelensky, prometeu continuar as negocia\u00e7\u00f5es em busca de uma \u201cverdadeira paz\u201d, enquanto a R\u00fassia realizou novos ataques com drones e m\u00edsseis contra a Ucr\u00e2nia.<\/p>\n","protected":false},"excerpt":{"rendered":"O ministro dos Neg\u00f3cios Estrangeiros da Su\u00ed\u00e7a defendeu que a Organiza\u00e7\u00e3o para a Seguran\u00e7a e Coopera\u00e7\u00e3o na Europa&hellip;\n","protected":false},"author":2,"featured_media":179124,"comment_status":"","ping_status":"","sticky":false,"template":"","format":"standard","meta":{"footnotes":""},"categories":[50],"tags":[27,28,15,16,889,14,25,26,21,22,62,12,13,19,20,4488,23,24,839,5697,17,18,840,29,30,31,63,64,65],"class_list":{"0":"post-179123","1":"post","2":"type-post","3":"status-publish","4":"format-standard","5":"has-post-thumbnail","7":"category-mundo","8":"tag-breaking-news","9":"tag-breakingnews","10":"tag-featured-news","11":"tag-featurednews","12":"tag-guerra-na-ucrania","13":"tag-headlines","14":"tag-latest-news","15":"tag-latestnews","16":"tag-main-news","17":"tag-mainnews","18":"tag-mundo","19":"tag-news","20":"tag-noticias","21":"tag-noticias-principais","22":"tag-noticiasprincipais","23":"tag-osce","24":"tag-principais-noticias","25":"tag-principaisnoticias","26":"tag-russia","27":"tag-suica","28":"tag-top-stories","29":"tag-topstories","30":"tag-ucrania","31":"tag-ultimas","32":"tag-ultimas-noticias","33":"tag-ultimasnoticias","34":"tag-world","35":"tag-world-news","36":"tag-worldnews"},"share_on_mastodon":{"url":"https:\/\/pubeurope.com\/@pt\/115680030450055861","error":""},"_links":{"self":[{"href":"https:\/\/www.europesays.com\/pt\/wp-json\/wp\/v2\/posts\/179123","targetHints":{"allow":["GET"]}}],"collection":[{"href":"https:\/\/www.europesays.com\/pt\/wp-json\/wp\/v2\/posts"}],"about":[{"href":"https:\/\/www.europesays.com\/pt\/wp-json\/wp\/v2\/types\/post"}],"author":[{"embeddable":true,"href":"https:\/\/www.europesays.com\/pt\/wp-json\/wp\/v2\/users\/2"}],"replies":[{"embeddable":true,"href":"https:\/\/www.europesays.com\/pt\/wp-json\/wp\/v2\/comments?post=179123"}],"version-history":[{"count":0,"href":"https:\/\/www.europesays.com\/pt\/wp-json\/wp\/v2\/posts\/179123\/revisions"}],"wp:featuredmedia":[{"embeddable":true,"href":"https:\/\/www.europesays.com\/pt\/wp-json\/wp\/v2\/media\/179124"}],"wp:attachment":[{"href":"https:\/\/www.europesays.com\/pt\/wp-json\/wp\/v2\/media?parent=179123"}],"wp:term":[{"taxonomy":"category","embeddable":true,"href":"https:\/\/www.europesays.com\/pt\/wp-json\/wp\/v2\/categories?post=179123"},{"taxonomy":"post_tag","embeddable":true,"href":"https:\/\/www.europesays.com\/pt\/wp-json\/wp\/v2\/tags?post=179123"}],"curies":[{"name":"wp","href":"https:\/\/api.w.org\/{rel}","templated":true}]}}