{"id":179127,"date":"2025-12-07T19:54:08","date_gmt":"2025-12-07T19:54:08","guid":{"rendered":"https:\/\/www.europesays.com\/pt\/179127\/"},"modified":"2025-12-07T19:54:08","modified_gmt":"2025-12-07T19:54:08","slug":"danca-dos-famosos-define-campeao-hoje-entre-silvero-manu-e-wanessa-veja-notas-e-classificacao","status":"publish","type":"post","link":"https:\/\/www.europesays.com\/pt\/179127\/","title":{"rendered":"\u2018Dan\u00e7a dos Famosos\u2019: define campe\u00e3o hoje entre Silvero, Manu e Wanessa; veja notas e classifica\u00e7\u00e3o"},"content":{"rendered":"<p data-component-name=\"paragraph\" class=\"styles__ParagraphStyled-sc-6adecn-0 gsLklW  \">A<a href=\"https:\/\/www.estadao.com.br\/emais\/tv\/enquete-danca-dos-famosos-quem-deve-ganhar-entre-manu-bahtidao-silvero-pereira-e-wanessa-camargo-nprec\/\" target=\"_blank\" rel=\"nofollow noopener\" title=\"https:\/\/www.estadao.com.br\/emais\/tv\/enquete-danca-dos-famosos-quem-deve-ganhar-entre-manu-bahtidao-silvero-pereira-e-wanessa-camargo-nprec\/\"><strong> final <\/strong><\/a>da <a href=\"https:\/\/www.estadao.com.br\/tudo-sobre\/danca-dos-famosos\/\" target=\"_blank\" rel=\"nofollow noopener\" title=\"https:\/\/www.estadao.com.br\/tudo-sobre\/danca-dos-famosos\/\"><strong>Dan\u00e7a dos Famosos<\/strong><\/a> vai ao ar neste domingo, 7, no <a href=\"https:\/\/www.estadao.com.br\/tudo-sobre\/domingao-com-huck\/\" target=\"_blank\" rel=\"nofollow noopener\" title=\"https:\/\/www.estadao.com.br\/tudo-sobre\/domingao-com-huck\/\">Doming\u00e3o Com Huck<\/a>. <a href=\"https:\/\/www.estadao.com.br\/tudo-sobre\/manu-bahtidao\/\" target=\"_blank\" rel=\"nofollow noopener\" title=\"https:\/\/www.estadao.com.br\/tudo-sobre\/manu-bahtidao\/\"><strong>Manu Bahtid\u00e3o<\/strong><\/a>, <a href=\"https:\/\/www.estadao.com.br\/tudo-sobre\/silvero-pereira\/\" target=\"_blank\" rel=\"nofollow noopener\" title=\"https:\/\/www.estadao.com.br\/tudo-sobre\/silvero-pereira\/\"><strong>Silvero Pereira<\/strong><\/a> e <a href=\"https:\/\/www.estadao.com.br\/tudo-sobre\/wanessa-camargo\/\" target=\"_blank\" rel=\"nofollow noopener\" title=\"https:\/\/www.estadao.com.br\/tudo-sobre\/wanessa-camargo\/\"><strong>Wanessa Camargo<\/strong><\/a> disputam para saber quem ser\u00e1 o campe\u00e3o do quadro em <strong>2025<\/strong>. <\/p>\n<p>Al\u00e9m dos <a href=\"https:\/\/www.estadao.com.br\/cultura\/televisao\/danca-dos-famosos-define-finalistas-hoje-veja-classificacao-e-quem-sera-eliminado-nprec\/\" target=\"_blank\" rel=\"nofollow noopener\" title=\"https:\/\/www.estadao.com.br\/cultura\/televisao\/danca-dos-famosos-define-finalistas-hoje-veja-classificacao-e-quem-sera-eliminado-nprec\/\"><strong>finalistas<\/strong><\/a>, os outros <a href=\"https:\/\/www.estadao.com.br\/emais\/tv\/danca-dos-famosos-2025-veja-a-lista-completa-dos-participantes-nprec\/\" target=\"_blank\" rel=\"nofollow noopener\" title=\"https:\/\/www.estadao.com.br\/emais\/tv\/danca-dos-famosos-2025-veja-a-lista-completa-dos-participantes-nprec\/\"><strong>participantes<\/strong><\/a> do quadro tamb\u00e9m est\u00e3o presentes no palco do programa de <strong>hoje<\/strong>, exibido <strong>ao vivo<\/strong>.<\/p>\n<p>* Reportagem em atualiza\u00e7\u00e3o<\/p>\n<p><img  loading=\"lazy\" class=\"lazy-load-img\"\/><\/p>\n<p>Manu Bahtid\u00e3o, Silvero Pereira e Wanessa Camargo s\u00e3o entrevistados pelo humorista Rafael Portugal enquanto se preparavam para a final da &#8216;Dan\u00e7a dos Famosos&#8217;\u00a0Foto:  Reprodu\u00e7\u00e3o de &#8216;Dan\u00e7a dos Famosos&#8217; (2025)TV Globo<\/p>\n<p data-component-name=\"paragraph\" class=\"styles__ParagraphStyled-sc-6adecn-0 gsLklW  \">Na primeira parte do programa, o apresentador Luciano Huck destacou que os g\u00eaneros da final ser\u00e3o samba e valsa. O humorista Rafael Portugal realizou um sorteio para a ordem das apresenta\u00e7\u00f5es, definida da seguinte maneira:<\/p>\n<ol>\n<li class=\" \">Manu Bahtid\u00e3o<\/li>\n<li class=\" \">Silvero Pereira<\/li>\n<li class=\" \">Wanessa Camargo<\/li>\n<\/ol>\n<p data-component-name=\"paragraph\" class=\"styles__ParagraphStyled-sc-6adecn-0 gsLklW  \">Por conta da exibi\u00e7\u00e3o da \u00faltima rodada do Campeonato Brasileiro (<a href=\"https:\/\/www.estadao.com.br\/esportes\/futebol\/ao-vivo-santos-x-cruzeiro-brasileiro-serie-a-2025-futebol\/\" target=\"_blank\" rel=\"nofollow noopener\" title=\"https:\/\/www.estadao.com.br\/esportes\/futebol\/ao-vivo-santos-x-cruzeiro-brasileiro-serie-a-2025-futebol\/\">Santos e Cruzeiro<\/a> ser\u00e1 transmitido para S\u00e3o Paulo), o Doming\u00e3o encerrou sua primeira parte por volta das 15h30. A etapa final, com as apresenta\u00e7\u00f5es e avalia\u00e7\u00e3o dos jurados, tem in\u00edcio previsto para 18h10, <a href=\"https:\/\/gshow.globo.com\/tv\/domingao-com-huck\/danca-dos-famosos\/2025\/ao-vivo\/danca-dos-famosos-2025-veja-bastidores-e-tudo-o-que-rola-na-final-do-quadro-do-domingao-com-huck.ghtml\" target=\"_blank\" rel=\"nofollow noopener\" title=\"https:\/\/gshow.globo.com\/tv\/domingao-com-huck\/danca-dos-famosos\/2025\/ao-vivo\/danca-dos-famosos-2025-veja-bastidores-e-tudo-o-que-rola-na-final-do-quadro-do-domingao-com-huck.ghtml\">ao vivo<\/a>. <\/p>\n<p data-component-name=\"paragraph\" class=\"styles__ParagraphStyled-sc-6adecn-0 gsLklW  \">Ingrid Silva e Tati Machado, campe\u00e3 no \u00faltimo ano, s\u00e3o as convidadas que integram o j\u00fari da final, al\u00e9m dos tradicionais Carlinhos de Jesus, Ana Botafogo, Zebrinha e Milton Cunha.<\/p>\n<p>Classifica\u00e7\u00e3o anterior \u00e0 final da \u2018Dan\u00e7a dos Famosos\u2019 2025<\/p>\n<p data-component-name=\"paragraph\" class=\"styles__ParagraphStyled-sc-6adecn-0 gsLklW  \">Apesar de n\u00e3o ser considerada para a final, a fase anterior, que definiu os lugares na decis\u00e3o, foi cumulativa. <a href=\"https:\/\/www.estadao.com.br\/emais\/tv\/danca-dos-famosos-silvero-pereira-e-o-favorito-para-vencer-a-final-entenda-por-que-nprec\/\" target=\"_blank\" rel=\"nofollow noopener\" title=\"https:\/\/www.estadao.com.br\/emais\/tv\/danca-dos-famosos-silvero-pereira-e-o-favorito-para-vencer-a-final-entenda-por-que-nprec\/\">Silvero, considerado como favorito, ficou \u00e0 frente<\/a>, enquanto Wanessa e Manu tiveram apenas 0.1 ponto de diferen\u00e7a. <\/p>\n<ul>\n<li class=\" \">266,2 &#8211; Silvero Pereira e Tha\u00eds Sousa<\/li>\n<li class=\" \">265,5 &#8211; Wanessa Camargo e Diego Bas\u00edlio<\/li>\n<li class=\" \">265,4 &#8211; Manu Bahtid\u00e3o e Heron Leal<\/li>\n<\/ul>\n<p>Os participantes da \u2018Dan\u00e7a dos Famosos\u2019 2025<\/p>\n<p data-component-name=\"paragraph\" class=\"styles__ParagraphStyled-sc-6adecn-0 gsLklW  \">Relembre os outros 13 participantes da atra\u00e7\u00e3o que foram eliminados antes da final:<\/p>\n","protected":false},"excerpt":{"rendered":"A final da Dan\u00e7a dos Famosos vai ao ar neste domingo, 7, no Doming\u00e3o Com Huck. Manu Bahtid\u00e3o,&hellip;\n","protected":false},"author":2,"featured_media":179128,"comment_status":"","ping_status":"","sticky":false,"template":"","format":"standard","meta":{"footnotes":""},"categories":[145],"tags":[211,210,114,115,2732,32,33,117],"class_list":{"0":"post-179127","1":"post","2":"type-post","3":"status-publish","4":"format-standard","5":"has-post-thumbnail","7":"category-celebridades","8":"tag-celebridades","9":"tag-celebrities","10":"tag-entertainment","11":"tag-entretenimento","12":"tag-geral","13":"tag-portugal","14":"tag-pt","15":"tag-saude"},"share_on_mastodon":{"url":"https:\/\/pubeurope.com\/@pt\/115680042253646496","error":""},"_links":{"self":[{"href":"https:\/\/www.europesays.com\/pt\/wp-json\/wp\/v2\/posts\/179127","targetHints":{"allow":["GET"]}}],"collection":[{"href":"https:\/\/www.europesays.com\/pt\/wp-json\/wp\/v2\/posts"}],"about":[{"href":"https:\/\/www.europesays.com\/pt\/wp-json\/wp\/v2\/types\/post"}],"author":[{"embeddable":true,"href":"https:\/\/www.europesays.com\/pt\/wp-json\/wp\/v2\/users\/2"}],"replies":[{"embeddable":true,"href":"https:\/\/www.europesays.com\/pt\/wp-json\/wp\/v2\/comments?post=179127"}],"version-history":[{"count":0,"href":"https:\/\/www.europesays.com\/pt\/wp-json\/wp\/v2\/posts\/179127\/revisions"}],"wp:featuredmedia":[{"embeddable":true,"href":"https:\/\/www.europesays.com\/pt\/wp-json\/wp\/v2\/media\/179128"}],"wp:attachment":[{"href":"https:\/\/www.europesays.com\/pt\/wp-json\/wp\/v2\/media?parent=179127"}],"wp:term":[{"taxonomy":"category","embeddable":true,"href":"https:\/\/www.europesays.com\/pt\/wp-json\/wp\/v2\/categories?post=179127"},{"taxonomy":"post_tag","embeddable":true,"href":"https:\/\/www.europesays.com\/pt\/wp-json\/wp\/v2\/tags?post=179127"}],"curies":[{"name":"wp","href":"https:\/\/api.w.org\/{rel}","templated":true}]}}