{"id":179129,"date":"2025-12-07T20:00:08","date_gmt":"2025-12-07T20:00:08","guid":{"rendered":"https:\/\/www.europesays.com\/pt\/179129\/"},"modified":"2025-12-07T20:00:08","modified_gmt":"2025-12-07T20:00:08","slug":"fulham-x-crystal-palace-maisfutebol","status":"publish","type":"post","link":"https:\/\/www.europesays.com\/pt\/179129\/","title":{"rendered":"Fulham X Crystal Palace &#8211; Maisfutebol"},"content":{"rendered":"<ol>\n<li><a href=\"https:\/\/news.google.com\/rss\/articles\/CBMiXkFVX3lxTE5GN2M4X3NjVnZfbThrdVdJd0p0UnBCeWlHR0V5UkV4RzV6UWZtblp2OTNqa1l2S3E0dUl4SEpacTFxMEF1YjUyOGtpb2N0eUJUaGhxbV9CYnZHUE9jQ3c?oc=5\" target=\"_blank\" rel=\"nofollow noopener\">Fulham X Crystal Palace<\/a>&nbsp;&nbsp;Maisfutebol<\/li>\n<li><a href=\"https:\/\/news.google.com\/rss\/articles\/CBMi0AFBVV95cUxNTm1NUnNFQXJBN1BzS0VHYk5sNVBpNjBCaVJwaDVDelVwb3dLRkdfSkwzNFFtaXVhczNhcFZXWjZfMFFOQjFGRWR3a25Ib0ZIYlhZa3RnUjIwSXo4N2tDM1ZMdjdiekJoZ0ZTZ1NlcjlHOURDMWtueEpUY3VwSnVSbnF6VzlwVHhnSTJjdHpLaFBUY3ZKc08wbVVfV0hsWlpjb2dkaHc5MFFiR2dnMHNOdUQ3bmttX2RVaW1qczJ5bEUtVUEyV1ptSnZIUFp4cmpN?oc=5\" target=\"_blank\" rel=\"nofollow noopener\">Crystal Palace vence Fulham com gol no fim e segue na zona da Champions<\/a>&nbsp;&nbsp;UOL Not\u00edcias<\/li>\n<li><a href=\"https:\/\/news.google.com\/rss\/articles\/CBMivgFBVV95cUxNVkp3TjFrQnd3blN2VTExeXZXT0gtT2dHSGFfVHRmbktPLVNsTVQzMkZCNEEtM1pHY05nMGpDZW93eUNWcHNibGRiWldKZVoyUVp3ZkYtM24xMWNzMVU4OE4tVVU2dV9UY01fQ3VDbUNBdDMwR2M3SkNJV0xGNFUxZFBsQVZXSlRSR1NwMll6Z0tfc19fOHN2T3o2NVlka1lkdUJMTGt3alBobkVyUmFaTENORE03bk1NNVVwNzhR?oc=5\" target=\"_blank\" rel=\"nofollow noopener\">Fulham, de Marco Silva, perde ao `cair do pano` com Crystal Palace<\/a>&nbsp;&nbsp;RTP<\/li>\n<li><a href=\"https:\/\/news.google.com\/rss\/articles\/CBMirgFBVV95cUxOeVhRdS1lSDRRV3VrT0Nkb2dSQ04xek1tVEFTaXo3VWhDdkpoelVQMVdVdWo5LTB5LVE5MEkzc29ia2plMjUwcWVnTm1vMWpENHVFYXZqRDh1TzlyWFRRQWp3TlZNcXZEd3Z4NmN6dUZLRjExNXlIUTZtSHdsVG1EZE53Y2Z2ZEl5MmNOYlhnNjFISUE2WnFIOGlJVHdCZ3VtOFppWVI0aHJqR2ZzX2c?oc=5\" target=\"_blank\" rel=\"nofollow noopener\">An\u00e1lise da partida Fulham x Crystal Palace, 23h30 do dia 7 de dezembro: Depois da tempestade vem a tempestade.<\/a>&nbsp;&nbsp;Vietnam.vn<\/li>\n<li><a href=\"https:\/\/news.google.com\/rss\/articles\/CBMiuAFBVV95cUxQZF91UWRheFlzV1ZhaWJmd01qU3BDdXBFN09BV2Rla0hibW5PMkZYY0VjTjFvRmhXNW1XNmttVURaNFVKd2oyYlFWTVNxVzZBWFJyMnktMnhVMVdCTjhqZ1VIQjRRWVl4b1VadE81anBrdXdmQmp5a3daYWZnWWtiWkRUY2lPWVNDTlZHZWQtQXJyMk5pRldfZl93eWJHSC1DbFptcEV2Q1dPdnVpNXl4TF9uaXBDeVNY?oc=5\" target=\"_blank\" rel=\"nofollow noopener\">Fulham x Crystal Palace: onde assistir, hor\u00e1rio e escala\u00e7\u00f5es na Premier League<\/a>&nbsp;&nbsp;Revista PLACAR<\/li>\n<\/ol>\n","protected":false},"excerpt":{"rendered":"Fulham X Crystal Palace&nbsp;&nbsp;Maisfutebol Crystal Palace vence Fulham com gol no fim e segue na zona da Champions&nbsp;&nbsp;UOL&hellip;\n","protected":false},"author":2,"featured_media":23772,"comment_status":"","ping_status":"","sticky":false,"template":"","format":"standard","meta":{"footnotes":""},"categories":[87],"tags":[8322,135,3362,32,666,22641,33,47,134],"class_list":{"0":"post-179129","1":"post","2":"type-post","3":"status-publish","4":"format-standard","5":"has-post-thumbnail","7":"category-desporto","8":"tag-crystal-palace","9":"tag-desporto","10":"tag-fulham","11":"tag-portugal","12":"tag-premier-league","13":"tag-premier-league-2025-2026","14":"tag-pt","15":"tag-pura-paixao","16":"tag-sports"},"share_on_mastodon":{"url":"https:\/\/pubeurope.com\/@pt\/115680065968927477","error":""},"_links":{"self":[{"href":"https:\/\/www.europesays.com\/pt\/wp-json\/wp\/v2\/posts\/179129","targetHints":{"allow":["GET"]}}],"collection":[{"href":"https:\/\/www.europesays.com\/pt\/wp-json\/wp\/v2\/posts"}],"about":[{"href":"https:\/\/www.europesays.com\/pt\/wp-json\/wp\/v2\/types\/post"}],"author":[{"embeddable":true,"href":"https:\/\/www.europesays.com\/pt\/wp-json\/wp\/v2\/users\/2"}],"replies":[{"embeddable":true,"href":"https:\/\/www.europesays.com\/pt\/wp-json\/wp\/v2\/comments?post=179129"}],"version-history":[{"count":0,"href":"https:\/\/www.europesays.com\/pt\/wp-json\/wp\/v2\/posts\/179129\/revisions"}],"wp:featuredmedia":[{"embeddable":true,"href":"https:\/\/www.europesays.com\/pt\/wp-json\/wp\/v2\/media\/23772"}],"wp:attachment":[{"href":"https:\/\/www.europesays.com\/pt\/wp-json\/wp\/v2\/media?parent=179129"}],"wp:term":[{"taxonomy":"category","embeddable":true,"href":"https:\/\/www.europesays.com\/pt\/wp-json\/wp\/v2\/categories?post=179129"},{"taxonomy":"post_tag","embeddable":true,"href":"https:\/\/www.europesays.com\/pt\/wp-json\/wp\/v2\/tags?post=179129"}],"curies":[{"name":"wp","href":"https:\/\/api.w.org\/{rel}","templated":true}]}}