{"id":179134,"date":"2025-12-07T20:04:09","date_gmt":"2025-12-07T20:04:09","guid":{"rendered":"https:\/\/www.europesays.com\/pt\/179134\/"},"modified":"2025-12-07T20:04:09","modified_gmt":"2025-12-07T20:04:09","slug":"entrada-da-digi-provocou-abanao-no-mercado-das-telecomunicacoes","status":"publish","type":"post","link":"https:\/\/www.europesays.com\/pt\/179134\/","title":{"rendered":"Entrada da Digi provocou &#8220;aban\u00e3o&#8221; no mercado das telecomunica\u00e7\u00f5es"},"content":{"rendered":"<p>A chegada da operadora Digi a Portugal provocou mudan\u00e7as significativas no setor. A presidente da ANACOM, Sandra Maximiano, afirma que a entrada da nova operadora \u201cdeu um aban\u00e3o no mercado\u201d.<\/p>\n<p><a target=\"_blank\" href=\"https:\/\/www.europesays.com\/pt\/wp-content\/uploads\/2025\/12\/DIGI_Capa-1-720x405-1.jpg\" onclick=\"refreshIframe()\" class=\"foobox\"><img fetchpriority=\"high\" decoding=\"async\" src=\"https:\/\/www.europesays.com\/pt\/wp-content\/uploads\/2025\/12\/DIGI_Capa-1-720x405-1.jpg\" alt=\"Entrada da Digi provocou &quot;aban\u00e3o&quot; no mercado das telecomunica\u00e7\u00f5es\" width=\"720\" height=\"405\" class=\"aligncenter wp-image-1069226 size-full\"  \/><\/a><\/p>\n<p>Presen\u00e7a da Digi levou muitos consumidores a reverem as suas condi\u00e7\u00f5es de servi\u00e7o<\/p>\n<p>Segundo a respons\u00e1vel, a presen\u00e7a da Digi levou muitos consumidores a reverem as suas condi\u00e7\u00f5es de servi\u00e7o, conseguindo frequentemente pre\u00e7os mais baixos e melhorias nas condi\u00e7\u00f5es contratuais.<\/p>\n<p>Embora o efeito desta din\u00e2mica ainda n\u00e3o esteja totalmente refletido nas estat\u00edsticas oficiais, a presidente da ANACOM admite que a diminui\u00e7\u00e3o real de pre\u00e7os poder\u00e1 ser superior \u00e0quela detetada nos dados dispon\u00edveis.<\/p>\n<p><a target=\"_blank\" href=\"https:\/\/pplware.sapo.pt\/wp-content\/uploads\/2015\/04\/digi_carrinha_pplware-1.jpg\" onclick=\"refreshIframe()\" class=\"foobox\" rel=\"nofollow noopener\"><img loading=\"lazy\" decoding=\"async\" src=\"https:\/\/www.europesays.com\/pt\/wp-content\/uploads\/2025\/12\/digi_carrinha_pplware-1-720x405.jpg\" alt=\"Entrada da Digi provocou &quot;aban\u00e3o&quot; no mercado das telecomunica\u00e7\u00f5es\" width=\"720\" height=\"405\" class=\"aligncenter wp-image-1030633 size-medium\"  \/><\/a><\/p>\n<p>A concorr\u00eancia n\u00e3o se limitou apenas aos pre\u00e7os. A Digi tem investido em infraestruturas, nomeadamente em redes m\u00f3veis e esta\u00e7\u00f5es 5G, conseguindo alcan\u00e7ar j\u00e1 uma presen\u00e7a relevante em v\u00e1rias zonas do pa\u00eds. Este investimento tem pressionado os restantes operadores a responder, quer ao n\u00edvel comercial, quer no desenvolvimento das respetivas redes.<\/p>\n","protected":false},"excerpt":{"rendered":"A chegada da operadora Digi a Portugal provocou mudan\u00e7as significativas no setor. A presidente da ANACOM, Sandra Maximiano,&hellip;\n","protected":false},"author":2,"featured_media":179135,"comment_status":"","ping_status":"","sticky":false,"template":"","format":"standard","meta":{"footnotes":""},"categories":[83],"tags":[88,7513,89,90,32,33],"class_list":{"0":"post-179134","1":"post","2":"type-post","3":"status-publish","4":"format-standard","5":"has-post-thumbnail","7":"category-empresas","8":"tag-business","9":"tag-digi","10":"tag-economy","11":"tag-empresas","12":"tag-portugal","13":"tag-pt"},"share_on_mastodon":{"url":"https:\/\/pubeurope.com\/@pt\/115680081941230937","error":""},"_links":{"self":[{"href":"https:\/\/www.europesays.com\/pt\/wp-json\/wp\/v2\/posts\/179134","targetHints":{"allow":["GET"]}}],"collection":[{"href":"https:\/\/www.europesays.com\/pt\/wp-json\/wp\/v2\/posts"}],"about":[{"href":"https:\/\/www.europesays.com\/pt\/wp-json\/wp\/v2\/types\/post"}],"author":[{"embeddable":true,"href":"https:\/\/www.europesays.com\/pt\/wp-json\/wp\/v2\/users\/2"}],"replies":[{"embeddable":true,"href":"https:\/\/www.europesays.com\/pt\/wp-json\/wp\/v2\/comments?post=179134"}],"version-history":[{"count":0,"href":"https:\/\/www.europesays.com\/pt\/wp-json\/wp\/v2\/posts\/179134\/revisions"}],"wp:featuredmedia":[{"embeddable":true,"href":"https:\/\/www.europesays.com\/pt\/wp-json\/wp\/v2\/media\/179135"}],"wp:attachment":[{"href":"https:\/\/www.europesays.com\/pt\/wp-json\/wp\/v2\/media?parent=179134"}],"wp:term":[{"taxonomy":"category","embeddable":true,"href":"https:\/\/www.europesays.com\/pt\/wp-json\/wp\/v2\/categories?post=179134"},{"taxonomy":"post_tag","embeddable":true,"href":"https:\/\/www.europesays.com\/pt\/wp-json\/wp\/v2\/tags?post=179134"}],"curies":[{"name":"wp","href":"https:\/\/api.w.org\/{rel}","templated":true}]}}