{"id":179145,"date":"2025-12-07T20:14:22","date_gmt":"2025-12-07T20:14:22","guid":{"rendered":"https:\/\/www.europesays.com\/pt\/179145\/"},"modified":"2025-12-07T20:14:22","modified_gmt":"2025-12-07T20:14:22","slug":"cies-trubin-entre-os-guarda-redes-mais-valiosos-do-mundo","status":"publish","type":"post","link":"https:\/\/www.europesays.com\/pt\/179145\/","title":{"rendered":"CIES: Trubin entre os guarda-redes mais valiosos do mundo"},"content":{"rendered":"<p>O Observat\u00f3rio do Futebol (CIES) elaborou uma an\u00e1lise sobre os guarda-redes com os valores de mercado mais elevados em 67 ligas de todo o mundo e o benfiquista Anatoliy Trubin surge numa posi\u00e7\u00e3o de destaque.<\/p>\n<p>O ranking \u00e9 liderado pelo guarda-redes do Manchester City, Gianluigi Donnarumma, que est\u00e1 avaliado em 73,5 milh\u00f5es de euros. Bart Verbruggen, do Brighton (60,8 milh\u00f5es de euros), e Lucas Chevalier, do PSG (59,8 milh\u00f5es de euros), completam o p\u00f3dio.<\/p>\n<p>O quarto lugar \u00e9 ocupado por Robert S\u00e1nchez, do Chelsea, cujo valor de mercado est\u00e1 estimado em 45,5 milh\u00f5es de euros.<\/p>\n<p>\u00c9 no meio do top-10 que surge o guardi\u00e3o da baliza encarnada. O ucraniano Trubin ocupa o quinto lugar do ranking, avaliado em 45,2 milh\u00f5es de euros.\u00a0<\/p>\n<p>Segue-se na lista Mile Svilar, um jogador tamb\u00e9m conhecido no universo benfiquista. O guarda-redes s\u00e9rvio, que representou as \u00e1guias entre 2018 e 2022 at\u00e9 rumar \u00e0 Roma, onde joga atualmente, tem um valor de mercado estimado em 44 milh\u00f5es de euros, o que lhe vale a sexta posi\u00e7\u00e3o.<\/p>\n<p>O top-10 completa-se por Giorgi Mamardashvili, do Liverpool (43,1 milh\u00f5es de euros), \u00a0Caoimh\u00edn Kelleher, do Brentford (42 milh\u00f5es de euros), Marco Carnesecchi, da Atalanta (41,9 milh\u00f5es de euros) e Jonas Urbig, do Bayern Munique (38,6 milh\u00f5es de euros).<\/p>\n<blockquote class=\"twitter-tweet\">\n<p lang=\"en\">Top estimated transfer values, goalkeepers \ud83e\udde4<br \/>\ud83e\udd47 <a href=\"https:\/\/twitter.com\/hashtag\/GianluigiDonnarumma?src=hash&amp;ref_src=twsrc%5Etfw\" rel=\"nofollow noopener\" target=\"_blank\">#GianluigiDonnarumma<\/a> \ud83c\uddee\ud83c\uddf9 \u20ac73.5m<br \/>\ud83e\udd48 <a href=\"https:\/\/twitter.com\/hashtag\/BartVerbruggen?src=hash&amp;ref_src=twsrc%5Etfw\" rel=\"nofollow noopener\" target=\"_blank\">#BartVerbruggen<\/a> \ud83c\uddf3\ud83c\uddf1 \u20ac60.8m<br \/>\ud83e\udd49 <a href=\"https:\/\/twitter.com\/hashtag\/LucasChevalier?src=hash&amp;ref_src=twsrc%5Etfw\" rel=\"nofollow noopener\" target=\"_blank\">#LucasChevalier<\/a> \ud83c\uddeb\ud83c\uddf7 \u20ac59.8m<a href=\"https:\/\/twitter.com\/hashtag\/Sanchez?src=hash&amp;ref_src=twsrc%5Etfw\" rel=\"nofollow noopener\" target=\"_blank\">#Sanchez<\/a> \ud83c\uddea\ud83c\uddf8 <a href=\"https:\/\/twitter.com\/hashtag\/Trubin?src=hash&amp;ref_src=twsrc%5Etfw\" rel=\"nofollow noopener\" target=\"_blank\">#Trubin<\/a> \ud83c\uddfa\ud83c\udde6 <a href=\"https:\/\/twitter.com\/hashtag\/Svilar?src=hash&amp;ref_src=twsrc%5Etfw\" rel=\"nofollow noopener\" target=\"_blank\">#Svilar<\/a> \ud83c\uddf7\ud83c\uddf8 <a href=\"https:\/\/twitter.com\/hashtag\/Mamardashvili?src=hash&amp;ref_src=twsrc%5Etfw\" rel=\"nofollow noopener\" target=\"_blank\">#Mamardashvili<\/a> \ud83c\uddec\ud83c\uddea <a href=\"https:\/\/twitter.com\/hashtag\/Kelleher?src=hash&amp;ref_src=twsrc%5Etfw\" rel=\"nofollow noopener\" target=\"_blank\">#Kelleher<\/a> \ud83c\uddee\ud83c\uddea <a href=\"https:\/\/twitter.com\/hashtag\/Carnesecchi?src=hash&amp;ref_src=twsrc%5Etfw\" rel=\"nofollow noopener\" target=\"_blank\">#Carnesecchi<\/a> \ud83c\uddee\ud83c\uddf9 <a href=\"https:\/\/twitter.com\/hashtag\/Urbig?src=hash&amp;ref_src=twsrc%5Etfw\" rel=\"nofollow noopener\" target=\"_blank\">#Urbig<\/a> \ud83c\udde9\ud83c\uddea<br \/>More \ud83d\udc49 <a href=\"https:\/\/t.co\/7gBSrArARE\" rel=\"nofollow\">https:\/\/t.co\/7gBSrArARE<\/a> <a href=\"https:\/\/t.co\/aYTRrap0IN\" rel=\"nofollow\">pic.twitter.com\/aYTRrap0IN<\/a><\/p>\n<p> \u2014 CIES Football Obs (@CIES_Football)<br \/>\n  <a href=\"https:\/\/twitter.com\/CIES_Football\/status\/1997618337682206722?ref_src=twsrc%5Etfw\" rel=\"nofollow noopener\" target=\"_blank\">December 7, 2025<\/a>\n <\/p><\/blockquote>\n<p>                                <script async src=\"https:\/\/platform.twitter.com\/widgets.js\" charset=\"utf-8\"><\/script><\/p>\n","protected":false},"excerpt":{"rendered":"O Observat\u00f3rio do Futebol (CIES) elaborou uma an\u00e1lise sobre os guarda-redes com os valores de mercado mais elevados&hellip;\n","protected":false},"author":2,"featured_media":179104,"comment_status":"","ping_status":"","sticky":false,"template":"","format":"standard","meta":{"footnotes":""},"categories":[87],"tags":[51,28265,32625,135,8659,1189,46,26177,28266,32,33,47,134,13837],"class_list":{"0":"post-179145","1":"post","2":"type-post","3":"status-publish","4":"format-standard","5":"has-post-thumbnail","7":"category-desporto","8":"tag-benfica","9":"tag-cies","10":"tag-cies-observatorio-do-futebol","11":"tag-desporto","12":"tag-donnarumma","13":"tag-guarda-redes","14":"tag-maisfutebol","15":"tag-mile-svilar","16":"tag-observatorio-do-futebol","17":"tag-portugal","18":"tag-pt","19":"tag-pura-paixao","20":"tag-sports","21":"tag-trubin"},"share_on_mastodon":{"url":"https:\/\/pubeurope.com\/@pt\/115680121126530631","error":""},"_links":{"self":[{"href":"https:\/\/www.europesays.com\/pt\/wp-json\/wp\/v2\/posts\/179145","targetHints":{"allow":["GET"]}}],"collection":[{"href":"https:\/\/www.europesays.com\/pt\/wp-json\/wp\/v2\/posts"}],"about":[{"href":"https:\/\/www.europesays.com\/pt\/wp-json\/wp\/v2\/types\/post"}],"author":[{"embeddable":true,"href":"https:\/\/www.europesays.com\/pt\/wp-json\/wp\/v2\/users\/2"}],"replies":[{"embeddable":true,"href":"https:\/\/www.europesays.com\/pt\/wp-json\/wp\/v2\/comments?post=179145"}],"version-history":[{"count":0,"href":"https:\/\/www.europesays.com\/pt\/wp-json\/wp\/v2\/posts\/179145\/revisions"}],"wp:featuredmedia":[{"embeddable":true,"href":"https:\/\/www.europesays.com\/pt\/wp-json\/wp\/v2\/media\/179104"}],"wp:attachment":[{"href":"https:\/\/www.europesays.com\/pt\/wp-json\/wp\/v2\/media?parent=179145"}],"wp:term":[{"taxonomy":"category","embeddable":true,"href":"https:\/\/www.europesays.com\/pt\/wp-json\/wp\/v2\/categories?post=179145"},{"taxonomy":"post_tag","embeddable":true,"href":"https:\/\/www.europesays.com\/pt\/wp-json\/wp\/v2\/tags?post=179145"}],"curies":[{"name":"wp","href":"https:\/\/api.w.org\/{rel}","templated":true}]}}