{"id":179148,"date":"2025-12-07T20:17:08","date_gmt":"2025-12-07T20:17:08","guid":{"rendered":"https:\/\/www.europesays.com\/pt\/179148\/"},"modified":"2025-12-07T20:17:08","modified_gmt":"2025-12-07T20:17:08","slug":"que-raio-se-passa-na-apple-cnn-portugal","status":"publish","type":"post","link":"https:\/\/www.europesays.com\/pt\/179148\/","title":{"rendered":"Que raio se passa na Apple? &#8211; CNN Portugal"},"content":{"rendered":"<ol>\n<li><a href=\"https:\/\/news.google.com\/rss\/articles\/CBMipAFBVV95cUxQemdNQVVqbXhUbUxhcy1jWk1RNG94TVBOTWVKbEo1ZGlpSVg2VXZpN3lMT2FwMFI1ODJjbDc1SXhVbEhKNDdrMlA5TDMxa3VTNjktdERhS25lRm1wUGZrSjJVSVlXajZPbDIyem9IUmNnNmpCcnA3MzdORGRyWVpLQUZWd2g1bEJBSVFuRDlKbjRkQUtlVVNFUmNzZDgyc0F6dWk0UdIBqgFBVV95cUxNazVjSFRFNVN0MzQwT1o0cS1BMkxqYl90ZUJIZ2FMU1pHRXlTRXphX3VnVzVfWG9FZEM4aTE5Njd4bUFUa1VRVnktd0RNZTFvRFV6RkRvRVJGRWkzcm1Odlk4WGNwUnBVSExpNnFTbkt6andMOE1IVkN1aURwVEFSZ2dkMzdSODRYT2N6aTFYMFJQTlZhV2xyM1VQVE12NjZiYlp5WWJfMDZJQQ?oc=5\" target=\"_blank\" rel=\"nofollow noopener\">Que raio se passa na Apple?<\/a>&nbsp;&nbsp;CNN Portugal<\/li>\n<li><a href=\"https:\/\/news.google.com\/rss\/articles\/CBMi8gFBVV95cUxOeFNLcU9oM0VTVy1rcTN2Mk5xQ2c1RWpjeEZveHUxS1Y1VEJOSXV5REFJb0dQdUF5aGJ6NGZkRW1wM25mWDFaVUNVS21ZSDczZkRfSVZ2RnUzWTM4S2VFV1VzRmR3aWpwVWFmeVZRVWU5VWl2UEtRbGZ1S3g0MkFYZWlmdU04ckdJelF6REtyZHhsWlA4eHQ4RVBCNlNWNW9Jb25sOFB5V2ZBS2tCdTJ1WnZnbkZ0bkduTUkzYWNuVUhWX21CdG1MbjJ2NUQzYzk5a2lFYW5QUDE5NVA3YW9ZRzdfc3lKbGJzVzJqMmV1R3FOUdIBgAJBVV95cUxOT3pMckRqWVZDd2hjZThWSkdyR3JkNjZiQVBMQW5wdk82N1FFNGlFWnE2T1hiUExCV1NDcU56UVItZl84aWtWdllTMHJQcl9pTUpWa3NYdi1HTTJUcE9Ddjkta1ZmZ1o5NHpSVUhPSFFjUlU4TVU3Z0VNTUtSV2JvZU1XYURxb1VjWWhrNkhfTVFPdTcwZDZ3OEttcEtTa3g5cWRwNXJ6ZmIxemVMcEVXdl80LWRDTzBUZHEtampCTWcwcG03XzhZTWR0TE5ZcjBNbXk2UlFOdmt6bm8tLThBejNUaTY5Uy10c2JRWDZKNEFNc0NOOW1KQ2dFNXNNNV94?oc=5\" target=\"_blank\" rel=\"nofollow noopener\">Apple vive debandada in\u00e9dita de altos executivos: veja quem pode ser o pr\u00f3ximo a se demitir<\/a>&nbsp;&nbsp;O Globo<\/li>\n<li><a href=\"https:\/\/news.google.com\/rss\/articles\/CBMipAFBVV95cUxQVk5tOUI5cEZjNnc4N3p5dW0tR3V0TE1NRkNBUmtHNUpSdE9jU3VRTWJuWFNBN2ZPOHp6NEQ0NjRrMGhmc2dQbGFmQ2NoSHpuaVBIX2o4R280ZXY3dTVKc1RHdUVzTGZvNmg2TzQ4QW0tenozTXREb2tubmRfeGlWU1FPQmhRR19qVHAwZ1pYX1BmUnM4Q3ItLXlaalJaWWpuaEF0YdIBqgFBVV95cUxQaEZBd0gxemdFN1ZnNzRYSE1NekNyRlhrUHZMVUtpcDVIc3R0Ri1aSXZKNWNNSWJ3a0xLRzhjb0pXcnZjdnNTUHhEVUpxX2F0VEN0NlVtUmp5eE9FT2xTdGN4QWxNS1c2aGpiVmFiMnQ3VlBBd2l6QldFZkRqMkJLenZ1S3NJVm12ajM2dGotLW1UeE1qYVRac29oZTdFc0Q3TWtLWk1jVVFsdw?oc=5\" target=\"_blank\" rel=\"nofollow noopener\">Apple anuncia nova conselheira geral e reestrutura\u00e7\u00e3o executiva<\/a>&nbsp;&nbsp;InfoMoney<\/li>\n<li><a href=\"https:\/\/news.google.com\/rss\/articles\/CBMirwFBVV95cUxOaFpBaFNIVEJLSndzN05ydDg2VjhPemdma1BVOWYxT0VwZmlCelJHdWk2Wl84aGIzbVY5RFFkcnFqcTRsRE5EWW1ueXljUTM0clRQdVBISXlqaWtscmFmTnZKTzl0ekdkS241cHhEQ3JOWTg0ZldTN3J0aEstWFI0Y3BqZHpfZUtlT3FPRllzS2c4NDBmZFFhTEZacWRVWTdWSXlESkFhcHc1VlRZME1n0gGzAUFVX3lxTFBkWTVDVlZ2M3c3bVUtc3FpcHBIQU1iZ2J2ZUQtaEh6Vng2WGljbmhXRFQwckozaTJod29XNXR1dGVtUUZLOGd3UENkRGV3QlJVbzRqcW0yaFVyZzlRWlZ2alhWNG54Z3cwakJ3S1VhT2o0UVBwMjltT2xxVzc2ZG1NR3lNMWRjdk9RMmNFT0J5blRMRktlQVBLLTZvMGZnNG1LUzdLbGJfbGR0d0laZThORVFZ?oc=5\" target=\"_blank\" rel=\"nofollow noopener\">Apple anuncia a sa\u00edda da diretora jur\u00eddica e da chefe de pol\u00edticas sociais<\/a>&nbsp;&nbsp;Folha PE<\/li>\n<li><a href=\"https:\/\/news.google.com\/rss\/articles\/CBMimwFBVV95cUxOMFh5NjMxSHJOMGZlRTVVR3hhT053cHV1RnN5X05GT1VVMnROOWNuY0dtZnpWdmxBSUROX2xKUGVOd2pjZzhGTVNaOUpMUzRxQzJRT2dSMmVhN25xbE5zZG1RMGR1X2dzSGxpZTFvMGV6MUtDeGl4bGRGaTZ6NklCUTNuYU8tYzRUREhVUzZfd0RoUFRhcU9WcFJzTQ?oc=5\" target=\"_blank\" rel=\"nofollow noopener\">O que a Siri tem a ver com a sa\u00edda do chefe de IA da Apple?<\/a>&nbsp;&nbsp;Fast Company Brasil<\/li>\n<\/ol>\n","protected":false},"excerpt":{"rendered":"Que raio se passa na Apple?&nbsp;&nbsp;CNN Portugal Apple vive debandada in\u00e9dita de altos executivos: veja quem pode ser&hellip;\n","protected":false},"author":2,"featured_media":179149,"comment_status":"","ping_status":"","sticky":false,"template":"","format":"standard","meta":{"footnotes":""},"categories":[84],"tags":[609,836,611,247,36870,27,109,107,108,607,608,333,832,604,135,610,476,301,830,414,603,570,831,833,62,834,13,835,602,52,32,33,105,103,104,106,110,5006,29,36871],"class_list":{"0":"post-179148","1":"post","2":"type-post","3":"status-publish","4":"format-standard","5":"has-post-thumbnail","7":"category-ciencia-e-tecnologia","8":"tag-alerta","9":"tag-analise","10":"tag-ao-minuto","11":"tag-apple","12":"tag-apple-ia","13":"tag-breaking-news","14":"tag-ciencia","15":"tag-ciencia-e-tecnologia","16":"tag-cienciaetecnologia","17":"tag-cnn","18":"tag-cnn-portugal","19":"tag-comentadores","20":"tag-costa","21":"tag-crime","22":"tag-desporto","23":"tag-direto","24":"tag-economia","25":"tag-governo","26":"tag-guerra","27":"tag-ia","28":"tag-justica","29":"tag-live","30":"tag-mais-vistas","31":"tag-marcelo","32":"tag-mundo","33":"tag-negocios","34":"tag-noticias","35":"tag-opiniao","36":"tag-pais","37":"tag-politica","38":"tag-portugal","39":"tag-pt","40":"tag-science","41":"tag-science-and-technology","42":"tag-scienceandtechnology","43":"tag-technology","44":"tag-tecnologia","45":"tag-tim-cook","46":"tag-ultimas","47":"tag-vendas-iphone"},"share_on_mastodon":{"url":"https:\/\/pubeurope.com\/@pt\/115680132671044737","error":""},"_links":{"self":[{"href":"https:\/\/www.europesays.com\/pt\/wp-json\/wp\/v2\/posts\/179148","targetHints":{"allow":["GET"]}}],"collection":[{"href":"https:\/\/www.europesays.com\/pt\/wp-json\/wp\/v2\/posts"}],"about":[{"href":"https:\/\/www.europesays.com\/pt\/wp-json\/wp\/v2\/types\/post"}],"author":[{"embeddable":true,"href":"https:\/\/www.europesays.com\/pt\/wp-json\/wp\/v2\/users\/2"}],"replies":[{"embeddable":true,"href":"https:\/\/www.europesays.com\/pt\/wp-json\/wp\/v2\/comments?post=179148"}],"version-history":[{"count":0,"href":"https:\/\/www.europesays.com\/pt\/wp-json\/wp\/v2\/posts\/179148\/revisions"}],"wp:featuredmedia":[{"embeddable":true,"href":"https:\/\/www.europesays.com\/pt\/wp-json\/wp\/v2\/media\/179149"}],"wp:attachment":[{"href":"https:\/\/www.europesays.com\/pt\/wp-json\/wp\/v2\/media?parent=179148"}],"wp:term":[{"taxonomy":"category","embeddable":true,"href":"https:\/\/www.europesays.com\/pt\/wp-json\/wp\/v2\/categories?post=179148"},{"taxonomy":"post_tag","embeddable":true,"href":"https:\/\/www.europesays.com\/pt\/wp-json\/wp\/v2\/tags?post=179148"}],"curies":[{"name":"wp","href":"https:\/\/api.w.org\/{rel}","templated":true}]}}