{"id":179156,"date":"2025-12-07T20:29:10","date_gmt":"2025-12-07T20:29:10","guid":{"rendered":"https:\/\/www.europesays.com\/pt\/179156\/"},"modified":"2025-12-07T20:29:10","modified_gmt":"2025-12-07T20:29:10","slug":"gp-abu-dhabi-f1-max-verstappen-agora-das-me-esse-sorriso-estupido","status":"publish","type":"post","link":"https:\/\/www.europesays.com\/pt\/179156\/","title":{"rendered":"GP Abu Dhabi F1, Max Verstappen: \u201cAgora d\u00e1s-me esse sorriso est\u00fapido\u201d"},"content":{"rendered":"<p>Max Verstappen respondeu de forma contundente a uma quest\u00e3o feita por um jornalista na confer\u00eancia de imprensa final. Confrontado novamente com o incidente de Barcelona com George Russell, Verstappen n\u00e3o foi direto na sua resposta.<\/p>\n<p>Nas voltas finais do GP de Espanha de 2025, Verstappen e Russell chegaram \u00e0 Curva 1 a lutar pela mesma posi\u00e7\u00e3o, com o neerland\u00eas a sair largo pela escapat\u00f3ria e a regressar \u00e0 pista ainda \u00e0 frente do Mercedes, situa\u00e7\u00e3o que levou a equipa e os comiss\u00e1rios a entenderem que tinha ganho vantagem ao sair dos limites da pista. <\/p>\n<p>A Red Bull ent\u00e3o indicou a Verstappen que devolvesse a posi\u00e7\u00e3o, e ele abrandou claramente na aproxima\u00e7\u00e3o \u00e0 Curva 5, dando a impress\u00e3o de que ia deixar Russell passar, mas, no momento em que o Mercedes se colocou ao lado e ligeiramente \u00e0 frente, o Red Bull voltou a acelerar e houve contacto lateral entre os dois carros, algo considerado pelos comiss\u00e1rios como uma manobra err\u00e1tica e evit\u00e1vel, raz\u00e3o pela qual o piloto da Red Bull foi considerado totalmente respons\u00e1vel e recebeu a penaliza\u00e7\u00e3o de 10 segundos. Sem essa penaliza\u00e7\u00e3o, Max Verstappen teria sido campe\u00e3o hoje. <\/p>\n<p>Questionado sobre o que pensa agora do incidente, Verstappen usou a sua postura agressiva em pista para responder:<\/p>\n<p>\u201cEsqueces-te de todas as outras coisas que aconteceram na minha \u00e9poca. A \u00fanica coisa que refere \u00e9 o Barcelona. Eu sabia que isto ia acontecer. Agora est\u00e1s a olhar para mim com esse sorriso est\u00fapido. Faz parte das corridas. Vivemos e aprendemos. O campeonato \u00e9 ganho ap\u00f3s 24 rondas. Tamb\u00e9m tive muitos presentes de Natal antecipados na segunda metade do ano.\u201d<\/p>\n<blockquote class=\"twitter-tweet\" data-media-max-width=\"560\">\n<p lang=\"en\" dir=\"ltr\">Max Verstappen on spain<\/p>\n<p>&#8220;U forget all the other stuff that happened in my season u only mention Barcelona. I knew that would come. U giving me a stupid grin now what. Its part of racing wdc is won over 24 races.&#8221;<a href=\"https:\/\/t.co\/TRgS5km83Z\" rel=\"nofollow\">pic.twitter.com\/TRgS5km83Z<\/a><\/p>\n<p>\u2014 \ud83e\udd8b \u200f\u0644\u0648\u0631\u0627 (@formuLau16) <a href=\"https:\/\/twitter.com\/formuLau16\/status\/1997704271534629246?ref_src=twsrc%5Etfw\" rel=\"nofollow noopener\" target=\"_blank\">December 7, 2025<\/a><\/p>\n<\/blockquote>\n<p>\t\t\t<script async src=\"https:\/\/platform.twitter.com\/widgets.js\" charset=\"utf-8\"><\/script><\/p>\n","protected":false},"excerpt":{"rendered":"Max Verstappen respondeu de forma contundente a uma quest\u00e3o feita por um jornalista na confer\u00eancia de imprensa final.&hellip;\n","protected":false},"author":2,"featured_media":179157,"comment_status":"","ping_status":"","sticky":false,"template":"","format":"standard","meta":{"footnotes":""},"categories":[87],"tags":[135,970,971,36188,1750,718,32,33,134],"class_list":{"0":"post-179156","1":"post","2":"type-post","3":"status-publish","4":"format-standard","5":"has-post-thumbnail","7":"category-desporto","8":"tag-desporto","9":"tag-f1","10":"tag-formula-1","11":"tag-gp-abu-dhabi","12":"tag-max-verstappen","13":"tag-newsletter","14":"tag-portugal","15":"tag-pt","16":"tag-sports"},"share_on_mastodon":{"url":"https:\/\/pubeurope.com\/@pt\/115680179971084579","error":""},"_links":{"self":[{"href":"https:\/\/www.europesays.com\/pt\/wp-json\/wp\/v2\/posts\/179156","targetHints":{"allow":["GET"]}}],"collection":[{"href":"https:\/\/www.europesays.com\/pt\/wp-json\/wp\/v2\/posts"}],"about":[{"href":"https:\/\/www.europesays.com\/pt\/wp-json\/wp\/v2\/types\/post"}],"author":[{"embeddable":true,"href":"https:\/\/www.europesays.com\/pt\/wp-json\/wp\/v2\/users\/2"}],"replies":[{"embeddable":true,"href":"https:\/\/www.europesays.com\/pt\/wp-json\/wp\/v2\/comments?post=179156"}],"version-history":[{"count":0,"href":"https:\/\/www.europesays.com\/pt\/wp-json\/wp\/v2\/posts\/179156\/revisions"}],"wp:featuredmedia":[{"embeddable":true,"href":"https:\/\/www.europesays.com\/pt\/wp-json\/wp\/v2\/media\/179157"}],"wp:attachment":[{"href":"https:\/\/www.europesays.com\/pt\/wp-json\/wp\/v2\/media?parent=179156"}],"wp:term":[{"taxonomy":"category","embeddable":true,"href":"https:\/\/www.europesays.com\/pt\/wp-json\/wp\/v2\/categories?post=179156"},{"taxonomy":"post_tag","embeddable":true,"href":"https:\/\/www.europesays.com\/pt\/wp-json\/wp\/v2\/tags?post=179156"}],"curies":[{"name":"wp","href":"https:\/\/api.w.org\/{rel}","templated":true}]}}