{"id":179161,"date":"2025-12-07T20:34:08","date_gmt":"2025-12-07T20:34:08","guid":{"rendered":"https:\/\/www.europesays.com\/pt\/179161\/"},"modified":"2025-12-07T20:34:08","modified_gmt":"2025-12-07T20:34:08","slug":"esta-forte-moscovo-elogia-documento-da-administracao-trump-que-aponta-apagamento-da-europa","status":"publish","type":"post","link":"https:\/\/www.europesays.com\/pt\/179161\/","title":{"rendered":"&#8220;Est\u00e1 forte&#8221;. Moscovo elogia documento da Administra\u00e7\u00e3o Trump que aponta apagamento da Europa"},"content":{"rendered":"<p>                S\u00e3o ideias que o Kremlin afirmou este domingo partilhar, cimentando uma sociedade que durante a Administra\u00e7\u00e3o de Joe Biden poucos diriam prov\u00e1vel, mas que muitos adivinhavam desde a elei\u00e7\u00e3o de Donald Trump.<br \/>\n          <img decoding=\"async\" itemprop=\"image\" class=\"img-fluid\"   src=\"https:\/\/www.europesays.com\/pt\/wp-content\/uploads\/2025\/12\/b7e14633bc06349b59899d3506134bd3_N.jpg\"\/><\/p>\n<p><b>As 33 p\u00e1ginas do<a href=\"https:\/\/www.rtp.pt\/noticias\/mundo\/administracao-trump-aponta-ao-apagamento-civilizacional-da-europa_n1702775\" target=\"_blank\" rel=\"nofollow noopener\"> texto atualizado da Estrat\u00e9gia de Seguran\u00e7a Nacional dos Estados Unidos<\/a> divulgadas no final da semana geraram fortes cr\u00edticas dos parceiros europeus face ao diagn\u00f3stico negativo que a Administra\u00e7\u00e3o americana faz do Velho Continente<\/b>.Pelo contr\u00e1rio, as primeiras rea\u00e7\u00f5es a Leste deixadas por Dmitry Peskov assinalam um caminho que est\u00e1 a ser feito de forma positiva, no sentido das ideias russas.<\/p>\n<p>Se o documento \u00e9 duro em rela\u00e7\u00e3o aos parceiros europeus, em rela\u00e7\u00e3o \u00e0 R\u00fassia de Vladimir Putin \u2013 a R\u00fassia que invadiu a Ucr\u00e2nia e que a anterior Administra\u00e7\u00e3o Biden via como inimigo a abater \u2013 <b>Donald Trump deixa-a fora do pacote dos pa\u00edses inimigos<\/b>. <\/p>\n<p>Como se as palavras do documento fossem o rastro amig\u00e1vel deixado pelos momentos que partilhou com Putin numa base americana do Alasca em meados de agosto passado, quando lhe estendeu uma passadeira vermelha \u00e0 sa\u00edda do avi\u00e3o, gesto que foi sublinhado pela comunidade internacional com surpresa, num omento em que se procurava uma solu\u00e7\u00e3o para a guerra da Ucr\u00e2nia que n\u00e3o deixa-se Kiev desamparada face a Moscovo.<\/p>\n<p>&#13;<br \/>\nPara baralhar e simultaneamente esclarecer a situa\u00e7\u00e3o, <b>Trump refere no texto que a falta de confian\u00e7a europeia \u00e9 vis\u00edvel sobretudo \u201cna rela\u00e7\u00e3o (\u2026) com a R\u00fassia\u201d<\/b>.Muito devido \u00e0 guerra na Ucr\u00e2nia, as rela\u00e7\u00f5es dos europeus est\u00e3o \u201cprofundamente deterioradas\u201d e muitos europeus veem na R\u00fassia \u201cuma amea\u00e7a existencial\u201d.&#13;<br \/>\n&#13;\n<\/p>\n<p>\nOs norte-americanos acusam ainda a Uni\u00e3o Europeia de bloquear os esfor\u00e7os dos Estados Unidos para acabar com o conflito na Ucr\u00e2nia, s<b>ublinhando que Washington deve \u201crestabelecer uma estrat\u00e9gia para a R\u00fassia\u201d, o que, por seu lado, \u201cestabilizaria as economias europeias\u201d<\/b>.O antigo primeiro-ministro sueco Carl Bildt escreveu que o documento \u201cse coloca \u00e0 direita da extrema-direita\u201d.<\/p>\n<p>O documento n\u00e3o esconde o primado afirmado por Donald Trump desde a sua primeira elei\u00e7\u00e3o para a Casa Branca: \u201cA Am\u00e9rica primeiro\u201d. E o presidente polaco, Donald Tusk, j\u00e1 veio dizer numa publica\u00e7\u00e3o nas redes sociais que dirige aos seus \u201camigos americanos\u201d que \u201ca Europa \u00e9 o vosso aliado mais pr\u00f3ximo, n\u00e3o o vosso problema\u201d. <\/p>\n<p><b>&#13;<br \/>\nDonald Tusk destacou aqui os \u201cinimigos comuns\u201d. \u201cEsta \u00e9 a \u00fanica estrat\u00e9gia razo\u00e1vel para a nossa seguran\u00e7a comum\u201d, propugnou, deixando uma ressalva: \u201ca n\u00e3o ser que algo tenha mudado\u201d<\/b>.<\/p>\n<p>A governa\u00e7\u00e3o norte-americana voltou neste texto a olhar para a Europa. Parece ter acontecido aqui um segundo epis\u00f3dio da saga iniciada pelo vice-presidente J.D. Vance, quando numa viagem em fevereiro deste ano a Munique deixou cr\u00edticas que soaram a raspanete pelas pol\u00edticas demasiado permissivas dos europeus em rela\u00e7\u00e3o \u00e0 imigra\u00e7\u00e3o e demasiado restritivas quanto aos discursos de \u00f3dio, deixando a ideia de uma censura \u00e0s manifesta\u00e7\u00f5es mais desabridas de certas correntes de extrema-direita.Democratas no Congresso j\u00e1 alertaram que o documento poder\u00e1 colocar em causa as rela\u00e7\u00f5es externas dos Estados Unidos. O democrata Jason Crow fala em estrat\u00e9gia \u201ccatastr\u00f3fica para a posi\u00e7\u00e3o da Am\u00e9rica no mundo\u201d. Gregory Meeks diz que o texto \u201cdescarta d\u00e9cadas de lideran\u00e7a norte-americana baseada em valores\u201d.<\/p>\n<p>O documento, assinado pelo punho do pr\u00f3prio presidente, retomou os temas trazidos por Vance para o cora\u00e7\u00e3o da Europa h\u00e1 dez meses e alerta para algumas quest\u00f5es que se colocam \u00e0s lideran\u00e7as europeias. <b>Acena, por exemplo, com pol\u00edticas migrat\u00f3rias da Uni\u00e3o Europeia que estar\u00e3o a \u201ctransformar o continente\u201d ou a ascens\u00e3o dos \u201cpartidos patri\u00f3ticos europeus\u201d<\/b>.<br \/>&#13;<br \/>\n<b><br \/>&#13;<br \/>\nA Administra\u00e7\u00e3o Trump avisa para o cen\u00e1rio de um continente &#8220;irreconhec\u00edvel em 20 anos ou menos\u201d, caso n\u00e3o consiga essas quest\u00f5es, mas n\u00e3o s\u00f3, tamb\u00e9m os problemas problemas econ\u00f3micos<\/b>. Mas n\u00e3o se fica por aqui e aponta ainda quest\u00f5es relacionadas com \u201ctaxas de natalidade em queda livre e perda de identidades nacionais e de autoconfian\u00e7a\u201d, estas muito ligadas aos fluxos migrat\u00f3rios que, em termos internos, sabemos que Trump procura tratar com m\u00e3o de ferro.<br \/>&#13;<\/p>\n","protected":false},"excerpt":{"rendered":"S\u00e3o ideias que o Kremlin afirmou este domingo partilhar, cimentando uma sociedade que durante a Administra\u00e7\u00e3o de Joe&hellip;\n","protected":false},"author":2,"featured_media":179162,"comment_status":"","ping_status":"","sticky":false,"template":"","format":"standard","meta":{"footnotes":""},"categories":[50],"tags":[15994,27,28,92,235,26456,445,15,16,14,6164,25,26,21,22,62,12,13,19,20,3281,23,24,839,17,18,840,29,30,31,2415,63,64,65],"class_list":{"0":"post-179161","1":"post","2":"type-post","3":"status-publish","4":"format-standard","5":"has-post-thumbnail","7":"category-mundo","8":"tag-administracao","9":"tag-breaking-news","10":"tag-breakingnews","11":"tag-donald-trump","12":"tag-estados-unidos","13":"tag-estrategia","14":"tag-europa","15":"tag-featured-news","16":"tag-featurednews","17":"tag-headlines","18":"tag-kremlin","19":"tag-latest-news","20":"tag-latestnews","21":"tag-main-news","22":"tag-mainnews","23":"tag-mundo","24":"tag-news","25":"tag-noticias","26":"tag-noticias-principais","27":"tag-noticiasprincipais","28":"tag-presidente","29":"tag-principais-noticias","30":"tag-principaisnoticias","31":"tag-russia","32":"tag-top-stories","33":"tag-topstories","34":"tag-ucrania","35":"tag-ultimas","36":"tag-ultimas-noticias","37":"tag-ultimasnoticias","38":"tag-vladimir-putin","39":"tag-world","40":"tag-world-news","41":"tag-worldnews"},"share_on_mastodon":{"url":"","error":"Validation failed: Text character limit of 500 exceeded"},"_links":{"self":[{"href":"https:\/\/www.europesays.com\/pt\/wp-json\/wp\/v2\/posts\/179161","targetHints":{"allow":["GET"]}}],"collection":[{"href":"https:\/\/www.europesays.com\/pt\/wp-json\/wp\/v2\/posts"}],"about":[{"href":"https:\/\/www.europesays.com\/pt\/wp-json\/wp\/v2\/types\/post"}],"author":[{"embeddable":true,"href":"https:\/\/www.europesays.com\/pt\/wp-json\/wp\/v2\/users\/2"}],"replies":[{"embeddable":true,"href":"https:\/\/www.europesays.com\/pt\/wp-json\/wp\/v2\/comments?post=179161"}],"version-history":[{"count":0,"href":"https:\/\/www.europesays.com\/pt\/wp-json\/wp\/v2\/posts\/179161\/revisions"}],"wp:featuredmedia":[{"embeddable":true,"href":"https:\/\/www.europesays.com\/pt\/wp-json\/wp\/v2\/media\/179162"}],"wp:attachment":[{"href":"https:\/\/www.europesays.com\/pt\/wp-json\/wp\/v2\/media?parent=179161"}],"wp:term":[{"taxonomy":"category","embeddable":true,"href":"https:\/\/www.europesays.com\/pt\/wp-json\/wp\/v2\/categories?post=179161"},{"taxonomy":"post_tag","embeddable":true,"href":"https:\/\/www.europesays.com\/pt\/wp-json\/wp\/v2\/tags?post=179161"}],"curies":[{"name":"wp","href":"https:\/\/api.w.org\/{rel}","templated":true}]}}