{"id":179172,"date":"2025-12-07T20:50:18","date_gmt":"2025-12-07T20:50:18","guid":{"rendered":"https:\/\/www.europesays.com\/pt\/179172\/"},"modified":"2025-12-07T20:50:18","modified_gmt":"2025-12-07T20:50:18","slug":"cerca-de-uma-centena-de-voluntarios-procurou-idosa-desaparecida-na-feira","status":"publish","type":"post","link":"https:\/\/www.europesays.com\/pt\/179172\/","title":{"rendered":"Cerca de uma centena de volunt\u00e1rios procurou idosa desaparecida na Feira"},"content":{"rendered":"<p data-remotead-prev-elm=\"true\" data-remotead-elm-id=\"inread\">A mobiliza\u00e7\u00e3o popular surgiu na sequ\u00eancia de um apelo lan\u00e7ado nas redes sociais. Cerca de uma centena de volunt\u00e1rios juntou-se aos familiares nas dilig\u00eancias realizadas entre as 9 horas e o final da manh\u00e3. J\u00e1 durante a tarde, um grupo de familiares e amigos pr\u00f3ximos manteve as buscas at\u00e9 ao in\u00edcio do anoitecer.<\/p>\n<p>Apesar dos esfor\u00e7os, o paradeiro de L\u00edgia da Silva Terra Oliveira continua desconhecido. C\u00e2maras de videovigil\u00e2ncia do supermercado Mercadona, situado a cerca de 200 metros do hospital, tinham registado a presen\u00e7a da idosa nas imedia\u00e7\u00f5es.<\/p>\n<p>Ainda no dia do desaparecimento, fonte hospitalar confirmou ao JN que as imagens internas permitiram verificar a sa\u00edda da utente, tendo sido de imediato acionado o protocolo previsto para estas situa\u00e7\u00f5es, incluindo a participa\u00e7\u00e3o \u00e0s autoridades.<\/p>\n<p data-remotead-prev-elm=\"true\" data-remotead-elm-id=\"centro1\"><img decoding=\"async\" class=\"ngx-body\" guid=\"ff41d460-c73d-4e97-9301-efd66532f2db\" src=\"https:\/\/www.europesays.com\/pt\/wp-content\/uploads\/2025\/12\/1765140618_581_image.webp\" width=\"100%\"\/>L\u00edgia Oliveira est\u00e1 desaparecida desde 26 de novembro<\/p>\n<p>Residente em Oliveira de Azem\u00e9is, a idosa sofre de lapsos de mem\u00f3ria, confus\u00e3o mental e desorienta\u00e7\u00e3o. No momento do desaparecimento, encontrava-se sem identifica\u00e7\u00e3o pessoal, telem\u00f3vel ou dinheiro. Tem 1,57 metros de altura e olhos claros.<\/p>\n<p>Qualquer informa\u00e7\u00e3o poder\u00e1 ser comunicada \u00e0 PSP, \u00e0 GNR ou atrav\u00e9s do n\u00famero 913 529 386.<\/p>\n","protected":false},"excerpt":{"rendered":"A mobiliza\u00e7\u00e3o popular surgiu na sequ\u00eancia de um apelo lan\u00e7ado nas redes sociais. Cerca de uma centena de&hellip;\n","protected":false},"author":2,"featured_media":179173,"comment_status":"","ping_status":"","sticky":false,"template":"","format":"standard","meta":{"footnotes":""},"categories":[10],"tags":[27,28,6031,20984,27443,15,16,14,7896,25,26,21,22,12,13,19,20,32,23,24,33,17,18,29,30,31],"class_list":{"0":"post-179172","1":"post","2":"type-post","3":"status-publish","4":"format-standard","5":"has-post-thumbnail","7":"category-portugal","8":"tag-breaking-news","9":"tag-breakingnews","10":"tag-buscas","11":"tag-concelho-santa-maria-da-feira","12":"tag-desaparecida","13":"tag-featured-news","14":"tag-featurednews","15":"tag-headlines","16":"tag-idosa","17":"tag-latest-news","18":"tag-latestnews","19":"tag-main-news","20":"tag-mainnews","21":"tag-news","22":"tag-noticias","23":"tag-noticias-principais","24":"tag-noticiasprincipais","25":"tag-portugal","26":"tag-principais-noticias","27":"tag-principaisnoticias","28":"tag-pt","29":"tag-top-stories","30":"tag-topstories","31":"tag-ultimas","32":"tag-ultimas-noticias","33":"tag-ultimasnoticias"},"share_on_mastodon":{"url":"https:\/\/pubeurope.com\/@pt\/115680262797509011","error":""},"_links":{"self":[{"href":"https:\/\/www.europesays.com\/pt\/wp-json\/wp\/v2\/posts\/179172","targetHints":{"allow":["GET"]}}],"collection":[{"href":"https:\/\/www.europesays.com\/pt\/wp-json\/wp\/v2\/posts"}],"about":[{"href":"https:\/\/www.europesays.com\/pt\/wp-json\/wp\/v2\/types\/post"}],"author":[{"embeddable":true,"href":"https:\/\/www.europesays.com\/pt\/wp-json\/wp\/v2\/users\/2"}],"replies":[{"embeddable":true,"href":"https:\/\/www.europesays.com\/pt\/wp-json\/wp\/v2\/comments?post=179172"}],"version-history":[{"count":0,"href":"https:\/\/www.europesays.com\/pt\/wp-json\/wp\/v2\/posts\/179172\/revisions"}],"wp:featuredmedia":[{"embeddable":true,"href":"https:\/\/www.europesays.com\/pt\/wp-json\/wp\/v2\/media\/179173"}],"wp:attachment":[{"href":"https:\/\/www.europesays.com\/pt\/wp-json\/wp\/v2\/media?parent=179172"}],"wp:term":[{"taxonomy":"category","embeddable":true,"href":"https:\/\/www.europesays.com\/pt\/wp-json\/wp\/v2\/categories?post=179172"},{"taxonomy":"post_tag","embeddable":true,"href":"https:\/\/www.europesays.com\/pt\/wp-json\/wp\/v2\/tags?post=179172"}],"curies":[{"name":"wp","href":"https:\/\/api.w.org\/{rel}","templated":true}]}}