{"id":179186,"date":"2025-12-07T21:04:08","date_gmt":"2025-12-07T21:04:08","guid":{"rendered":"https:\/\/www.europesays.com\/pt\/179186\/"},"modified":"2025-12-07T21:04:08","modified_gmt":"2025-12-07T21:04:08","slug":"criancas-presas-dentro-de-jipe-que-atravessava-rio-em-sao-pedro-da-cova","status":"publish","type":"post","link":"https:\/\/www.europesays.com\/pt\/179186\/","title":{"rendered":"Crian\u00e7as presas dentro de jipe que atravessava rio em S\u00e3o Pedro da Cova"},"content":{"rendered":"<p data-remotead-prev-elm=\"true\" data-remotead-elm-id=\"inread\">Ao JN, fonte dos Bombeiros de S. Pedro da Cova referiu que &#8220;a corrente \u00e9 forte e o acesso \u00e9 dif\u00edcil&#8221;. O jipe estava a atravessar o rio.<\/p>\n<p>O alerta foi dado \u00e0s 19 horas e o carro, que j\u00e1 foi ancorado, est\u00e1 localizado na \u00e1gua, no lugar de Couce. A crian\u00e7a mais velha tem 10 anos.<\/p>\n<p>No local est\u00e3o v\u00e1rias ambul\u00e2ncias e equipas de resgate. No total, h\u00e1 14 ve\u00edculos e 35 operacionais para o socorro.<\/p>\n","protected":false},"excerpt":{"rendered":"Ao JN, fonte dos Bombeiros de S. Pedro da Cova referiu que &#8220;a corrente \u00e9 forte e o&hellip;\n","protected":false},"author":2,"featured_media":179187,"comment_status":"","ping_status":"","sticky":false,"template":"","format":"standard","meta":{"footnotes":""},"categories":[10],"tags":[59,27,28,19453,15,16,14,25,26,21,22,12,13,19,20,32,23,24,33,17,18,29,30,31],"class_list":{"0":"post-179186","1":"post","2":"type-post","3":"status-publish","4":"format-standard","5":"has-post-thumbnail","7":"category-portugal","8":"tag-acidente","9":"tag-breaking-news","10":"tag-breakingnews","11":"tag-concelho-gondomar","12":"tag-featured-news","13":"tag-featurednews","14":"tag-headlines","15":"tag-latest-news","16":"tag-latestnews","17":"tag-main-news","18":"tag-mainnews","19":"tag-news","20":"tag-noticias","21":"tag-noticias-principais","22":"tag-noticiasprincipais","23":"tag-portugal","24":"tag-principais-noticias","25":"tag-principaisnoticias","26":"tag-pt","27":"tag-top-stories","28":"tag-topstories","29":"tag-ultimas","30":"tag-ultimas-noticias","31":"tag-ultimasnoticias"},"share_on_mastodon":{"url":"https:\/\/pubeurope.com\/@pt\/115680317603098512","error":""},"_links":{"self":[{"href":"https:\/\/www.europesays.com\/pt\/wp-json\/wp\/v2\/posts\/179186","targetHints":{"allow":["GET"]}}],"collection":[{"href":"https:\/\/www.europesays.com\/pt\/wp-json\/wp\/v2\/posts"}],"about":[{"href":"https:\/\/www.europesays.com\/pt\/wp-json\/wp\/v2\/types\/post"}],"author":[{"embeddable":true,"href":"https:\/\/www.europesays.com\/pt\/wp-json\/wp\/v2\/users\/2"}],"replies":[{"embeddable":true,"href":"https:\/\/www.europesays.com\/pt\/wp-json\/wp\/v2\/comments?post=179186"}],"version-history":[{"count":0,"href":"https:\/\/www.europesays.com\/pt\/wp-json\/wp\/v2\/posts\/179186\/revisions"}],"wp:featuredmedia":[{"embeddable":true,"href":"https:\/\/www.europesays.com\/pt\/wp-json\/wp\/v2\/media\/179187"}],"wp:attachment":[{"href":"https:\/\/www.europesays.com\/pt\/wp-json\/wp\/v2\/media?parent=179186"}],"wp:term":[{"taxonomy":"category","embeddable":true,"href":"https:\/\/www.europesays.com\/pt\/wp-json\/wp\/v2\/categories?post=179186"},{"taxonomy":"post_tag","embeddable":true,"href":"https:\/\/www.europesays.com\/pt\/wp-json\/wp\/v2\/tags?post=179186"}],"curies":[{"name":"wp","href":"https:\/\/api.w.org\/{rel}","templated":true}]}}