{"id":17919,"date":"2025-08-06T03:52:09","date_gmt":"2025-08-06T03:52:09","guid":{"rendered":"https:\/\/www.europesays.com\/pt\/17919\/"},"modified":"2025-08-06T03:52:09","modified_gmt":"2025-08-06T03:52:09","slug":"virginia-fonseca-ganha-relogio-de-r-184-mil-com-recado-misterioso-zoeira","status":"publish","type":"post","link":"https:\/\/www.europesays.com\/pt\/17919\/","title":{"rendered":"Virginia Fonseca ganha rel\u00f3gio de R$ 184 mil com recado misterioso &#8211; Zoeira"},"content":{"rendered":"<p>A viagem de <a href=\"https:\/\/diariodonordeste.verdesmares.com.br\/entretenimento\/zoeira\/virginia-fonseca-posa-na-porta-de-jatinho-e-alfineta-quem-a-critica-nao-e-facil-ser-braba-1.3670014\" rel=\"nofollow noopener\" target=\"_blank\"><strong>Virginia Fonseca<\/strong><\/a> aos Emirados \u00c1rabes Unidos est\u00e1 rendendo bem mais do que fotos paradis\u00edacas e passeios tur\u00edsticos. Durante sua estadia em <strong>Dubai<\/strong>, a influenciadora digital foi surpreendida com um <strong>presente de luxo<\/strong>: um <strong>rel\u00f3gio avaliado em R$ 184 mil.<\/strong><\/p>\n<p>Trata-se de um <strong>Rolex Lady-Datejust<\/strong>, um dos modelos mais cl\u00e1ssicos da grife su\u00ed\u00e7a. A pe\u00e7a, de 28 mm, \u00e9 confeccionada em a\u00e7o Oystersteel e <strong>ouro ros\u00e9<\/strong>, com mostrador em madrep\u00e9rola e <strong>cravejada de diamantes<\/strong>. Virginia compartilhou o momento com os seguidores e definiu o presente em uma palavra: \u201c<strong>Perfeito<\/strong>&#8220;.\u00a0<\/p>\n<p>\t\t\t\tVeja tamb\u00e9m<\/p>\n<p>O rel\u00f3gio chegou acompanhado de um <strong>bilhete<\/strong>, sem qualquer identifica\u00e7\u00e3o do remetente. A mensagem, com tom rom\u00e2ntico, dizia:\u00a0&#8220;Te envio esse rel\u00f3gio como um lembrete simples: o tempo n\u00e3o apaga tudo, mas coloca tudo no lugar. Que ele te acompanhe com leveza e que, a cada hora, te lembre que dias melhores sempre chegam. Com carinho.&#8221;<\/p>\n<p>A surpresa aumentou ainda mais o mist\u00e9rio iniciado logo na chegada da influenciadora ao hotel em Dubai, quando ela recebeu um<strong> buqu\u00ea com 500 rosas-vermelhas<\/strong>. Pouco depois, f\u00e3s passaram a especular a identidade do poss\u00edvel <strong>admirador<\/strong> <strong>secreto<\/strong>. Um <strong>sheik \u00e1rabe<\/strong>, seguido por Virginia no Instagram, foi apontado como o autor dos gestos luxuosos.<\/p>\n","protected":false},"excerpt":{"rendered":"A viagem de Virginia Fonseca aos Emirados \u00c1rabes Unidos est\u00e1 rendendo bem mais do que fotos paradis\u00edacas e&hellip;\n","protected":false},"author":2,"featured_media":17920,"comment_status":"","ping_status":"","sticky":false,"template":"","format":"standard","meta":{"footnotes":""},"categories":[145],"tags":[2397,211,210,114,115,32,33],"class_list":{"0":"post-17919","1":"post","2":"type-post","3":"status-publish","4":"format-standard","5":"has-post-thumbnail","7":"category-celebridades","8":"tag-artes-cultura-e-entretenimento","9":"tag-celebridades","10":"tag-celebrities","11":"tag-entertainment","12":"tag-entretenimento","13":"tag-portugal","14":"tag-pt"},"share_on_mastodon":{"url":"","error":""},"_links":{"self":[{"href":"https:\/\/www.europesays.com\/pt\/wp-json\/wp\/v2\/posts\/17919","targetHints":{"allow":["GET"]}}],"collection":[{"href":"https:\/\/www.europesays.com\/pt\/wp-json\/wp\/v2\/posts"}],"about":[{"href":"https:\/\/www.europesays.com\/pt\/wp-json\/wp\/v2\/types\/post"}],"author":[{"embeddable":true,"href":"https:\/\/www.europesays.com\/pt\/wp-json\/wp\/v2\/users\/2"}],"replies":[{"embeddable":true,"href":"https:\/\/www.europesays.com\/pt\/wp-json\/wp\/v2\/comments?post=17919"}],"version-history":[{"count":0,"href":"https:\/\/www.europesays.com\/pt\/wp-json\/wp\/v2\/posts\/17919\/revisions"}],"wp:featuredmedia":[{"embeddable":true,"href":"https:\/\/www.europesays.com\/pt\/wp-json\/wp\/v2\/media\/17920"}],"wp:attachment":[{"href":"https:\/\/www.europesays.com\/pt\/wp-json\/wp\/v2\/media?parent=17919"}],"wp:term":[{"taxonomy":"category","embeddable":true,"href":"https:\/\/www.europesays.com\/pt\/wp-json\/wp\/v2\/categories?post=17919"},{"taxonomy":"post_tag","embeddable":true,"href":"https:\/\/www.europesays.com\/pt\/wp-json\/wp\/v2\/tags?post=17919"}],"curies":[{"name":"wp","href":"https:\/\/api.w.org\/{rel}","templated":true}]}}