{"id":179191,"date":"2025-12-07T21:10:11","date_gmt":"2025-12-07T21:10:11","guid":{"rendered":"https:\/\/www.europesays.com\/pt\/179191\/"},"modified":"2025-12-07T21:10:11","modified_gmt":"2025-12-07T21:10:11","slug":"fernanda-paes-leme-expoe-alvaro-e-o-faz-mudar-de-voto-no-domingao","status":"publish","type":"post","link":"https:\/\/www.europesays.com\/pt\/179191\/","title":{"rendered":"Fernanda Paes Leme \u201cexp\u00f5e\u201d \u00c1lvaro e o faz mudar de voto no Doming\u00e3o"},"content":{"rendered":"<p data-start=\"229\" data-end=\"480\">A primeira parte do <a href=\"https:\/\/natelinha.uol.com.br\/televisao\/programas\/domingao\" rel=\"nofollow noopener\" target=\"_blank\">Doming\u00e3o com Huck<\/a> exibida neste domingo (7) dedicou-se a premiar momentos da temporada da Dan\u00e7a dos Famosos. Na categoria Biscoiteiro, o influencer <a href=\"https:\/\/natelinha.uol.com.br\/famosos\/tudo-sobre\/alvaro\" rel=\"nofollow noopener\" target=\"_blank\">\u00c1lvaro<\/a> mudou seu voto ap\u00f3s uma interven\u00e7\u00e3o de <a href=\"https:\/\/natelinha.uol.com.br\/famosos\/tudo-sobre\/fernanda-paes-leme\" rel=\"nofollow noopener\" target=\"_blank\">Fernanda Paes Leme<\/a> durante a vota\u00e7\u00e3o.<\/p>\n<p data-start=\"482\" data-end=\"761\">O apresentador Luciano Huck chamou aten\u00e7\u00e3o para a demora de \u00c1lvaro em decidir seu voto. \u201c\u00c1lvaro, voc\u00ea n\u00e3o votou at\u00e9 agora\u201d, afirmou.<\/p>\n<p data-start=\"482\" data-end=\"761\">O influencer respondeu que \u201cestou indeciso. \u00c9 muito gostoso junto, Luciano\u201d, enquanto Huck pediu que os participantes levantassem suas plaquinhas.<\/p>\n<p data-start=\"482\" data-end=\"761\">+\u00a0<a href=\"https:\/\/natelinha.uol.com.br\/televisao\/2025\/10\/24\/lucas-leto-o-sardinha-de-vale-tudo-sofre-acidente-de-carro-no-rio-saiba-detalhes-232999.php\" target=\"_blank\" rel=\"noopener noreferrer nofollow\">Lucas Leto, o Sardinha de Vale Tudo, sofre acidente de carro no Rio; saiba detalhes<\/a><\/p>\n<p data-start=\"763\" data-end=\"1085\">Fernanda Paes Leme afirmou saber qual seria a escolha do influencer. \u201cEu sei em quem ele vai votar\u201d, disse. Huck perguntou: \u201cEm quem, Fepa?\u201d. A apresentadora respondeu: \u201cAcho que no Lucas\u201d.<\/p>\n<p data-start=\"763\" data-end=\"1085\">\u00c1lvaro ent\u00e3o revelou que pretendia votar em Rodrigo Faro, afirmando: \u201cEu ia no Faro\u201d. Surpresa, Fernanda perguntou: \u201cVoc\u00ea vai no Faro?\u201d. Em seguida, o influencer levantou a placa em apoio a Lucas Leto, que foi o vencedor da categoria.<\/p>\n<p>Beijo entre \u00c1lvaro e Lucas Leto<\/p>\n<p><img decoding=\"async\" loading=\"lazy\" class=\"horizontal\" src=\"https:\/\/www.europesays.com\/pt\/wp-content\/uploads\/2025\/12\/globo-danca-dos-famosos-lucas-leto_4844.jpeg\" alt=\"Fernanda Paes Leme \u201cexp\u00f5e\u201d \u00c1lvaro e o faz mudar de voto no Doming\u00e3o\"\/><\/p>\n<p data-start=\"763\" data-end=\"1085\">A refer\u00eancia de Fernanda ao ator ocorreu ap\u00f3s um epis\u00f3dio em setembro, quando \u00c1lvaro e Lucas Leto foram flagrados aos beijos durante uma festa da Dan\u00e7a dos Famosos. Eles negaram qualquer relacionamento, e o influencer afirmou \u00e0 \u00e9poca que o epis\u00f3dio foi resultado de \u201ccacha\u00e7a\u201d, descrevendo a rela\u00e7\u00e3o entre eles como \u201cnatural, divertida e alegre\u201d.<\/p>\n<p data-start=\"763\" data-end=\"1085\">+\u00a0<a href=\"https:\/\/natelinha.uol.com.br\/televisao\/2025\/10\/14\/lucas-leto-surpreende-ao-revelar-origem-do-sobrenome-acabou-comigo-232631.php\" target=\"_blank\" rel=\"noopener noreferrer nofollow\">Lucas Leto surpreende ao revelar origem do sobrenome: &#8220;Acabou comigo&#8221;<\/a><\/p>\n<p data-start=\"1526\" data-end=\"1698\" data-is-last-node=\"\" data-is-only-node=\"\">A segunda parte do programa, que ir\u00e1 ao ar ainda neste domingo, ter\u00e1 a final da Dan\u00e7a dos Famosos, com Silvero Pereira, Wanessa Camargo e Manu Bahtid\u00e3o entre os finalistas.<\/p>\n","protected":false},"excerpt":{"rendered":"A primeira parte do Doming\u00e3o com Huck exibida neste domingo (7) dedicou-se a premiar momentos da temporada da&hellip;\n","protected":false},"author":2,"featured_media":179192,"comment_status":"","ping_status":"","sticky":false,"template":"","format":"standard","meta":{"footnotes":""},"categories":[142],"tags":[20282,114,115,9480,32,33,151],"class_list":{"0":"post-179191","1":"post","2":"type-post","3":"status-publish","4":"format-standard","5":"has-post-thumbnail","7":"category-tv","8":"tag-alvaro","9":"tag-entertainment","10":"tag-entretenimento","11":"tag-lucas-leto","12":"tag-portugal","13":"tag-pt","14":"tag-tv"},"share_on_mastodon":{"url":"https:\/\/pubeurope.com\/@pt\/115680341377030798","error":""},"_links":{"self":[{"href":"https:\/\/www.europesays.com\/pt\/wp-json\/wp\/v2\/posts\/179191","targetHints":{"allow":["GET"]}}],"collection":[{"href":"https:\/\/www.europesays.com\/pt\/wp-json\/wp\/v2\/posts"}],"about":[{"href":"https:\/\/www.europesays.com\/pt\/wp-json\/wp\/v2\/types\/post"}],"author":[{"embeddable":true,"href":"https:\/\/www.europesays.com\/pt\/wp-json\/wp\/v2\/users\/2"}],"replies":[{"embeddable":true,"href":"https:\/\/www.europesays.com\/pt\/wp-json\/wp\/v2\/comments?post=179191"}],"version-history":[{"count":0,"href":"https:\/\/www.europesays.com\/pt\/wp-json\/wp\/v2\/posts\/179191\/revisions"}],"wp:featuredmedia":[{"embeddable":true,"href":"https:\/\/www.europesays.com\/pt\/wp-json\/wp\/v2\/media\/179192"}],"wp:attachment":[{"href":"https:\/\/www.europesays.com\/pt\/wp-json\/wp\/v2\/media?parent=179191"}],"wp:term":[{"taxonomy":"category","embeddable":true,"href":"https:\/\/www.europesays.com\/pt\/wp-json\/wp\/v2\/categories?post=179191"},{"taxonomy":"post_tag","embeddable":true,"href":"https:\/\/www.europesays.com\/pt\/wp-json\/wp\/v2\/tags?post=179191"}],"curies":[{"name":"wp","href":"https:\/\/api.w.org\/{rel}","templated":true}]}}