{"id":179193,"date":"2025-12-07T21:13:20","date_gmt":"2025-12-07T21:13:20","guid":{"rendered":"https:\/\/www.europesays.com\/pt\/179193\/"},"modified":"2025-12-07T21:13:20","modified_gmt":"2025-12-07T21:13:20","slug":"claro-que-se-devem-arrepender-de-nao-terem-renovado-o-contrato","status":"publish","type":"post","link":"https:\/\/www.europesays.com\/pt\/179193\/","title":{"rendered":"\u00abClaro que se devem arrepender de n\u00e3o terem renovado o contrato\u00bb"},"content":{"rendered":"<p>&#8211; Advertisement &#8211;<\/p>\n<p><strong>O Benfica deixou sair Franculino Dj\u00fa no final do seu contrato e o avan\u00e7ado tem sido o goleador de servi\u00e7o do Midtjylland.<\/strong><\/p>\n<p>Franculino Dj\u00fa \u00e9 um dos destaques do Midtjylland esta temporada. O avan\u00e7ado representou o Benfica entre 2019 e 2023, optando o conjunto da Luz por n\u00e3o renovar o seu contrato. Ove Pedersen, diretor desportivo do conjunto dinamarqu\u00eas falou sobre a contrata\u00e7\u00e3o e deixou uma bicada \u00e0s \u00e1guias:<\/p>\n<p>\u00abO Benfica deve estar arrependido de n\u00e3o ter renovado o contrato do Franculino, n\u00e3o h\u00e1 qualquer d\u00favida. Quando o vemos em a\u00e7\u00e3o nas provas europeias percebemos que ele \u00e9 capaz de fazer o mesmo que faz na nossa Liga. Claro que se devem arrepender de n\u00e3o terem renovado o contrato.  Ele \u00e9 feito de uma fibra especial. No in\u00edcio, quando n\u00e3o estava a jogar, o Claus Steinlein [diretor do Midtjylland] disse-me para lhe ir dar uma palmada nas costas e dizer-lhe que a sua hora iria chegar. No jogo seguinte foi titular e marcou. O Franculino \u00e9 o oposto dos jogadores que n\u00e3o t\u00eam paci\u00eancia, acredita imenso em si mesmo\u00bb.<\/p>\n<p>O avan\u00e7ado leva esta temporada um total de 29 encontros, com 21 golos marcados e duas assist\u00eancias. <a href=\"https:\/\/bolanarede.pt\/especial-bola-na-rede\/atualidade\/antigo-avancado-do-benfica-interessa-ao-everton\/\" target=\"_blank\" rel=\"noreferrer noopener nofollow\">J\u00e1 foi apontado \u00e0 Premier League<\/a>. <\/p>\n","protected":false},"excerpt":{"rendered":"&#8211; Advertisement &#8211; O Benfica deixou sair Franculino Dj\u00fa no final do seu contrato e o avan\u00e7ado tem&hellip;\n","protected":false},"author":2,"featured_media":179194,"comment_status":"","ping_status":"","sticky":false,"template":"","format":"standard","meta":{"footnotes":""},"categories":[87],"tags":[260,51,135,15613,28489,32,33,134],"class_list":{"0":"post-179193","1":"post","2":"type-post","3":"status-publish","4":"format-standard","5":"has-post-thumbnail","7":"category-desporto","8":"tag-atualidade","9":"tag-benfica","10":"tag-desporto","11":"tag-franculino-dju","12":"tag-midtjylland","13":"tag-portugal","14":"tag-pt","15":"tag-sports"},"share_on_mastodon":{"url":"https:\/\/pubeurope.com\/@pt\/115680353025825829","error":""},"_links":{"self":[{"href":"https:\/\/www.europesays.com\/pt\/wp-json\/wp\/v2\/posts\/179193","targetHints":{"allow":["GET"]}}],"collection":[{"href":"https:\/\/www.europesays.com\/pt\/wp-json\/wp\/v2\/posts"}],"about":[{"href":"https:\/\/www.europesays.com\/pt\/wp-json\/wp\/v2\/types\/post"}],"author":[{"embeddable":true,"href":"https:\/\/www.europesays.com\/pt\/wp-json\/wp\/v2\/users\/2"}],"replies":[{"embeddable":true,"href":"https:\/\/www.europesays.com\/pt\/wp-json\/wp\/v2\/comments?post=179193"}],"version-history":[{"count":0,"href":"https:\/\/www.europesays.com\/pt\/wp-json\/wp\/v2\/posts\/179193\/revisions"}],"wp:featuredmedia":[{"embeddable":true,"href":"https:\/\/www.europesays.com\/pt\/wp-json\/wp\/v2\/media\/179194"}],"wp:attachment":[{"href":"https:\/\/www.europesays.com\/pt\/wp-json\/wp\/v2\/media?parent=179193"}],"wp:term":[{"taxonomy":"category","embeddable":true,"href":"https:\/\/www.europesays.com\/pt\/wp-json\/wp\/v2\/categories?post=179193"},{"taxonomy":"post_tag","embeddable":true,"href":"https:\/\/www.europesays.com\/pt\/wp-json\/wp\/v2\/tags?post=179193"}],"curies":[{"name":"wp","href":"https:\/\/api.w.org\/{rel}","templated":true}]}}