{"id":179197,"date":"2025-12-07T21:16:30","date_gmt":"2025-12-07T21:16:30","guid":{"rendered":"https:\/\/www.europesays.com\/pt\/179197\/"},"modified":"2025-12-07T21:16:30","modified_gmt":"2025-12-07T21:16:30","slug":"sony-ult-filed-3-review-coluna-portatil-resistente-que-precisava-de-mais-poder-sonoro","status":"publish","type":"post","link":"https:\/\/www.europesays.com\/pt\/179197\/","title":{"rendered":"Sony ULT Filed 3 review: coluna port\u00e1til resistente que precisava de mais poder sonoro"},"content":{"rendered":"<p class=\"article-image \"><img decoding=\"async\" alt=\"Sony ULT Field 3 destaque 1\" height=\"900\" src=\"https:\/\/www.europesays.com\/pt\/wp-content\/uploads\/2025\/12\/sony-ult-filed-3-destaque-designer.jpg\" width=\"1600\" fetchpriority=\"high\"\/><\/p>\n<p><a href=\"https:\/\/whatsapp.com\/channel\/0029Va54F7B7j6gBNXobAM16\" rel=\"nofollow noopener\" class=\"banner-deals mb20 banner-deals-rotation banner-deals-rotation--whatsapp\" target=\"_blank\"><\/p>\n<p>        Entra no nosso canal Whatsapp<br \/>e recebe as melhores ofertas<\/p>\n<p>        ENTRAR\n    <\/p>\n<p><\/a><\/p>\n<p><a href=\"https:\/\/tidd.ly\/4pS6hNL\" target=\"_blank\" rel=\"nofollow noreferrer noopener\"><img decoding=\"async\" alt=\"Sony ULT Field 3\" height=\"533\" width=\"963\" class=\"lazyload\" src=\"https:\/\/www.europesays.com\/pt\/wp-content\/uploads\/2025\/12\/sony-ult-filed-3-widget-de-compra.jpg\" loading=\"lazy\"\/><\/a><\/p>\n<p>Este ver\u00e3o, a Sony lan\u00e7ou a nova s\u00e9rie de colunas ULT Field. Aproveit\u00e1mos o tempo quente para testar a ULT Field 5 e agora, com o aproximar das festas de fim ano, aproveit\u00e1mos para testar um modelo ainda mais port\u00e1til, a <strong>ULT Field 3<\/strong>. Spoiler alert: esta coluna \u00e9 uma boa op\u00e7\u00e3o para substituir longas sess\u00f5es de uso de auriculares.<\/p>\n<p>Design, constru\u00e7\u00e3o e portabilidade<\/p>\n<p class=\"article-image \"><img decoding=\"async\" alt=\"Sony ULT Field 3 em cima de um muro azul\" height=\"1816\" width=\"4096\" class=\"lazyload\" src=\"https:\/\/www.europesays.com\/pt\/wp-content\/uploads\/2025\/12\/img-20251201-162200.jpg\" loading=\"lazy\"\/><\/p>\n<p>A Sony ULT Filed 3 tem <strong>1,2 kg<\/strong> e <strong>256x113x79 mm<\/strong> de dimens\u00f5es. De grosso modo, tem metade do tamanho da \u201cirm\u00e3\u201d <a href=\"https:\/\/4gnews.pt\/sony-ult-field-5-review\/\" rel=\"nofollow noopener\" target=\"_blank\">ULT Field 5<\/a> e isso torna-a bastante mais compacta, port\u00e1til e f\u00e1cil de transportar.<\/p>\n<p>Tamb\u00e9m inclui uma <strong>al\u00e7a <\/strong>que ajuda a que o <strong>transporte <\/strong>seja feito ainda com menor esfor\u00e7o. Ali\u00e1s, a bem da verdade, quando colocada ao ombro, at\u00e9 nos esquecemos que a temos. Portanto, no que respeita a <strong>portabilidade <\/strong>aqui a nota \u00e9 <strong>m\u00e1xima<\/strong>.<\/p>\n<p>O design cil\u00edndrico \u00e9 igual ao da \u201cirm\u00e3\u201d e a <strong>constru\u00e7\u00e3o robusta<\/strong> tamb\u00e9m. Estamos perante uma coluna port\u00e1til que aguenta bem a vida ao ar livre. E est\u00e1 preparada para lidar com a \u00e1gua e o p\u00f3, gra\u00e7as \u00e0 <strong>certifica\u00e7\u00e3o IP67<\/strong> que tem.<\/p>\n<p>Em resumo, a Sony ULT Field 3 \u00e9 uma coluna mesmo muito port\u00e1til e f\u00e1cil de transportar que vai aguentar ocasionais embates em aventuras exteriores e tamb\u00e9m uns pingos de chuva.<\/p>\n<p>Qualidade do som<\/p>\n<p class=\"article-image \"><img decoding=\"async\" alt=\"Sony ULT Field 3 comando ULT\" height=\"1816\" width=\"4096\" class=\"lazyload\" src=\"https:\/\/www.europesays.com\/pt\/wp-content\/uploads\/2025\/12\/img-20251201-161832.jpg\" loading=\"lazy\"\/><\/p>\n<p>A Sony ULT Field 3 est\u00e1 equipada com um <strong>tweeter e woofer exclusivos<\/strong>, anuncia a Sony. Juntos debitam \u00e1udio numa frequ\u00eancia de <strong>20 Hz a 20 kHz<\/strong>. Transportando estes n\u00fameros para uma experi\u00eancia pr\u00e1tica de utiliza\u00e7\u00e3o, significa que esta coluna d\u00e1-te um som razo\u00e1vel.<\/p>\n<p>Tudo melhora quando ativas o <strong>modo ULT<\/strong> que lhe d\u00e1 nome. Um simples toque neste bot\u00e3o <strong>transforma o som<\/strong>, tornando-o mais poderoso, cheio e vibrante. \u00c9 quase certo que nunca \u2013 mas mesmo nunca \u2013 vais desativar este modo. Seja qual for o g\u00e9nero de m\u00fasica que estejas a ouvir <strong>vais precisar<\/strong> (e ansiar) pelo <strong>boost <\/strong>que o ULT d\u00e1 \u00e0 qualidade de som.<\/p>\n<p>\u00c9 a diferen\u00e7a entre viveres uma experi\u00eancia medianamente razo\u00e1vel e uma experi\u00eancia sonora que vai fazer-se ouvir em mais divis\u00f5es da casa. Se a Sony ULT Field 5 precisava do ULT, a Sony ULT Field 3 n\u00e3o pode viver sem este modo.<\/p>\n<p>Confesso que esperava mais pot\u00eancia, mas aquela que me foi fornecida por esta coluna, foi boa. N\u00e3o \u00e9 uma escolha indicada para audi\u00f3filos exigentes ou utilizadores que gostem de graves a vibrar, mas \u00e9 uma <strong>boa op\u00e7\u00e3o<\/strong> para <strong>substituir <\/strong>os <strong>auriculares <\/strong>numa sess\u00e3o de trabalho em casa.<\/p>\n<p>A Sony ULT Field 3 suporta os <strong>codecs SBC e AAC<\/strong>; aqui n\u00e3o h\u00e1 suporte para codecs de alta resolu\u00e7\u00e3o. E \u00e9 uma pena porque talvez se o tivesse, a qualidade sonora pudesse ser mais poderosa e vibrante.<\/p>\n<p>Usar a app <strong>Sony Sound Connect<\/strong> ajuda a melhorar, j\u00e1 que podemos <strong>equalizar <\/strong>o som mais \u00e0 nossa medida. A quest\u00e3o aqui s\u00e3o as expetativas. Quando ouvimos o nome Sony e j\u00e1 test\u00e1mos outros equipamentos da marca japonesa, esperamos mais. E sem o modo ULT ativado, esta coluna parece ser menos Sony do que realmente \u00e9.<\/p>\n<p>Ainda assim estamos perante uma <strong>boa coluna port\u00e1til<\/strong> que \u00e9 capaz de substituir os auriculares; \u00e9, ali\u00e1s, ideal para ser usada em ambientes com uma pessoa ou com v\u00e1rias que n\u00e3o queiram que a m\u00fasica se sobreponha ao seu conv\u00edvio. Para mais pot\u00eancia e verdadeira anima\u00e7\u00e3o em festas, existem outras <a href=\"https:\/\/4gnews.pt\/melhores-colunas-bluetooth\/\" rel=\"nofollow noopener\" target=\"_blank\">colunas port\u00e1teis Bluetooth<\/a> mais indicadas.<\/p>\n<p>Os recursos<\/p>\n<p class=\"article-image \"><img decoding=\"async\" alt=\"Sony ULT Field 3 recursos\" height=\"1816\" width=\"4096\" class=\"lazyload\" src=\"https:\/\/www.europesays.com\/pt\/wp-content\/uploads\/2025\/12\/img-20251201-161706.jpg\" loading=\"lazy\"\/><\/p>\n<p>De forma surpreendente, o que n\u00e3o falta \u00e0 ULT Field 3 s\u00e3o <strong>recursos<\/strong>. Desde logo a come\u00e7ar pela <strong>liga\u00e7\u00e3o multiponto<\/strong> que lhe permite estar ligada a dois dispositivos, em simult\u00e2neo. Acrescente-se ainda o recurso <strong>Party Connect da Sony<\/strong> que a liga a outras colunas da marca para um maior poder sonoro.<\/p>\n<p>Outro recurso interessante e bem-vindo \u00e9 o <strong>atendimento de chamadas<\/strong> em modo <strong>m\u00e3os-livres<\/strong>. \u00c9 bastante \u00fatil para utilizadores como eu que gostam de ter uma coluna port\u00e1til na cozinha, na hora de cozinhar a refei\u00e7\u00e3o.<\/p>\n<p>E aqui a qualidade de som \u00e9 bastante boa para os interlocutores da conversa. Ouviram-me sempre bem, apesar de eu me deslocar com facilidade para zonas mais distantes da coluna, como eu tamb\u00e9m ouvi sempre o interlocutor com clareza e nitidez.<\/p>\n<p>Ao contr\u00e1rio do que se passa com a ULT Field 5, aqui <strong>n\u00e3o h\u00e1 jogo de luzes<\/strong>. Esta \u00e9 mais uma raz\u00e3o para esta coluna ser uma boa op\u00e7\u00e3o para ser usada mais a n\u00edvel individual do que em grupos, sedentos por festas animadas e ruidosas.<\/p>\n<p>Autonomia<\/p>\n<p class=\"article-image \"><img decoding=\"async\" alt=\"Sony ULT Field 3 pendurada\" height=\"1816\" width=\"4096\" class=\"lazyload\" src=\"https:\/\/www.europesays.com\/pt\/wp-content\/uploads\/2025\/12\/img-20251201-162718.jpg\" loading=\"lazy\"\/><\/p>\n<p>No que respeita a <strong>autonomia<\/strong>, a pequena ULT Field 3 \u00e9 uma gigante. A Sony anuncia uma autonomia de <strong>24 horas<\/strong> e, pelos meus testes, verifica-se. N\u00e3o a usei durante 24 horas consecutivas, mas ao longo de uma semana com v\u00e1rias sess\u00f5es de algumas horas, nunca precisei de a ligar a uma tomada.<\/p>\n<p>Este \u00e9 um ponto interessante, j\u00e1 que a mais avan\u00e7ada ULT Field 5 tem autonomia para 25 horas e, no meu teste, pelo menos, aguentou exatamente o mesmo tempo que a sua \u201cirm\u00e3\u201d mais pequena.<\/p>\n<p><strong>Para quem \u00e9 a Sony ULT Field 3?<\/strong><\/p>\n<ul>\n<li>Para utilizadores que <strong>trabalham em casa<\/strong> e precisam de estar perfeitamente conscientes do ambiente que os rodeia;<\/li>\n<li>Para utilizadores que d\u00e3o prioridade \u00e0 <strong>autonomia<\/strong>;<\/li>\n<li>Para quem gosta de fazer <strong>caminhadas <\/strong>a ouvir a sua m\u00fasica;<\/li>\n<li>Para quem <strong>n\u00e3o aguenta<\/strong> uma sess\u00e3o prolongada de utiliza\u00e7\u00e3o de <strong>auriculares<\/strong>;<\/li>\n<\/ul>\n<p>A Sony ULT Field 5 <strong>n\u00e3o \u00e9<\/strong> para <strong>audi\u00f3filos exigentes<\/strong> ou para utilizadores que querem graves profundos e vibrantes.<\/p>\n<p>Conclus\u00e3o<\/p>\n<p class=\"article-image \"><img decoding=\"async\" alt=\"Sony ULT Field 3 na m\u00e3o\" height=\"1816\" width=\"4096\" class=\"lazyload\" src=\"https:\/\/www.europesays.com\/pt\/wp-content\/uploads\/2025\/12\/img-20251201-162505.jpg\" loading=\"lazy\"\/><\/p>\n<p>A Sony ULT Field 3 \u00e9 compacta, robusta e muito f\u00e1cil de transportar. As suas medidas, peso e al\u00e7a de transporte s\u00e3o o conceito definitivo de portabilidade. Recursos tamb\u00e9m n\u00e3o lhe faltam com especial destaque para a liga\u00e7\u00e3o multiponto. Brilha igualmente na autonomia a durar facilmente muito mais tempo do que o esperado.<\/p>\n<p>A qualidade de som \u00e9 boa, mas falta-lhe poder. O bot\u00e3o ULT consegue dar vida ao som debitado por esta coluna, mas ainda assim gostar\u00edamos de ver mais poder vibrante, com graves mais fortes e agudos mais pronunciados. O nome Sony cria mais expetativas quanto a isso.<\/p>\n<p>Para quem procura uma coluna port\u00e1til para uso individual, esta \u00e9 a escolha ideal que muito facilmente substitui os auriculares em casa ou at\u00e9 numa caminhada. Mas quem procura uma \u201ccompanheira\u201d port\u00e1til para animar a festa de fim de ano, \u00e9 melhor olhar com mais aten\u00e7\u00e3o para a \u201cirm\u00e3\u201d mais avan\u00e7ada Sony ULT Field 5.<\/p>\n<p><a href=\"https:\/\/tidd.ly\/4pS6hNL\" target=\"_blank\" rel=\"nofollow noreferrer noopener\"><img decoding=\"async\" alt=\"Sony ULT Field 3\" height=\"533\" width=\"963\" class=\"lazyload\" src=\"https:\/\/www.europesays.com\/pt\/wp-content\/uploads\/2025\/12\/sony-ult-filed-3-widget-de-compra.jpg\" loading=\"lazy\"\/><\/a><\/p>\n<p class=\"inline-related-title\">Editores 4gnews recomendam:<\/p>\n","protected":false},"excerpt":{"rendered":"Entra no nosso canal Whatsappe recebe as melhores ofertas ENTRAR Este ver\u00e3o, a Sony lan\u00e7ou a nova s\u00e9rie&hellip;\n","protected":false},"author":2,"featured_media":179198,"comment_status":"","ping_status":"","sticky":false,"template":"","format":"standard","meta":{"footnotes":""},"categories":[84],"tags":[109,107,108,32,33,105,103,104,106,110],"class_list":{"0":"post-179197","1":"post","2":"type-post","3":"status-publish","4":"format-standard","5":"has-post-thumbnail","7":"category-ciencia-e-tecnologia","8":"tag-ciencia","9":"tag-ciencia-e-tecnologia","10":"tag-cienciaetecnologia","11":"tag-portugal","12":"tag-pt","13":"tag-science","14":"tag-science-and-technology","15":"tag-scienceandtechnology","16":"tag-technology","17":"tag-tecnologia"},"share_on_mastodon":{"url":"https:\/\/pubeurope.com\/@pt\/115680365483531513","error":""},"_links":{"self":[{"href":"https:\/\/www.europesays.com\/pt\/wp-json\/wp\/v2\/posts\/179197","targetHints":{"allow":["GET"]}}],"collection":[{"href":"https:\/\/www.europesays.com\/pt\/wp-json\/wp\/v2\/posts"}],"about":[{"href":"https:\/\/www.europesays.com\/pt\/wp-json\/wp\/v2\/types\/post"}],"author":[{"embeddable":true,"href":"https:\/\/www.europesays.com\/pt\/wp-json\/wp\/v2\/users\/2"}],"replies":[{"embeddable":true,"href":"https:\/\/www.europesays.com\/pt\/wp-json\/wp\/v2\/comments?post=179197"}],"version-history":[{"count":0,"href":"https:\/\/www.europesays.com\/pt\/wp-json\/wp\/v2\/posts\/179197\/revisions"}],"wp:featuredmedia":[{"embeddable":true,"href":"https:\/\/www.europesays.com\/pt\/wp-json\/wp\/v2\/media\/179198"}],"wp:attachment":[{"href":"https:\/\/www.europesays.com\/pt\/wp-json\/wp\/v2\/media?parent=179197"}],"wp:term":[{"taxonomy":"category","embeddable":true,"href":"https:\/\/www.europesays.com\/pt\/wp-json\/wp\/v2\/categories?post=179197"},{"taxonomy":"post_tag","embeddable":true,"href":"https:\/\/www.europesays.com\/pt\/wp-json\/wp\/v2\/tags?post=179197"}],"curies":[{"name":"wp","href":"https:\/\/api.w.org\/{rel}","templated":true}]}}