{"id":179199,"date":"2025-12-07T21:17:16","date_gmt":"2025-12-07T21:17:16","guid":{"rendered":"https:\/\/www.europesays.com\/pt\/179199\/"},"modified":"2025-12-07T21:17:16","modified_gmt":"2025-12-07T21:17:16","slug":"viagens-e-compatibilidade-estao-a-fazer-disparar-a-sua-adocao","status":"publish","type":"post","link":"https:\/\/www.europesays.com\/pt\/179199\/","title":{"rendered":"viagens e compatibilidade est\u00e3o a fazer disparar a sua ado\u00e7\u00e3o"},"content":{"rendered":"<p>A tecnologia eSIM, embora j\u00e1 exista h\u00e1 uma d\u00e9cada, tem registado uma ado\u00e7\u00e3o global modesta. No entanto, o cen\u00e1rio est\u00e1 a mudar rapidamente, impulsionado por dois fatores cruciais: a crescente compatibilidade com novos dispositivos e a sua ineg\u00e1vel conveni\u00eancia para quem viaja.<\/p>\n<p style=\"text-align: center;\"><a target=\"_blank\" href=\"https:\/\/pplware.sapo.pt\/wp-content\/uploads\/2025\/09\/smartphone_esim_rede-1.jpg\" onclick=\"refreshIframe()\" class=\"foobox\" rel=\"nofollow noopener\"><img fetchpriority=\"high\" decoding=\"async\" src=\"https:\/\/www.europesays.com\/pt\/wp-content\/uploads\/2025\/12\/smartphone_esim_rede-1-1024x576.jpg\" alt=\"\" width=\"720\" height=\"405\" class=\"alignnone size-large wp-image-1077426\"  \/><\/a><\/p>\n<p>A compatibilidade dos dispositivos como motor de crescimento do eSIM<\/p>\n<p>Um dos principais catalisadores para <a target=\"_blank\" href=\"https:\/\/techcrunch.com\/2025\/12\/05\/esim-adoption-is-on-the-rise-thanks-to-travel-and-device-compatibility\/\" rel=\"nofollow noopener\">esta tend\u00eancia<\/a> \u00e9 a aposta dos fabricantes de telem\u00f3veis em lan\u00e7ar dispositivos com suporte eSIM. Os primeiros smartphones com esta tecnologia <strong>surgiram entre 2017 e 2018<\/strong>, com modelos not\u00e1veis como o <a target=\"_blank\" href=\"https:\/\/pplware.sapo.pt\/eventos\/chegaram-novos-google-pixel-2\/\" rel=\"nofollow noopener\">Pixel 2<\/a> e o <a target=\"_blank\" href=\"https:\/\/pplware.sapo.pt\/apple\/iphone-xr-um-modelo-mais-economico-com-face-id-e-notch\/\" rel=\"nofollow noopener\">iPhone XR<\/a>.<\/p>\n<p>Em 2022, a Apple deu um passo decisivo ao eliminar a ranhura para o SIM f\u00edsico nos seus modelos para o mercado norte-americano, <strong>uma medida que a Google replicou com o <a target=\"_blank\" href=\"https:\/\/pplware.sapo.pt\/smartphones-tablets\/pixel-10-chegou-a-serie-de-smartphones-mais-potente-da-google-ate-hoje\/\" rel=\"nofollow noopener\">Pixel 10<\/a> este ano<\/strong>.<\/p>\n<p>Este ano, a Apple elevou a aposta com o lan\u00e7amento do <a target=\"_blank\" href=\"https:\/\/pplware.sapo.pt\/gadgets\/iphone\/iphone-air-apple-revela-finalmente-o-seu-smartphone-mais-fino-e-minimalista\/\" rel=\"nofollow noopener\">iPhone Air<\/a> exclusivamente eSIM e oferecendo modelos da s\u00e9rie iPhone 17 apenas com eSIM em mais de 11 pa\u00edses. Uma vantagem t\u00e9cnica destes modelos \u00e9 uma bateria <strong>com uma autonomia ligeiramente superior \u00e0 dos modelos com ranhura para SIM f\u00edsico<\/strong>.<\/p>\n<p>Segundo a empresa de an\u00e1lise Counterpoint, em 2024, a penetra\u00e7\u00e3o de smartphones com eSIM era de apenas 23%. Os Estados Unidos lideram este mercado, <strong>com 41% dos dispositivos lan\u00e7ados em 2024 a possu\u00edrem esta capacidade<\/strong>.<\/p>\n<p style=\"text-align: center;\"><a target=\"_blank\" href=\"https:\/\/pplware.sapo.pt\/wp-content\/uploads\/2025\/10\/iphone-17-air-black.webp\" rel=\"nofollow noopener\"><img loading=\"lazy\" decoding=\"async\" src=\"https:\/\/www.europesays.com\/pt\/wp-content\/uploads\/2025\/10\/iphone-17-air-black-1024x576.webp.webp\" alt=\"\" width=\"720\" height=\"405\" class=\"alignnone size-large wp-image-1084374\"  \/><\/a><\/p>\n<p>O papel decisivo do mercado chin\u00eas<\/p>\n<p>A China poder\u00e1 desempenhar um papel fundamental na massifica\u00e7\u00e3o do eSIM. Em outubro, ap\u00f3s o lan\u00e7amento dos telem\u00f3veis da Apple exclusivamente com eSIM e de alguns contratempos iniciais, os operadores de telecomunica\u00e7\u00f5es chineses <strong>come\u00e7aram a oferecer suporte para a tecnologia<\/strong>.<\/p>\n<p>Estes fabricantes det\u00eam uma quota de mercado significativa em regi\u00f5es economicamente sens\u00edveis na \u00c1sia e em \u00c1frica. A sua estrat\u00e9gia passar\u00e1 por incluir gradualmente o suporte eSIM <strong>em todas as gamas de pre\u00e7os para satisfazer a procura interna<\/strong>.<\/p>\n<p>Atualmente, a taxa de ativa\u00e7\u00e3o em dispositivos compat\u00edveis ainda \u00e9 baixa, mas est\u00e1 a crescer. Steffen Sorrell, da Kaleido Intelligence, observou uma taxa de ativa\u00e7\u00e3o de 30% em 2024, <strong>estimando que este valor suba para 75% at\u00e9 2030<\/strong>.<\/p>\n<p style=\"text-align: center;\"><a target=\"_blank\" href=\"https:\/\/pplware.sapo.pt\/wp-content\/uploads\/2025\/09\/esim00.jpg\" onclick=\"refreshIframe()\" class=\"foobox\" rel=\"nofollow noopener\"><img loading=\"lazy\" decoding=\"async\" src=\"https:\/\/www.europesays.com\/pt\/wp-content\/uploads\/2025\/12\/esim00-1024x576.jpg\" alt=\"\" width=\"720\" height=\"405\" class=\"alignnone size-large wp-image-1079046\"  \/><\/a><\/p>\n<p>As viagens como principal catalisador da tecnologia eSIM<\/p>\n<p>Para quem viaja, o eSIM representa uma das formas mais convenientes de obter conectividade. Um inqu\u00e9rito da GSMA revelou que 51% dos utilizadores de eSIM recorrem a esta tecnologia para viajar. Adicionalmente, \u00e9 uma solu\u00e7\u00e3o mais segura, uma vez que o hardware do eSIM est\u00e1 frequentemente associado a elementos de hardware seguros,<strong> dificultando a sua adultera\u00e7\u00e3o<\/strong>.<\/p>\n<p>A GSMA confirma que as viagens s\u00e3o o grande motor de crescimento, levando os viajantes frequentes a preferir dispositivos com esta tecnologia e, eventualmente, a adot\u00e1-la para o seu uso di\u00e1rio. A experi\u00eancia inicial com o eSIM durante uma viagem pode ser transformadora.<\/p>\n<blockquote>\n<p>Os utilizadores que gostam da experi\u00eancia regressam a casa e pedem aos seus operadores de rede para fazerem a transi\u00e7\u00e3o do SIM f\u00edsico.<\/p>\n<\/blockquote>\n<p>Explica Iacopino da GSMA.<\/p>\n<p>\u00a0<\/p>\n<p><strong>Leia tamb\u00e9m:<\/strong><\/p>\n","protected":false},"excerpt":{"rendered":"A tecnologia eSIM, embora j\u00e1 exista h\u00e1 uma d\u00e9cada, tem registado uma ado\u00e7\u00e3o global modesta. No entanto, o&hellip;\n","protected":false},"author":2,"featured_media":63410,"comment_status":"","ping_status":"","sticky":false,"template":"","format":"standard","meta":{"footnotes":""},"categories":[83],"tags":[88,89,90,9248,32,33],"class_list":{"0":"post-179199","1":"post","2":"type-post","3":"status-publish","4":"format-standard","5":"has-post-thumbnail","7":"category-empresas","8":"tag-business","9":"tag-economy","10":"tag-empresas","11":"tag-esim","12":"tag-portugal","13":"tag-pt"},"share_on_mastodon":{"url":"https:\/\/pubeurope.com\/@pt\/115680368723786690","error":""},"_links":{"self":[{"href":"https:\/\/www.europesays.com\/pt\/wp-json\/wp\/v2\/posts\/179199","targetHints":{"allow":["GET"]}}],"collection":[{"href":"https:\/\/www.europesays.com\/pt\/wp-json\/wp\/v2\/posts"}],"about":[{"href":"https:\/\/www.europesays.com\/pt\/wp-json\/wp\/v2\/types\/post"}],"author":[{"embeddable":true,"href":"https:\/\/www.europesays.com\/pt\/wp-json\/wp\/v2\/users\/2"}],"replies":[{"embeddable":true,"href":"https:\/\/www.europesays.com\/pt\/wp-json\/wp\/v2\/comments?post=179199"}],"version-history":[{"count":0,"href":"https:\/\/www.europesays.com\/pt\/wp-json\/wp\/v2\/posts\/179199\/revisions"}],"wp:featuredmedia":[{"embeddable":true,"href":"https:\/\/www.europesays.com\/pt\/wp-json\/wp\/v2\/media\/63410"}],"wp:attachment":[{"href":"https:\/\/www.europesays.com\/pt\/wp-json\/wp\/v2\/media?parent=179199"}],"wp:term":[{"taxonomy":"category","embeddable":true,"href":"https:\/\/www.europesays.com\/pt\/wp-json\/wp\/v2\/categories?post=179199"},{"taxonomy":"post_tag","embeddable":true,"href":"https:\/\/www.europesays.com\/pt\/wp-json\/wp\/v2\/tags?post=179199"}],"curies":[{"name":"wp","href":"https:\/\/api.w.org\/{rel}","templated":true}]}}