{"id":179200,"date":"2025-12-07T21:18:10","date_gmt":"2025-12-07T21:18:10","guid":{"rendered":"https:\/\/www.europesays.com\/pt\/179200\/"},"modified":"2025-12-07T21:18:10","modified_gmt":"2025-12-07T21:18:10","slug":"ainda-existem-questoes-dificeis-apos-tres-dias-de-negociacoes-em-miami-continua-tudo-igual-para-a-ucrania","status":"publish","type":"post","link":"https:\/\/www.europesays.com\/pt\/179200\/","title":{"rendered":"&#8220;Ainda existem quest\u00f5es dif\u00edceis&#8221;: ap\u00f3s tr\u00eas dias de negocia\u00e7\u00f5es em Miami, continua tudo igual para a Ucr\u00e2nia"},"content":{"rendered":"<p>\t                Ucr\u00e2nia revela que &#8220;os principais desafios desta fase dizem respeito a quest\u00f5es territoriais e garantias&#8221;, mantendo-se tudo em aberto sobre o futuro de Kiev<\/p>\n<p>As negocia\u00e7\u00f5es entre os representantes dos EUA e da Ucr\u00e2nia sobre uma proposta de acordo de paz com a R\u00fassia terminaram em Miami este fim de semana, com poucos avan\u00e7os e d\u00favidas persistentes sobre garantias de seguran\u00e7a e quest\u00f5es territoriais, segundo as autoridades ucranianas.<\/p>\n<p>No final das negocia\u00e7\u00f5es, o Kremlin saudou a nova estrat\u00e9gia de seguran\u00e7a do presidente norte-americano, Donald Trump, apontando que o novo documento abandona a linguagem utilizada pelas anteriores administra\u00e7\u00f5es norte-americanas que descreviam a R\u00fassia como uma amea\u00e7a.<\/p>\n<p>A longa reuni\u00e3o em Miami come\u00e7ou na quinta-feira entre o enviado especial dos EUA, Steve Witkoff, o genro do presidente Trump, Jared Kushner, e os representantes ucranianos Rustem Umerov e Andriy Hnatov.<\/p>\n<p>Ap\u00f3s tr\u00eas dias de negocia\u00e7\u00f5es, \u201cainda existem quest\u00f5es dif\u00edceis\u201d, reconheceu no s\u00e1bado a embaixadora da Ucr\u00e2nia nos EUA, Olga Stefanishyna, acrescentando que \u201cambos os lados continuam a trabalhar para encontrar solu\u00e7\u00f5es realistas e aceit\u00e1veis\u201d.<\/p>\n<p>\u201cOs principais desafios nesta fase dizem respeito a quest\u00f5es territoriais e garantias, e estamos a procurar ativamente formatos ideais para as abordar\u201d, indicou Stefanishyna. \u201cMais detalhes ser\u00e3o fornecidos assim que todas as informa\u00e7\u00f5es forem agregadas.\u201d<\/p>\n<p>As garantias territoriais e de seguran\u00e7a s\u00e3o pontos de atrito de longa data para qualquer poss\u00edvel acordo. A Ucr\u00e2nia sustenta que um fim justo para a guerra incluiria garantias de seguran\u00e7a fi\u00e1veis \u200b\u200be n\u00e3o a obrigaria a ceder mais territ\u00f3rio \u00e0 R\u00fassia.<\/p>\n<p>No in\u00edcio desta semana, quando as reuni\u00f5es come\u00e7aram, o presidente russo, Vladimir Putin, adiantou aos jornalistas na \u00cdndia que o seu pa\u00eds pretende tomar a regi\u00e3o de Donbass, no leste da Ucr\u00e2nia, prometendo empenhar todos os meios nesse sentido.<\/p>\n<p>  <img loading=\"lazy\" decoding=\"async\" alt=\"\" height=\"666\" src=\"https:\/\/www.europesays.com\/pt\/wp-content\/uploads\/2025\/12\/1765142290_238_1000.webp\" width=\"1000\"\/> <\/p>\n<p>    O presidente russo, Vladimir Putin, acompanhado pelos conselheiros Kirill Dmitriev e Yuri Ushakov, re\u00fane-se com os enviados especiais dos EUA, Steve Witkoff e Jared Kushner, no Kremlin, a 2 de dezembro. (Alexander Kazakov\/AFP\/GettyImages) <\/p>\n<p>As negocia\u00e7\u00f5es em Miami foram precedidas por uma visita de Kushner e Witkoff a Moscovo. Na quarta-feira, Trump afirmou que a delega\u00e7\u00e3o norte-americana teve uma \u201creuni\u00e3o muito boa\u201d com Putin e que acreditavam que o presidente russo \u201cgostaria de ver o fim da guerra\u201d &#8211; embora as negocia\u00e7\u00f5es n\u00e3o tenham resultado num avan\u00e7o significativo.<\/p>\n<p>Numa publica\u00e7\u00e3o nas redes sociais, no s\u00e1bado, o presidente ucraniano, Volodymyr Zelensky, disse ter tido uma conversa telef\u00f3nica \u201clonga\u201d e \u201cconstrutiva\u201d com Witkoff e Kushner, bem como com a sua delega\u00e7\u00e3o ucraniana em Miami.<\/p>\n<p>\u201cAbord\u00e1mos muitos aspetos e analis\u00e1mos pontos-chave que poderiam garantir o fim do derramamento de sangue e eliminar a amea\u00e7a de uma nova invas\u00e3o russa em grande escala\u201d, adiantou Zelensky. \u201cConcordamos com os pr\u00f3ximos passos e formatos para as negocia\u00e7\u00f5es com os Estados Unidos.\u201d<\/p>\n<p>Nessa mesma chamada, Zelensky, Witkoff e Kushner falaram ainda sobre \u201co risco de a R\u00fassia n\u00e3o cumprir as suas promessas, como j\u00e1 aconteceu repetidamente no passado\u201d, acrescentou o presidente ucraniano.<\/p>\n<p>Zelensky afirmou que Hnatov e Umerov devem entregar-lhe um \u201crelat\u00f3rio detalhado pessoalmente\u201d sobre as negocia\u00e7\u00f5es.<\/p>\n<p>\u201cNem tudo pode ser discutido por telefone\u201d, sublinha Zelensky. \u201cPortanto, precisamos de trabalhar em estreita colabora\u00e7\u00e3o com as nossas equipas em ideias e propostas.\u201d<\/p>\n<p>A paz e as suas condi\u00e7\u00f5es ser\u00e3o tamb\u00e9m tema de uma reuni\u00e3o na segunda-feira entre Zelensky e os l\u00edderes franc\u00eas, brit\u00e2nico e alem\u00e3o, em Londres. A discuss\u00e3o vai centrar-se na \u201csitua\u00e7\u00e3o e nas negocia\u00e7\u00f5es em curso no \u00e2mbito da media\u00e7\u00e3o norte-americana\u201d, adiantou o presidente franc\u00eas, Emmanuel Macron, no s\u00e1bado.<\/p>\n<p>Kremlin congratula-se com retirada do r\u00f3tulo de \u201camea\u00e7a\u201d <\/p>\n<p>Noutra frente, o Kremlin saudou a nova estrat\u00e9gia de seguran\u00e7a nacional dos EUA, divulgada na sexta-feira, que define o realinhamento da pol\u00edtica externa norte-americana por parte da administra\u00e7\u00e3o Trump e adota uma postura de confronto sem precedentes em rela\u00e7\u00e3o \u00e0 Europa.<\/p>\n<p>O porta-voz do Kremlin, Dmitry Peskov, afirmou que o documento da administra\u00e7\u00e3o Trump retirou a linguagem que descrevia a R\u00fassia como uma amea\u00e7a, segundo a ag\u00eancia de not\u00edcias estatal russa TASS.<\/p>\n<p>\u201cConsideramos que este \u00e9 um passo positivo\u201d, declarou Peskov \u00e0 ag\u00eancia de not\u00edcias. \u201cNo geral, estas mensagens contrastam certamente com as abordagens das administra\u00e7\u00f5es anteriores.\u201d<\/p>\n<p>O documento estrat\u00e9gico refere que as na\u00e7\u00f5es europeias consideram a R\u00fassia uma \u201camea\u00e7a existencial\u201d, mas destaca o papel significativo dos EUA na diplomacia para restabelecer \u201ccondi\u00e7\u00f5es de estabilidade na Europa e estabilidade estrat\u00e9gica com a R\u00fassia\u201d.<\/p>\n<p>Uma estrat\u00e9gia de seguran\u00e7a nacional de 2022, da era Biden, descrevia a R\u00fassia como \u201cuma amea\u00e7a imediata ao sistema internacional livre e aberto, desrespeitando de forma imprudente as leis b\u00e1sicas da ordem internacional atual, como demonstrou a sua brutal guerra de agress\u00e3o contra a Ucr\u00e2nia\u201d.<\/p>\n<p>O novo documento da administra\u00e7\u00e3o Trump reitera ainda o seu esfor\u00e7o para \u201cacabar com a perce\u00e7\u00e3o, e impedir a realidade, da NATO como uma alian\u00e7a em constante expans\u00e3o\u201d.<\/p>\n<p>\u00a0<\/p>\n<p>Alejandra Jaramillo e Todd Symons, da CNN, contribu\u00edram para este artigo.<\/p>\n","protected":false},"excerpt":{"rendered":"Ucr\u00e2nia revela que &#8220;os principais desafios desta fase dizem respeito a quest\u00f5es territoriais e garantias&#8221;, mantendo-se tudo em&hellip;\n","protected":false},"author":2,"featured_media":179201,"comment_status":"","ping_status":"","sticky":false,"template":"","format":"standard","meta":{"footnotes":""},"categories":[50],"tags":[609,836,611,27,28,607,608,333,832,604,135,610,92,476,413,15,16,301,830,889,14,603,25,26,570,21,22,831,833,62,834,12,13,19,20,835,602,52,32,23,24,839,17,18,840,29,30,31,63,64,65],"class_list":{"0":"post-179200","1":"post","2":"type-post","3":"status-publish","4":"format-standard","5":"has-post-thumbnail","7":"category-mundo","8":"tag-alerta","9":"tag-analise","10":"tag-ao-minuto","11":"tag-breaking-news","12":"tag-breakingnews","13":"tag-cnn","14":"tag-cnn-portugal","15":"tag-comentadores","16":"tag-costa","17":"tag-crime","18":"tag-desporto","19":"tag-direto","20":"tag-donald-trump","21":"tag-economia","22":"tag-eua","23":"tag-featured-news","24":"tag-featurednews","25":"tag-governo","26":"tag-guerra","27":"tag-guerra-na-ucrania","28":"tag-headlines","29":"tag-justica","30":"tag-latest-news","31":"tag-latestnews","32":"tag-live","33":"tag-main-news","34":"tag-mainnews","35":"tag-mais-vistas","36":"tag-marcelo","37":"tag-mundo","38":"tag-negocios","39":"tag-news","40":"tag-noticias","41":"tag-noticias-principais","42":"tag-noticiasprincipais","43":"tag-opiniao","44":"tag-pais","45":"tag-politica","46":"tag-portugal","47":"tag-principais-noticias","48":"tag-principaisnoticias","49":"tag-russia","50":"tag-top-stories","51":"tag-topstories","52":"tag-ucrania","53":"tag-ultimas","54":"tag-ultimas-noticias","55":"tag-ultimasnoticias","56":"tag-world","57":"tag-world-news","58":"tag-worldnews"},"share_on_mastodon":{"url":"","error":""},"_links":{"self":[{"href":"https:\/\/www.europesays.com\/pt\/wp-json\/wp\/v2\/posts\/179200","targetHints":{"allow":["GET"]}}],"collection":[{"href":"https:\/\/www.europesays.com\/pt\/wp-json\/wp\/v2\/posts"}],"about":[{"href":"https:\/\/www.europesays.com\/pt\/wp-json\/wp\/v2\/types\/post"}],"author":[{"embeddable":true,"href":"https:\/\/www.europesays.com\/pt\/wp-json\/wp\/v2\/users\/2"}],"replies":[{"embeddable":true,"href":"https:\/\/www.europesays.com\/pt\/wp-json\/wp\/v2\/comments?post=179200"}],"version-history":[{"count":0,"href":"https:\/\/www.europesays.com\/pt\/wp-json\/wp\/v2\/posts\/179200\/revisions"}],"wp:featuredmedia":[{"embeddable":true,"href":"https:\/\/www.europesays.com\/pt\/wp-json\/wp\/v2\/media\/179201"}],"wp:attachment":[{"href":"https:\/\/www.europesays.com\/pt\/wp-json\/wp\/v2\/media?parent=179200"}],"wp:term":[{"taxonomy":"category","embeddable":true,"href":"https:\/\/www.europesays.com\/pt\/wp-json\/wp\/v2\/categories?post=179200"},{"taxonomy":"post_tag","embeddable":true,"href":"https:\/\/www.europesays.com\/pt\/wp-json\/wp\/v2\/tags?post=179200"}],"curies":[{"name":"wp","href":"https:\/\/api.w.org\/{rel}","templated":true}]}}