{"id":179202,"date":"2025-12-07T21:19:17","date_gmt":"2025-12-07T21:19:17","guid":{"rendered":"https:\/\/www.europesays.com\/pt\/179202\/"},"modified":"2025-12-07T21:19:17","modified_gmt":"2025-12-07T21:19:17","slug":"lider-do-ps-considera-pouco-digno-de-montenegro-fazer-leilao-de-salarios-jose-luis-carneiro","status":"publish","type":"post","link":"https:\/\/www.europesays.com\/pt\/179202\/","title":{"rendered":"L\u00edder do PS considera \u201cpouco digno\u201d de Montenegro fazer \u201cleil\u00e3o\u201d de sal\u00e1rios | Jos\u00e9 Lu\u00eds Carneiro"},"content":{"rendered":"<p>O secret\u00e1rio-geral do PS considerou este domingo que &#8220;\u00e9 pouco digno&#8221; do primeiro-ministro fazer um &#8220;leil\u00e3o de valoriza\u00e7\u00f5es salariais&#8221;, depois de Lu\u00eds Montenegro ter falado num sal\u00e1rio m\u00ednimo de 1600 euros, dias antes de uma <a href=\"https:\/\/www.publico.pt\/2025\/12\/06\/economia\/noticia\/perguntas-respostas-greve-convocar-abrangido-2157263\" rel=\"nofollow noopener\" target=\"_blank\">greve geral<\/a>.<\/p>\n<p>&#8220;\u00c9 pouco digno de um primeiro-ministro, em v\u00e9speras de uma greve geral, estar com esta esp\u00e9cie de leil\u00e3o de valoriza\u00e7\u00f5es salariais. Essas discutem-se, avaliam-se, em fun\u00e7\u00e3o do crescimento da economia do pa\u00eds, em fun\u00e7\u00e3o das previs\u00f5es para o nosso futuro, em sede de concerta\u00e7\u00e3o social&#8221;, afirmou.<\/p>\n<p>Jos\u00e9 Lu\u00eds Carneiro falava aos jornalistas antes de marcar presen\u00e7a na sess\u00e3o evocativa de M\u00e1rio Soares intitulada &#8220;As palavras e as imagens&#8221;, em Lisboa, que assinalou o dia em que o fundador do PS, que foi Presidente da Rep\u00fablica e primeiro-ministro, faria 101 anos.<\/p>\n<p>O secret\u00e1rio-geral do PS afirmou que \u00e9 objectivo de todos dar melhores condi\u00e7\u00f5es de vida e melhores remunera\u00e7\u00f5es aos trabalhadores, salientando que ele pr\u00f3prio j\u00e1 defendeu que o pa\u00eds deve almejar ter o sal\u00e1rio m\u00e9dio &#8220;na ordem dos 2500 euros&#8221; at\u00e9 2035.<\/p>\n<p>        &#13;<\/p>\n<p>&#13;<br \/>\n                &#13;\n            <\/p>\n<p>&#13;<\/p>\n<p>&#8220;Agora, os termos em que o primeiro-ministro est\u00e1 a apresentar estas propostas s\u00e3o termos que n\u00e3o dignificam o sentido do compromisso e at\u00e9 a honradez da palavra que se deve dar aos trabalhadores, que n\u00e3o merecem que se lhes fa\u00e7a isto numa altura em que os seus representantes est\u00e3o a preparar [a greve geral], depois de tomarem uma decis\u00e3o naturalmente muito reflectida&#8221;, criticou.<\/p>\n<p>No s\u00e1bado, discursando no <a href=\"https:\/\/www.publico.pt\/2025\/12\/06\/politica\/noticia\/meta-legislatura-1100-euros-salario-minimo-montenegro-quer-chegar-1500-2157289\" rel=\"nofollow noopener\" target=\"_blank\">X Congresso Nacional dos Autarcas Social-Democratas<\/a> (ASD), no Porto, o primeiro-ministro e presidente do PSD, Lu\u00eds Montenegro, aumentou os objectivos salariais para o pa\u00eds, falando em 1600 euros de sal\u00e1rio m\u00ednimo e 3000 euros de sal\u00e1rio m\u00e9dio, um dia ap\u00f3s mencionar valores inferiores.<\/p>\n<p>&#8220;N\u00f3s n\u00e3o queremos crescer 2% ao ano. Queremos crescer 3%, 3,5%, 4%. N\u00f3s queremos que o sal\u00e1rio m\u00ednimo n\u00e3o chegue aos 1100 [euros]. Esse \u00e9 o objectivo que temos para esta legislatura, mas n\u00f3s queremos mais. Que chegue aos 1500 ou aos 1600&#8221;, disse.<\/p>\n<p>O primeiro-ministro, que na sexta-feira tinha sugerido aproveitar a oportunidade da poss\u00edvel mudan\u00e7a das leis laborais para elevar o sal\u00e1rio m\u00ednimo para os 1500 euros e o m\u00e9dio para 2000 ou 2500, no dia seguinte disse n\u00e3o querer &#8220;que o sal\u00e1rio m\u00e9dio chegue aos 1.600 ou 1.700&#8221;, mas sim que &#8220;chegue aos 2500, 2800 ou 3000 euros&#8221;.<\/p>\n","protected":false},"excerpt":{"rendered":"O secret\u00e1rio-geral do PS considerou este domingo que &#8220;\u00e9 pouco digno&#8221; do primeiro-ministro fazer um &#8220;leil\u00e3o de valoriza\u00e7\u00f5es&hellip;\n","protected":false},"author":2,"featured_media":179203,"comment_status":"","ping_status":"","sticky":false,"template":"","format":"standard","meta":{"footnotes":""},"categories":[10],"tags":[27,28,15,16,14,2433,25,26,21,22,12,13,19,20,52,32,23,24,455,33,18438,17,18,849,29,30,31],"class_list":{"0":"post-179202","1":"post","2":"type-post","3":"status-publish","4":"format-standard","5":"has-post-thumbnail","7":"category-portugal","8":"tag-breaking-news","9":"tag-breakingnews","10":"tag-featured-news","11":"tag-featurednews","12":"tag-headlines","13":"tag-jose-luis-carneiro","14":"tag-latest-news","15":"tag-latestnews","16":"tag-main-news","17":"tag-mainnews","18":"tag-news","19":"tag-noticias","20":"tag-noticias-principais","21":"tag-noticiasprincipais","22":"tag-politica","23":"tag-portugal","24":"tag-principais-noticias","25":"tag-principaisnoticias","26":"tag-ps","27":"tag-pt","28":"tag-salario-minimo","29":"tag-top-stories","30":"tag-topstories","31":"tag-trabalho","32":"tag-ultimas","33":"tag-ultimas-noticias","34":"tag-ultimasnoticias"},"share_on_mastodon":{"url":"https:\/\/pubeurope.com\/@pt\/115680376586019954","error":""},"_links":{"self":[{"href":"https:\/\/www.europesays.com\/pt\/wp-json\/wp\/v2\/posts\/179202","targetHints":{"allow":["GET"]}}],"collection":[{"href":"https:\/\/www.europesays.com\/pt\/wp-json\/wp\/v2\/posts"}],"about":[{"href":"https:\/\/www.europesays.com\/pt\/wp-json\/wp\/v2\/types\/post"}],"author":[{"embeddable":true,"href":"https:\/\/www.europesays.com\/pt\/wp-json\/wp\/v2\/users\/2"}],"replies":[{"embeddable":true,"href":"https:\/\/www.europesays.com\/pt\/wp-json\/wp\/v2\/comments?post=179202"}],"version-history":[{"count":0,"href":"https:\/\/www.europesays.com\/pt\/wp-json\/wp\/v2\/posts\/179202\/revisions"}],"wp:featuredmedia":[{"embeddable":true,"href":"https:\/\/www.europesays.com\/pt\/wp-json\/wp\/v2\/media\/179203"}],"wp:attachment":[{"href":"https:\/\/www.europesays.com\/pt\/wp-json\/wp\/v2\/media?parent=179202"}],"wp:term":[{"taxonomy":"category","embeddable":true,"href":"https:\/\/www.europesays.com\/pt\/wp-json\/wp\/v2\/categories?post=179202"},{"taxonomy":"post_tag","embeddable":true,"href":"https:\/\/www.europesays.com\/pt\/wp-json\/wp\/v2\/tags?post=179202"}],"curies":[{"name":"wp","href":"https:\/\/api.w.org\/{rel}","templated":true}]}}