{"id":179208,"date":"2025-12-07T21:22:21","date_gmt":"2025-12-07T21:22:21","guid":{"rendered":"https:\/\/www.europesays.com\/pt\/179208\/"},"modified":"2025-12-07T21:22:21","modified_gmt":"2025-12-07T21:22:21","slug":"casa-concreto-e18-martin-arquitetura-engenharia","status":"publish","type":"post","link":"https:\/\/www.europesays.com\/pt\/179208\/","title":{"rendered":"Casa Concreto E18 \/ Martin arquitetura + engenharia"},"content":{"rendered":"<p><a class=\"js-image-size__link lazy-anchor\" href=\"https:\/\/www.archdaily.com.br\/br\/1036732\/casa-concreto-e18-martin-arquitetura-plus-engenharia\/69357e50e1232a0001c381e9-casa-concreto-e18-martin-arquitetura-plus-engenharia-foto\" rel=\"nofollow noopener\" target=\"_blank\"><img decoding=\"async\" alt=\"Casa Concreto E18 \/ Martin arquitetura + engenharia - Fotografia de Exterior\" data-nr-picture-id=\"69357e50e1232a0001c381e9\" height=\"427\" itemprop=\"image\" loading=\"lazy\" longdesc=\"https:\/\/www.archdaily.com.br\/br\/1036732\/casa-concreto-e18-martin-arquitetura-plus-engenharia\/69357e50e1232a0001c381e9-casa-concreto-e18-martin-arquitetura-plus-engenharia-foto\" src=\"https:\/\/www.europesays.com\/pt\/wp-content\/uploads\/2025\/12\/md2021_05_27-155036-HDR.jpg\" width=\"640\"\/>\u00a9 Marcelo Donadussi<\/a><\/p>\n<p class=\"thumbs afd-desktop-e clearfix\"><a class=\"thumbs__link\" data-nr-picture-id=\"69357e50e1232a0001c381e9\" href=\"https:\/\/www.archdaily.com.br\/br\/1036732\/casa-concreto-e18-martin-arquitetura-plus-engenharia\/69357e50e1232a0001c381e9-casa-concreto-e18-martin-arquitetura-plus-engenharia-foto\" rel=\"attachment nofollow noopener\" target=\"_blank\"><img loading=\"lazy\" decoding=\"async\" alt=\"Casa Concreto E18 \/ Martin arquitetura + engenharia - Fotografia de Exterior\" class=\"thumbs__img b-lazy\" data-nr-picture-id=\"69357e50e1232a0001c381e9\" data-pin-nopin=\"true\" src=\"https:\/\/www.europesays.com\/pt\/wp-content\/uploads\/2025\/12\/1765142539_650_md2021_05_27-155036-HDR.jpg\" height=\"125\" longdesc=\"https:\/\/www.archdaily.com.br\/br\/1036732\/casa-concreto-e18-martin-arquitetura-plus-engenharia\/69357e50e1232a0001c381e9-casa-concreto-e18-martin-arquitetura-plus-engenharia-foto\" title=\"\u00a9 Marcelo Donadussi\" width=\"125\"\/><\/a><a class=\"thumbs__link\" data-nr-picture-id=\"69357e4fe1232a0001c381da\" href=\"https:\/\/www.archdaily.com.br\/br\/1036732\/casa-concreto-e18-martin-arquitetura-plus-engenharia\/69357e4fe1232a0001c381da-casa-concreto-e18-martin-arquitetura-plus-engenharia-foto\" rel=\"attachment nofollow noopener\" target=\"_blank\"><img loading=\"lazy\" decoding=\"async\" alt=\"Casa Concreto E18 \/ Martin arquitetura + engenharia - Fotografia de Exterior\" class=\"thumbs__img b-lazy\" data-nr-picture-id=\"69357e4fe1232a0001c381da\" data-pin-nopin=\"true\" src=\"https:\/\/www.europesays.com\/pt\/wp-content\/uploads\/2025\/12\/md2021_05_27-112458-1.jpg\" height=\"125\" longdesc=\"https:\/\/www.archdaily.com.br\/br\/1036732\/casa-concreto-e18-martin-arquitetura-plus-engenharia\/69357e4fe1232a0001c381da-casa-concreto-e18-martin-arquitetura-plus-engenharia-foto\" title=\"\u00a9 Marcelo Donadussi\" width=\"125\"\/><\/a><a class=\"thumbs__link\" data-nr-picture-id=\"69357e4fe1232a0001c381d9\" href=\"https:\/\/www.archdaily.com.br\/br\/1036732\/casa-concreto-e18-martin-arquitetura-plus-engenharia\/69357e4fe1232a0001c381d9-casa-concreto-e18-martin-arquitetura-plus-engenharia-foto\" rel=\"attachment nofollow noopener\" target=\"_blank\"><img loading=\"lazy\" decoding=\"async\" alt=\"Casa Concreto E18 \/ Martin arquitetura + engenharia - Fotografia de Exterior, Concreto\" class=\"thumbs__img b-lazy\" data-nr-picture-id=\"69357e4fe1232a0001c381d9\" data-pin-nopin=\"true\" src=\"https:\/\/www.europesays.com\/pt\/wp-content\/uploads\/2025\/12\/md2021_05_27-112322.jpg\" height=\"125\" longdesc=\"https:\/\/www.archdaily.com.br\/br\/1036732\/casa-concreto-e18-martin-arquitetura-plus-engenharia\/69357e4fe1232a0001c381d9-casa-concreto-e18-martin-arquitetura-plus-engenharia-foto\" title=\"\u00a9 Marcelo Donadussi\" width=\"125\"\/><\/a><a class=\"thumbs__link\" data-nr-picture-id=\"69357e50e1232a0001c381ea\" href=\"https:\/\/www.archdaily.com.br\/br\/1036732\/casa-concreto-e18-martin-arquitetura-plus-engenharia\/69357e50e1232a0001c381ea-casa-concreto-e18-martin-arquitetura-plus-engenharia-foto\" rel=\"attachment nofollow noopener\" target=\"_blank\"><img loading=\"lazy\" decoding=\"async\" alt=\"Casa Concreto E18 \/ Martin arquitetura + engenharia - Fotografia de Exterior\" class=\"thumbs__img b-lazy\" data-nr-picture-id=\"69357e50e1232a0001c381ea\" data-pin-nopin=\"true\" src=\"https:\/\/www.europesays.com\/pt\/wp-content\/uploads\/2025\/12\/md2021_05_27-155433-1-HDR.jpg\" height=\"125\" longdesc=\"https:\/\/www.archdaily.com.br\/br\/1036732\/casa-concreto-e18-martin-arquitetura-plus-engenharia\/69357e50e1232a0001c381ea-casa-concreto-e18-martin-arquitetura-plus-engenharia-foto\" title=\"\u00a9 Marcelo Donadussi\" width=\"125\"\/><\/a><a class=\"gallery-link afd-desktop-e\" href=\"https:\/\/www.archdaily.com.br\/br\/1036732\/casa-concreto-e18-martin-arquitetura-plus-engenharia\/69357e50e1232a0001c381e8-casa-concreto-e18-martin-arquitetura-plus-engenharia-foto\" rel=\"nofollow noopener\" target=\"_blank\"><img decoding=\"async\" alt=\"Casa Concreto E18 \/ Martin arquitetura + engenharia - Mais Imagens\" class=\"thumbs__img b-lazy\" src=\"https:\/\/images.adsttc.com\/media\/images\/6935\/7e50\/e123\/2a00\/01c3\/81e8\/newsletter\/md2021_05_27-123140.jpg?1765113697\" itemprop=\"image\" bad-src=\"data:image\/gif;base64,R0lGODlhAQABAIAAAAUEBAAAACwAAAAAAQABAAACAkQBADs=\"\/>+ 20<\/a><\/p>\n<p>    Compartilhar<\/p>\n<p>Compartilhar<\/p>\n<ul class=\"afd-share__networks clearfix\">\n<li class=\"afd-share__social\"><a aria-label=\"Facebook\" class=\"afd-share__button\" data-insights-category=\"share\" data-insights-label=\"facebook_sharing_options\" data-insights-value=\"1036732\" data-social=\"facebook\" href=\"https:\/\/www.facebook.com\/sharer\/sharer.php?u=https:\/\/www.archdaily.com.br\/br\/1036732\/casa-concreto-e18-martin-arquitetura-plus-engenharia\" rel=\"nofollow noopener\" target=\"_blank\"><\/a>\n<p>Facebook<\/p>\n<\/li>\n<li class=\"afd-share__social\"><a aria-label=\"Twitter\" class=\"afd-share__button\" data-insights-category=\"share\" data-insights-label=\"twitter_sharing_options\" data-insights-value=\"1036732\" data-social=\"twitter\" href=\"https:\/\/twitter.com\/intent\/tweet?text=Casa%20Concreto%20E18%20%2F%20Martin%20arquitetura%20%2B%20engenharia&amp;url=https:\/\/www.archdaily.com.br\/br\/1036732\/casa-concreto-e18-martin-arquitetura-plus-engenharia&amp;via=archdailybr\" rel=\"nofollow noopener\" target=\"_blank\"><\/a>\n<p>Twitter<\/p>\n<\/li>\n<li class=\"afd-share__social\"><a class=\"afd-share__button\" data-insights-category=\"share\" data-insights-label=\"email_sharing_options\" data-insights-value=\"1036732\" data-social=\"email\" href=\"mailto:?subject=Casa Concreto E18 \/ Martin arquitetura + engenharia&amp;body=https:\/\/www.archdaily.com.br\/br\/1036732\/casa-concreto-e18-martin-arquitetura-plus-engenharia\"><\/a>\n<p>Mail<\/p>\n<\/li>\n<li class=\"afd-share__social\"><a aria-label=\"Pinterest\" class=\"afd-share__button\" data-insights-category=\"share\" data-insights-label=\"pinterest_sharing_options\" data-insights-value=\"1036732\" data-social=\"pinterest\" href=\"https:\/\/pinterest.com\/pin\/create\/button\/?url=https%3A%2F%2Fwww.archdaily.com.br%2Fbr%2F1036732%2Fcasa-concreto-e18-martin-arquitetura-plus-engenharia&amp;media=https%3A%2F%2Fimages.adsttc.com%2Fmedia%2Fimages%2F6935%2F7e50%2Fe123%2F2a00%2F01c3%2F81e8%2Flarge_jpg%2Fmd2021_05_27-123140.jpg%3F1765113697&amp;description=Casa%20Concreto%20E18%20%2F%20Martin%20arquitetura%20%2B%20engenharia\" rel=\"nofollow noopener\" target=\"_blank\"><\/a>\n<p>Pinterest<\/p>\n<\/li>\n<li class=\"afd-share__social\"><a aria-label=\"Whatsapp\" class=\"afd-share__button\" data-action=\"share\/whatsapp\/share\" data-insights-category=\"share\" data-insights-label=\"whatsapp_sharing_options\" data-insights-value=\"1036732\" data-social=\"whatsapp\" href=\"whatsapp:\/\/send?text=Casa+Concreto+E18+%2F+Martin+arquitetura+%2B+engenharia+%7C+https%3A%2F%2Fwww.archdaily.com.br%2Fbr%2F1036732%2Fcasa-concreto-e18-martin-arquitetura-plus-engenharia%3Futm_source%3DWhatsapp%26utm_medium%3DIM%26utm_campaign%3Dshare-button\" rel=\"nofollow\"><\/a>\n<p>Whatsapp<\/p>\n<\/li>\n<\/ul>\n<p>Ou<\/p>\n<p>https:\/\/www.archdaily.com.br\/br\/1036732\/casa-concreto-e18-martin-arquitetura-plus-engenharia<\/p>\n<ul class=\"afd-char-list afd-specs__item-container js-char-list\" wp_automatic_readability=\"0\">\n<li class=\"afd-specs__item\">\n<\/li>\n<li class=\"afd-specs__item\">\n  \u00c1rea<br \/>\n  \u00c1rea deste projeto de arquitetura<\/p>\n<p>\u00c1rea:\u00a0<br \/>\n        <a href=\"https:\/\/www.archdaily.com.br\/search\/br\/projects\/min_area\/478\/max_area\/717?ad_name=project-specs&amp;ad_medium=single\" rel=\"nofollow noopener\" target=\"_blank\">598<\/a> m\u00b2<\/li>\n<li class=\"afd-specs__item\">\n<p>  Ano<br \/>\n  Ano de conclus\u00e3o deste projeto de arquitetura<\/p>\n<p>            Ano:\u00a0<\/p>\n<p>                    <a href=\"https:\/\/www.archdaily.com.br\/search\/br\/projects\/year\/2021?ad_name=project-specs&amp;ad_medium=single\" rel=\"nofollow noopener\" target=\"_blank\"><br \/>\n          2021<br \/>\n        <\/a><\/p>\n<\/li>\n<li class=\"afd-specs__item\">\n<p>  Fot\u00f3grafo<\/p>\n<\/li>\n<li class=\"afd-specs__item\" wp_automatic_readability=\"3\">\n<p>  Fabricantes<br \/>\n  Marcas com produtos usados neste projeto de arquitetura<\/p>\n<p>Fabricantes: \u00a0Bancadas Dekton by Cosentino, Esquadrias Buttenbender, Natuzzi estofados, Urbano M\u00f3veis marcenaria<\/p>\n<\/li>\n<\/ul>\n<p><a class=\"js-image-size__link lazy-anchor\" href=\"https:\/\/www.archdaily.com.br\/br\/1036732\/casa-concreto-e18-martin-arquitetura-plus-engenharia\/69357e4fe1232a0001c381da-casa-concreto-e18-martin-arquitetura-plus-engenharia-foto\" rel=\"nofollow noopener\" target=\"_blank\"><img decoding=\"async\" alt=\"Casa Concreto E18 \/ Martin arquitetura + engenharia - Fotografia de Exterior\" data-nr-picture-id=\"69357e4fe1232a0001c381da\" height=\"427\" itemprop=\"image\" loading=\"lazy\" longdesc=\"https:\/\/www.archdaily.com.br\/br\/1036732\/casa-concreto-e18-martin-arquitetura-plus-engenharia\/69357e4fe1232a0001c381da-casa-concreto-e18-martin-arquitetura-plus-engenharia-foto\" src=\"https:\/\/www.europesays.com\/pt\/wp-content\/uploads\/2025\/12\/1765142540_654_md2021_05_27-112458-1.jpg\" width=\"640\"\/>\u00a9 Marcelo Donadussi<\/a><\/p>\n<p>Descri\u00e7\u00e3o enviada pela equipe de projeto. Implantada nas encostas frias de <a href=\"https:\/\/www.archdaily.com.br\/br\/tag\/gramado\" rel=\"nofollow noopener\" target=\"_blank\">Gramado<\/a> (RS), a Casa Concreto E18 traduz o encontro entre a arquitetura uruguaia contempor\u00e2nea e a est\u00e9tica do frio serrano caracter\u00edstica da arquitetura ga\u00facha. <strong>O terreno, envolto por vegeta\u00e7\u00e3o nativa, exigia uma solu\u00e7\u00e3o que equilibrasse presen\u00e7a e integra\u00e7\u00e3o \u2014 uma casa que se destacasse pela forma, mas que dialogasse com o entorno natural e o clima intenso da serra.<\/strong><\/p>\n<p><a class=\"js-image-size__link lazy-anchor\" href=\"https:\/\/www.archdaily.com.br\/br\/1036732\/casa-concreto-e18-martin-arquitetura-plus-engenharia\/69357e50e1232a0001c381ea-casa-concreto-e18-martin-arquitetura-plus-engenharia-foto\" rel=\"nofollow noopener\" target=\"_blank\"><img decoding=\"async\" alt=\"Casa Concreto E18 \/ Martin arquitetura + engenharia - Fotografia de Exterior\" data-nr-picture-id=\"69357e50e1232a0001c381ea\" height=\"427\" itemprop=\"image\" loading=\"lazy\" longdesc=\"https:\/\/www.archdaily.com.br\/br\/1036732\/casa-concreto-e18-martin-arquitetura-plus-engenharia\/69357e50e1232a0001c381ea-casa-concreto-e18-martin-arquitetura-plus-engenharia-foto\" src=\"https:\/\/www.europesays.com\/pt\/wp-content\/uploads\/2025\/12\/1765142540_997_md2021_05_27-155433-1-HDR.jpg\" width=\"640\"\/>\u00a9 Marcelo Donadussi<\/a><\/p>\n<p>A inspira\u00e7\u00e3o veio do Uruguai, onde o uso do concreto aparente, das linhas puras e da honestidade material comp\u00f5e uma linguagem arquitet\u00f4nica direta e atemporal. O propriet\u00e1rio, ap\u00f3s uma viagem ao pa\u00eds, desejava transportar esse conceito para o contexto ga\u00facho \u2014 reinterpretando a simplicidade uruguaia sob a luz fria de <a href=\"https:\/\/www.archdaily.com.br\/br\/tag\/gramado\" rel=\"nofollow noopener\" target=\"_blank\">Gramado<\/a>. A partir disso, <strong>o projeto se desenvolveu em volumes sobrepostos de concreto aparente, intercalados por grandes panos de vidro, com detalhes em pedra e madeira natural que equilibram a rigidez do material principal.<\/strong> A composi\u00e7\u00e3o \u00e9 marcada pela sobriedade formal e equil\u00edbrio visual, traduzindo uma eleg\u00e2ncia silenciosa que se imp\u00f5e pela propor\u00e7\u00e3o e pela textura.<\/p>\n<p><a class=\"js-image-size__link lazy-anchor\" href=\"https:\/\/www.archdaily.com.br\/br\/1036732\/casa-concreto-e18-martin-arquitetura-plus-engenharia\/69357e4de1232a0001c381d2-casa-concreto-e18-martin-arquitetura-plus-engenharia-foto\" rel=\"nofollow noopener\" target=\"_blank\"><img decoding=\"async\" alt=\"Casa Concreto E18 \/ Martin arquitetura + engenharia - Fotografia de Interiores, Madeira\" data-nr-picture-id=\"69357e4de1232a0001c381d2\" height=\"427\" itemprop=\"image\" loading=\"lazy\" longdesc=\"https:\/\/www.archdaily.com.br\/br\/1036732\/casa-concreto-e18-martin-arquitetura-plus-engenharia\/69357e4de1232a0001c381d2-casa-concreto-e18-martin-arquitetura-plus-engenharia-foto\" src=\"https:\/\/www.europesays.com\/pt\/wp-content\/uploads\/2025\/12\/md2021_05_27-105220-HDR.jpg\" width=\"640\"\/>\u00a9 Marcelo Donadussi<\/a><\/p>\n<p><strong>A estrutura e veda\u00e7\u00e3o em concreto aparente foram executadas integralmente in loco, com controle rigoroso de f\u00f4rmas, juntas e tonalidade. <\/strong>O resultado revela um car\u00e1ter artesanal e ao mesmo tempo preciso, onde cada plano exp\u00f5e a mem\u00f3ria do processo construtivo. O vidro atua como contraponto \u00e0 densidade do concreto, promovendo leveza e transpar\u00eancia. J\u00e1 a madeira natural, aplicada em forros e revestimentos, introduz calor visual e refor\u00e7a o v\u00ednculo com o ambiente serrano. <strong>As pedras em muros de arrimo e pisos externos dialogam com a geologia local, ancorando a edifica\u00e7\u00e3o no terreno.<\/strong><\/p>\n<p><a class=\"js-image-size__link lazy-anchor\" href=\"https:\/\/www.archdaily.com.br\/br\/1036732\/casa-concreto-e18-martin-arquitetura-plus-engenharia\/693581e3243c4d5a49876eb9-casa-concreto-e18-martin-arquitetura-plus-engenharia-planta-pavimento-terreo\" rel=\"nofollow noopener\" target=\"_blank\"><img decoding=\"async\" alt=\"Casa Concreto E18 \/ Martin arquitetura + engenharia - Imagem 20 de 25\" data-nr-picture-id=\"693581e3243c4d5a49876eb9\" height=\"427\" itemprop=\"image\" loading=\"lazy\" longdesc=\"https:\/\/www.archdaily.com.br\/br\/1036732\/casa-concreto-e18-martin-arquitetura-plus-engenharia\/693581e3243c4d5a49876eb9-casa-concreto-e18-martin-arquitetura-plus-engenharia-planta-pavimento-terreo\" src=\"https:\/\/www.europesays.com\/pt\/wp-content\/uploads\/2025\/12\/planta-baixa-te-rreo-page-0001-25.jpg\" width=\"640\"\/>Planta &#8211; Pavimento t\u00e9rreo<\/a><a class=\"js-image-size__link lazy-anchor\" href=\"https:\/\/www.archdaily.com.br\/br\/1036732\/casa-concreto-e18-martin-arquitetura-plus-engenharia\/693581e3e41fd7017e4998b4-casa-concreto-e18-martin-arquitetura-plus-engenharia-planta-pavimento-superior\" rel=\"nofollow noopener\" target=\"_blank\"><img decoding=\"async\" alt=\"Casa Concreto E18 \/ Martin arquitetura + engenharia - Imagem 21 de 25\" data-nr-picture-id=\"693581e3e41fd7017e4998b4\" height=\"427\" itemprop=\"image\" loading=\"lazy\" longdesc=\"https:\/\/www.archdaily.com.br\/br\/1036732\/casa-concreto-e18-martin-arquitetura-plus-engenharia\/693581e3e41fd7017e4998b4-casa-concreto-e18-martin-arquitetura-plus-engenharia-planta-pavimento-superior\" src=\"https:\/\/www.europesays.com\/pt\/wp-content\/uploads\/2025\/12\/planta-baixa-pav-superior-page-0001-24.jpg\" width=\"640\"\/>Planta &#8211; Pavimento superior<\/a><\/p>\n<p>O living principal da casa \u00e9 marcado por um v\u00e3o livre de 12 metros, um gesto estrutural que amplia a sensa\u00e7\u00e3o de fluidez entre os ambientes. Internamente, o layout privilegia a continuidade espacial e a integra\u00e7\u00e3o com o exterior, permitindo que luz, vegeta\u00e7\u00e3o e clima participem da arquitetura. <strong>Os volumes superiores, levemente deslocados, criam balan\u00e7os que projetam sombra e dinamismo sobre o t\u00e9rreo.<\/strong> A rela\u00e7\u00e3o entre massas e vazios, t\u00edpica da arquitetura uruguaia, \u00e9 reinterpretada aqui com sofistica\u00e7\u00e3o t\u00e9cnica e sutileza est\u00e9tica.<\/p>\n<p><a class=\"js-image-size__link lazy-anchor\" href=\"https:\/\/www.archdaily.com.br\/br\/1036732\/casa-concreto-e18-martin-arquitetura-plus-engenharia\/69357e4ee1232a0001c381d5-casa-concreto-e18-martin-arquitetura-plus-engenharia-foto\" rel=\"nofollow noopener\" target=\"_blank\"><img decoding=\"async\" alt=\"Casa Concreto E18 \/ Martin arquitetura + engenharia - Fotografia de Exterior, Jardim, Balc\u00e3o, Terra\u00e7o, P\u00e1tio\" data-nr-picture-id=\"69357e4ee1232a0001c381d5\" height=\"427\" itemprop=\"image\" loading=\"lazy\" longdesc=\"https:\/\/www.archdaily.com.br\/br\/1036732\/casa-concreto-e18-martin-arquitetura-plus-engenharia\/69357e4ee1232a0001c381d5-casa-concreto-e18-martin-arquitetura-plus-engenharia-foto\" src=\"https:\/\/www.europesays.com\/pt\/wp-content\/uploads\/2025\/12\/md2021_05_27-105546-1-HDR.jpg\" width=\"640\"\/>\u00a9 Marcelo Donadussi<\/a><\/p>\n<p>A Casa Concreto E18 \u00e9 um manifesto da arquitetura do sul do Brasil \u2014 austera, fria, t\u00e9cnica e sens\u00edvel. <strong>Entre o concreto e o vidro, entre a precis\u00e3o e o sil\u00eancio, a casa revela uma po\u00e9tica material que reflete o clima, a paisagem e a alma ga\u00facha reinterpretados sob a luz da arquitetura uruguaia.<\/strong><\/p>\n<p><a class=\"js-image-size__link lazy-anchor\" href=\"https:\/\/www.archdaily.com.br\/br\/1036732\/casa-concreto-e18-martin-arquitetura-plus-engenharia\/69357e50e1232a0001c381e4-casa-concreto-e18-martin-arquitetura-plus-engenharia-foto\" rel=\"nofollow noopener\" target=\"_blank\"><img decoding=\"async\" alt=\"Casa Concreto E18 \/ Martin arquitetura + engenharia - Fotografia de Exterior\" data-nr-picture-id=\"69357e50e1232a0001c381e4\" height=\"427\" itemprop=\"image\" loading=\"lazy\" longdesc=\"https:\/\/www.archdaily.com.br\/br\/1036732\/casa-concreto-e18-martin-arquitetura-plus-engenharia\/69357e50e1232a0001c381e4-casa-concreto-e18-martin-arquitetura-plus-engenharia-foto\" src=\"https:\/\/www.europesays.com\/pt\/wp-content\/uploads\/2025\/12\/md2021_05_27-122019-HDR.jpg\" width=\"640\"\/>\u00a9 Marcelo Donadussi<\/a><script async src=\"https:\/\/platform.twitter.com\/widgets.js\" charset=\"utf-8\"><\/script><\/p>\n","protected":false},"excerpt":{"rendered":"\u00a9 Marcelo Donadussi + 20 Compartilhar Compartilhar Facebook Twitter Mail Pinterest Whatsapp Ou https:\/\/www.archdaily.com.br\/br\/1036732\/casa-concreto-e18-martin-arquitetura-plus-engenharia \u00c1rea \u00c1rea deste projeto&hellip;\n","protected":false},"author":2,"featured_media":179209,"comment_status":"","ping_status":"","sticky":false,"template":"","format":"standard","meta":{"footnotes":""},"categories":[144],"tags":[304,361,207,205,206,203,201,202,362,204,114,115,10259,32,33],"class_list":{"0":"post-179208","1":"post","2":"type-post","3":"status-publish","4":"format-standard","5":"has-post-thumbnail","7":"category-arte-e-design","8":"tag-arquitetura","9":"tag-arquitetura-residencial","10":"tag-arte","11":"tag-arte-e-design","12":"tag-artedesign","13":"tag-arts","14":"tag-arts-and-design","15":"tag-artsanddesign","16":"tag-casas","17":"tag-design","18":"tag-entertainment","19":"tag-entretenimento","20":"tag-gramado","21":"tag-portugal","22":"tag-pt"},"share_on_mastodon":{"url":"https:\/\/pubeurope.com\/@pt\/115680388867923897","error":""},"_links":{"self":[{"href":"https:\/\/www.europesays.com\/pt\/wp-json\/wp\/v2\/posts\/179208","targetHints":{"allow":["GET"]}}],"collection":[{"href":"https:\/\/www.europesays.com\/pt\/wp-json\/wp\/v2\/posts"}],"about":[{"href":"https:\/\/www.europesays.com\/pt\/wp-json\/wp\/v2\/types\/post"}],"author":[{"embeddable":true,"href":"https:\/\/www.europesays.com\/pt\/wp-json\/wp\/v2\/users\/2"}],"replies":[{"embeddable":true,"href":"https:\/\/www.europesays.com\/pt\/wp-json\/wp\/v2\/comments?post=179208"}],"version-history":[{"count":0,"href":"https:\/\/www.europesays.com\/pt\/wp-json\/wp\/v2\/posts\/179208\/revisions"}],"wp:featuredmedia":[{"embeddable":true,"href":"https:\/\/www.europesays.com\/pt\/wp-json\/wp\/v2\/media\/179209"}],"wp:attachment":[{"href":"https:\/\/www.europesays.com\/pt\/wp-json\/wp\/v2\/media?parent=179208"}],"wp:term":[{"taxonomy":"category","embeddable":true,"href":"https:\/\/www.europesays.com\/pt\/wp-json\/wp\/v2\/categories?post=179208"},{"taxonomy":"post_tag","embeddable":true,"href":"https:\/\/www.europesays.com\/pt\/wp-json\/wp\/v2\/tags?post=179208"}],"curies":[{"name":"wp","href":"https:\/\/api.w.org\/{rel}","templated":true}]}}