{"id":17921,"date":"2025-08-06T03:55:12","date_gmt":"2025-08-06T03:55:12","guid":{"rendered":"https:\/\/www.europesays.com\/pt\/17921\/"},"modified":"2025-08-06T03:55:12","modified_gmt":"2025-08-06T03:55:12","slug":"afonso-pede-segredo-apos-noticia-devastadora","status":"publish","type":"post","link":"https:\/\/www.europesays.com\/pt\/17921\/","title":{"rendered":"Afonso pede segredo ap\u00f3s not\u00edcia devastadora"},"content":{"rendered":"<p>Afonso (<a href=\"https:\/\/natelinha.uol.com.br\/famosos\/tudo-sobre\/humberto-carrao\" rel=\"nofollow noopener\" target=\"_blank\">Humberto Carr\u00e3o<\/a>) ser\u00e1 diagnosticado com leucemia nos pr\u00f3ximos cap\u00edtulos do remake de <a href=\"https:\/\/natelinha.uol.com.br\/novelas\/vale-tudo\" rel=\"nofollow noopener\" target=\"_blank\">Vale Tudo<\/a>. A not\u00edcia chegar\u00e1 logo ap\u00f3s ele flagrar F\u00e1tima (<a href=\"https:\/\/natelinha.uol.com.br\/famosos\/tudo-sobre\/bella-campos\" rel=\"nofollow noopener\" target=\"_blank\">Bella Campos<\/a>) na cama com outro homem. Abalado, o empres\u00e1rio optar\u00e1 por guardar a informa\u00e7\u00e3o apenas para si, sem comunicar a fam\u00edlia ou amigos pr\u00f3ximos.<\/p>\n<p>continua depois da publicidade<\/p>\n<p>Os sintomas come\u00e7ar\u00e3o de maneira discreta. O personagem sentir\u00e1 tonturas, cansa\u00e7o frequente e dores no corpo. Al\u00e9m disso, apresentar\u00e1 sangramentos nasais e manchas na pele. Mesmo diante dos sinais, insistir\u00e1 em manter a rotina, inclusive os treinos como triatleta.<\/p>\n<p>A piora acontecer\u00e1 de forma s\u00fabita. Durante um exerc\u00edcio, Afonso desmaiar\u00e1 e precisar\u00e1 ser levado ao hospital. Os exames iniciais indicar\u00e3o a necessidade de uma investiga\u00e7\u00e3o mais aprofundada. Ap\u00f3s avalia\u00e7\u00e3o, o m\u00e9dico Fernando, que ainda n\u00e3o teve o ator escalado divulgado, confirmar\u00e1 o diagn\u00f3stico.<\/p>\n<p>continua depois da publicidade<\/p>\n<p>+\u00a0<a href=\"https:\/\/natelinha.uol.com.br\/famosos\/2025\/08\/05\/renato-goes-ivan-em-vale-tudo-revela-luta-contra-o-vitiligo-ficava-envergonhado-229469.php\" target=\"_blank\" rel=\"noopener noreferrer nofollow\">Renato G\u00f3es, Ivan em Vale Tudo, revela luta contra o vitiligo: &#8220;Ficava envergonhado&#8221;<\/a><\/p>\n<p>A cena mostrar\u00e1 o personagem recebendo a not\u00edcia em sil\u00eancio. Sem rea\u00e7\u00e3o imediata, ele ouvir\u00e1 do profissional que est\u00e1 com leucemia e que o tratamento depender\u00e1 de um transplante de medula \u00f3ssea. Em seguida, far\u00e1 perguntas r\u00e1pidas e diretas sobre a gravidade e as chances de cura.<\/p>\n<p>O m\u00e9dico explicar\u00e1 que o c\u00e2ncer foi detectado em est\u00e1gio inicial, o que favorece o tratamento. No entanto, destacar\u00e1 a necessidade de encontrar um doador compat\u00edvel. O di\u00e1logo deixar\u00e1 claro que o tempo ser\u00e1 um fator determinante no enfrentamento da doen\u00e7a.<\/p>\n<p>continua depois da publicidade<\/p>\n<p>Afonso pedir\u00e1 segredo em Vale Tudo<\/p>\n<p><img decoding=\"async\" src=\"https:\/\/www.europesays.com\/pt\/wp-content\/uploads\/2025\/08\/tv-globo-vale-tudo-afonso-passa-mal-em-prova_2689.jpeg\" alt=\"imagem-texto\"\/><\/p>\n<p>Mesmo diante da gravidade do quadro, Afonso pedir\u00e1 que nada seja revelado a ningu\u00e9m. Ele afirmar\u00e1 que precisa assimilar a situa\u00e7\u00e3o antes de envolver outras pessoas. A fala ocorrer\u00e1 em tom contido, refor\u00e7ando a inten\u00e7\u00e3o de manter sigilo total.<\/p>\n<p>+\u00a0<a href=\"https:\/\/natelinha.uol.com.br\/novelas\/2025\/08\/05\/vale-tudo-bartolomeu-consegue-prova-contra-odete-roitman-e-livra-o-filho-da-cadeia-229436.php\" target=\"_blank\" rel=\"noopener noreferrer nofollow\">Vale Tudo: Bartolomeu consegue prova contra Odete Roitman e livra o filho da cadeia<\/a><\/p>\n<p>O personagem, nesse momento da trama, j\u00e1 ter\u00e1 se mudado da mans\u00e3o onde vivia com a m\u00e3e, Odete (<a href=\"https:\/\/natelinha.uol.com.br\/famosos\/tudo-sobre\/debora-bloch\" rel=\"nofollow noopener\" target=\"_blank\">Debora Bloch<\/a>), para um apartamento ainda sem mob\u00edlia. A decis\u00e3o de esconder a doen\u00e7a refletir\u00e1 seu isolamento crescente e a tentativa de lidar com o problema de forma solit\u00e1ria.<\/p>\n<p>continua depois da publicidade<\/p>\n<p>O pedido de segredo comprometer\u00e1 o in\u00edcio da busca por um doador, etapa essencial para o avan\u00e7o do tratamento. Ainda assim, Afonso evitar\u00e1 qualquer contato com familiares sobre o assunto, incluindo a pr\u00f3pria m\u00e3e.<\/p>\n<p><strong>Confira os resumos da semana das outras novelas:<\/strong><\/p>\n<p>O\u00a0<strong>NaTelinha<\/strong>\u00a0divulga todos os dias os\u00a0<a href=\"https:\/\/natelinha.uol.com.br\/novelas\" rel=\"nofollow noopener\" target=\"_blank\"><strong>resumos dos cap\u00edtulos<\/strong><\/a>, detalhes dos personagens, entrevistas exclusivas com o elenco e spoiler da novela Vale Tudo.\u00a0\u00a0<\/p>\n<p><strong>Assista \u00e0 abertura do remake de Vale Tudo:\u00a0 \u00a0<\/strong><\/p>\n<p><strong><\/p>\n<p>                                <img decoding=\"async\" alt=\"Imagem da thumbnail do v\u00eddeo\" src=\"https:\/\/www.europesays.com\/pt\/wp-content\/uploads\/2025\/07\/1753885272_70_hqdefault.jpg\" class=\"play-video\"\/><\/p>\n<p>                            <\/strong><\/p>\n","protected":false},"excerpt":{"rendered":"Afonso (Humberto Carr\u00e3o) ser\u00e1 diagnosticado com leucemia nos pr\u00f3ximos cap\u00edtulos do remake de Vale Tudo. A not\u00edcia chegar\u00e1&hellip;\n","protected":false},"author":2,"featured_media":17922,"comment_status":"","ping_status":"","sticky":false,"template":"","format":"standard","meta":{"footnotes":""},"categories":[142],"tags":[6660,114,115,6661,32,33,151,2154],"class_list":{"0":"post-17921","1":"post","2":"type-post","3":"status-publish","4":"format-standard","5":"has-post-thumbnail","7":"category-tv","8":"tag-afonso-vale-tudo","9":"tag-entertainment","10":"tag-entretenimento","11":"tag-maria-de-fatima-vale-tudo","12":"tag-portugal","13":"tag-pt","14":"tag-tv","15":"tag-vale-tudo"},"share_on_mastodon":{"url":"","error":""},"_links":{"self":[{"href":"https:\/\/www.europesays.com\/pt\/wp-json\/wp\/v2\/posts\/17921","targetHints":{"allow":["GET"]}}],"collection":[{"href":"https:\/\/www.europesays.com\/pt\/wp-json\/wp\/v2\/posts"}],"about":[{"href":"https:\/\/www.europesays.com\/pt\/wp-json\/wp\/v2\/types\/post"}],"author":[{"embeddable":true,"href":"https:\/\/www.europesays.com\/pt\/wp-json\/wp\/v2\/users\/2"}],"replies":[{"embeddable":true,"href":"https:\/\/www.europesays.com\/pt\/wp-json\/wp\/v2\/comments?post=17921"}],"version-history":[{"count":0,"href":"https:\/\/www.europesays.com\/pt\/wp-json\/wp\/v2\/posts\/17921\/revisions"}],"wp:featuredmedia":[{"embeddable":true,"href":"https:\/\/www.europesays.com\/pt\/wp-json\/wp\/v2\/media\/17922"}],"wp:attachment":[{"href":"https:\/\/www.europesays.com\/pt\/wp-json\/wp\/v2\/media?parent=17921"}],"wp:term":[{"taxonomy":"category","embeddable":true,"href":"https:\/\/www.europesays.com\/pt\/wp-json\/wp\/v2\/categories?post=17921"},{"taxonomy":"post_tag","embeddable":true,"href":"https:\/\/www.europesays.com\/pt\/wp-json\/wp\/v2\/tags?post=17921"}],"curies":[{"name":"wp","href":"https:\/\/api.w.org\/{rel}","templated":true}]}}