{"id":179214,"date":"2025-12-07T21:27:20","date_gmt":"2025-12-07T21:27:20","guid":{"rendered":"https:\/\/www.europesays.com\/pt\/179214\/"},"modified":"2025-12-07T21:27:20","modified_gmt":"2025-12-07T21:27:20","slug":"video-man-city-aproveita-desaire-do-arsenal-e-vence-com-golaco-de-ruben-dias","status":"publish","type":"post","link":"https:\/\/www.europesays.com\/pt\/179214\/","title":{"rendered":"V\u00cdDEO: Man. City aproveita desaire do Arsenal e vence com gola\u00e7o de R\u00faben Dias"},"content":{"rendered":"<p>O Manchester City aproveitou da melhor forma o desaire do Arsenal, <a href=\"https:\/\/maisfutebol.iol.pt\/internacional\/inglaterra\/video-arsenal-perde-no-villa-park-e-city-pode-aproximar-se-da-lideranca\" target=\"_blank\" rel=\"nofollow noopener\">que perdeu na visita ao Aston Villa<\/a>, e venceu o Sunderland por 3-0, com destaque para um gola\u00e7o de R\u00faben Dias.\u00a0<\/p>\n<p>Com o objetivo de reduzir a desvantagem para os\u00a0gunners\u00a0na Liga Inglesa, os comandados de Pep Guardiola dominaram o primeiro tempo e n\u00e3o permitiram qualquer remate aos visitantes. Os tr\u00eas portugueses alinharam de in\u00edcio nos\u00a0citizens\u00a0e o central portugu\u00eas levou o est\u00e1dio \u00e0 loucura com um pontap\u00e9 indefens\u00e1vel para o guarda-redes.<\/p>\n<p>\u00c0 entrada da \u00e1rea, R\u00faben Dias teve tempo e espa\u00e7o para armar o remate e fez lembrar o m\u00edtico golo de Vincent Kompany pelo Man. City, para o 1-0.<\/p>\n<p>Pouco depois, a equipa da casa fez o segundo e com interfer\u00eancia do homem do momento. Phil Foden assistiu Gvardiol para o 2-0 e o central croata n\u00e3o perdoou no frente a frente com Roefs.\u00a0<\/p>\n<p>Esta vantagem manteve-se at\u00e9 ao intervalo e a cad\u00eancia do encontro manteve-se no regresso dos balne\u00e1rios. Depois de assistir, o internacional ingl\u00eas voltou a fazer o gosto ao p\u00e9 e apontou o quinto golo nos \u00faltimos tr\u00eas jogos com a camisola do Man. City. Nota para o trabalho fabuloso de Cherki, que ofereceu de bandeja o 3-0 a Foden.<\/p>\n<p>Este resultado deixa o Man. City na segunda posi\u00e7\u00e3o da Liga Inglesa, com 31 pontos em 15 jogos, e a apenas dois pontos da lideran\u00e7a da prova.<\/p>\n","protected":false},"excerpt":{"rendered":"O Manchester City aproveitou da melhor forma o desaire do Arsenal, que perdeu na visita ao Aston Villa,&hellip;\n","protected":false},"author":2,"featured_media":179215,"comment_status":"","ping_status":"","sticky":false,"template":"","format":"standard","meta":{"footnotes":""},"categories":[87],"tags":[5405,135,665,5433,46,1382,32,33,47,4219,5434,5920,12290,134,14058],"class_list":{"0":"post-179214","1":"post","2":"type-post","3":"status-publish","4":"format-standard","5":"has-post-thumbnail","7":"category-desporto","8":"tag-bernardo-silva","9":"tag-desporto","10":"tag-inglaterra","11":"tag-jogos-hoje","12":"tag-maisfutebol","13":"tag-manchester-city","14":"tag-portugal","15":"tag-pt","16":"tag-pura-paixao","17":"tag-resultado-final","18":"tag-resultados-hoje","19":"tag-resultados-maisfutebol","20":"tag-ruben-dias","21":"tag-sports","22":"tag-sunderland"},"share_on_mastodon":{"url":"https:\/\/pubeurope.com\/@pt\/115680408092927380","error":""},"_links":{"self":[{"href":"https:\/\/www.europesays.com\/pt\/wp-json\/wp\/v2\/posts\/179214","targetHints":{"allow":["GET"]}}],"collection":[{"href":"https:\/\/www.europesays.com\/pt\/wp-json\/wp\/v2\/posts"}],"about":[{"href":"https:\/\/www.europesays.com\/pt\/wp-json\/wp\/v2\/types\/post"}],"author":[{"embeddable":true,"href":"https:\/\/www.europesays.com\/pt\/wp-json\/wp\/v2\/users\/2"}],"replies":[{"embeddable":true,"href":"https:\/\/www.europesays.com\/pt\/wp-json\/wp\/v2\/comments?post=179214"}],"version-history":[{"count":0,"href":"https:\/\/www.europesays.com\/pt\/wp-json\/wp\/v2\/posts\/179214\/revisions"}],"wp:featuredmedia":[{"embeddable":true,"href":"https:\/\/www.europesays.com\/pt\/wp-json\/wp\/v2\/media\/179215"}],"wp:attachment":[{"href":"https:\/\/www.europesays.com\/pt\/wp-json\/wp\/v2\/media?parent=179214"}],"wp:term":[{"taxonomy":"category","embeddable":true,"href":"https:\/\/www.europesays.com\/pt\/wp-json\/wp\/v2\/categories?post=179214"},{"taxonomy":"post_tag","embeddable":true,"href":"https:\/\/www.europesays.com\/pt\/wp-json\/wp\/v2\/tags?post=179214"}],"curies":[{"name":"wp","href":"https:\/\/api.w.org\/{rel}","templated":true}]}}