{"id":179220,"date":"2025-12-07T21:32:10","date_gmt":"2025-12-07T21:32:10","guid":{"rendered":"https:\/\/www.europesays.com\/pt\/179220\/"},"modified":"2025-12-07T21:32:10","modified_gmt":"2025-12-07T21:32:10","slug":"chefe-do-exercito-israelita-define-linha-amarela-como-nova-fronteira","status":"publish","type":"post","link":"https:\/\/www.europesays.com\/pt\/179220\/","title":{"rendered":"Chefe do ex\u00e9rcito israelita define &#8216;linha amarela&#8217; como \u201cnova fronteira\u201d"},"content":{"rendered":"<p>        O chefe do Estado-Maior israelita declarou que a denominada \u201clinha amarela\u201d, demarcada na Faixa de Gaza, passa a ser considerada a \u201cnova fronteira\u201d com Israel, segundo comunicado militar.    <\/p>\n<p>O chefe do Estado-Maior israelita, Eyal Zamir, declarou hoje que a denominada \u201clinha amarela\u201d, demarcada na Faixa de Gaza, passa a ser considerada a \u201cnova fronteira\u201d com Israel, segundo comunicado militar. Num texto dirigido aos soldados da reserva em Gaza, o comandante do ex\u00e9rcito de Israel afirmou que a \u201clinha amarela\u201d representa \u201cuma linha de defesa avan\u00e7ada para os colonatos (israelitas) e uma linha de ataque\u201d.<\/p>\n<p>De acordo com o cessar-fogo acordado com o Hamas, em vigor desde 10 de outubro, as tropas israelitas dever\u00e3o retirar-se da Faixa de Gaza de forma faseada, ap\u00f3s uma retirada inicial dentro do territ\u00f3rio delimitado pela \u201clinha amarela\u201d. Hoje, ex\u00e9rcito israelita matou um palestiniano depois de este ter alegadamente cruzado a chamada \u201clinha amarela\u201d na zona sul da Faixa de Gaza.<\/p>\n<p>Num comunicado, a organiza\u00e7\u00e3o militar de Israel explicou que, depois de ter sido identificado \u201cum terrorista\u201d, as tropas abriram fogo para \u201celiminar a amea\u00e7a\u201d. Sob o pretexto de \u201camea\u00e7as imediatas\u201d, as tropas israelitas t\u00eam matado diariamente habitantes de Gaza desde a entrada em vigor do cessar-fogo, elevando o n\u00famero oficial de mortos para 366, segundo o Minist\u00e9rio da Sa\u00fade do enclave, sem contar os registos mais recentes.<\/p>\n<p>Entre os mortos est\u00e3o militantes e civis de Gaza que alegadamente atravessaram a \u201clinha amarela\u201d, a demarca\u00e7\u00e3o imagin\u00e1ria para a qual as tropas israelitas se retiraram quando o cessar-fogo come\u00e7ou. Para al\u00e9m dessa linha, todo o per\u00edmetro, mais de 50% de Gaza, continua sob controlo militar de Israel.<\/p>\n<p>Parte da popula\u00e7\u00e3o de Gaza desconhece as demarca\u00e7\u00f5es e est\u00e1 a aproximar-se desta nova fronteira, tentando regressar \u00e0s suas casas. Em Rafah, no sul da Faixa de Gaza, que Israel controla como zona militarizada desde abril, embora j\u00e1 estivesse ocupada pelo Ex\u00e9rcito israelita desde maio de 2014, as tropas matam quase diariamente alegados milicianos palestinianos que permanecem \u201cencurralados\u201d nos seus t\u00faneis, sem que Israel lhes garanta uma sa\u00edda segura.<\/p>\n","protected":false},"excerpt":{"rendered":"O chefe do Estado-Maior israelita declarou que a denominada \u201clinha amarela\u201d, demarcada na Faixa de Gaza, passa a&hellip;\n","protected":false},"author":2,"featured_media":179221,"comment_status":"","ping_status":"","sticky":false,"template":"","format":"standard","meta":{"footnotes":""},"categories":[50],"tags":[27,28,15,16,14,259,25,26,21,22,432,62,12,13,19,20,431,23,24,17,18,29,30,31,63,64,65],"class_list":{"0":"post-179220","1":"post","2":"type-post","3":"status-publish","4":"format-standard","5":"has-post-thumbnail","7":"category-mundo","8":"tag-breaking-news","9":"tag-breakingnews","10":"tag-featured-news","11":"tag-featurednews","12":"tag-headlines","13":"tag-israel","14":"tag-latest-news","15":"tag-latestnews","16":"tag-main-news","17":"tag-mainnews","18":"tag-medio-oriente","19":"tag-mundo","20":"tag-news","21":"tag-noticias","22":"tag-noticias-principais","23":"tag-noticiasprincipais","24":"tag-palestina","25":"tag-principais-noticias","26":"tag-principaisnoticias","27":"tag-top-stories","28":"tag-topstories","29":"tag-ultimas","30":"tag-ultimas-noticias","31":"tag-ultimasnoticias","32":"tag-world","33":"tag-world-news","34":"tag-worldnews"},"share_on_mastodon":{"url":"https:\/\/pubeurope.com\/@pt\/115680427821684914","error":""},"_links":{"self":[{"href":"https:\/\/www.europesays.com\/pt\/wp-json\/wp\/v2\/posts\/179220","targetHints":{"allow":["GET"]}}],"collection":[{"href":"https:\/\/www.europesays.com\/pt\/wp-json\/wp\/v2\/posts"}],"about":[{"href":"https:\/\/www.europesays.com\/pt\/wp-json\/wp\/v2\/types\/post"}],"author":[{"embeddable":true,"href":"https:\/\/www.europesays.com\/pt\/wp-json\/wp\/v2\/users\/2"}],"replies":[{"embeddable":true,"href":"https:\/\/www.europesays.com\/pt\/wp-json\/wp\/v2\/comments?post=179220"}],"version-history":[{"count":0,"href":"https:\/\/www.europesays.com\/pt\/wp-json\/wp\/v2\/posts\/179220\/revisions"}],"wp:featuredmedia":[{"embeddable":true,"href":"https:\/\/www.europesays.com\/pt\/wp-json\/wp\/v2\/media\/179221"}],"wp:attachment":[{"href":"https:\/\/www.europesays.com\/pt\/wp-json\/wp\/v2\/media?parent=179220"}],"wp:term":[{"taxonomy":"category","embeddable":true,"href":"https:\/\/www.europesays.com\/pt\/wp-json\/wp\/v2\/categories?post=179220"},{"taxonomy":"post_tag","embeddable":true,"href":"https:\/\/www.europesays.com\/pt\/wp-json\/wp\/v2\/tags?post=179220"}],"curies":[{"name":"wp","href":"https:\/\/api.w.org\/{rel}","templated":true}]}}