{"id":179222,"date":"2025-12-07T21:33:09","date_gmt":"2025-12-07T21:33:09","guid":{"rendered":"https:\/\/www.europesays.com\/pt\/179222\/"},"modified":"2025-12-07T21:33:09","modified_gmt":"2025-12-07T21:33:09","slug":"adolescente-de-17-anos-ferido-a-facada-em-cena-de-pancadaria-entre-jovens-no-centro-de-santarem-c-video","status":"publish","type":"post","link":"https:\/\/www.europesays.com\/pt\/179222\/","title":{"rendered":"Adolescente de 17 anos ferido \u00e0 facada em cena de pancadaria entre jovens no centro de Santar\u00e9m (c\/ v\u00eddeo)"},"content":{"rendered":"<p>ATUALIDADA \u00c0S 17H45.<\/p>\n<p><strong>Um jovem, de 17 anos, ficou ferido com gravidade, ap\u00f3s ter sido atacado com duas facadas, numa cena de pancadaria ocorrida na madrugada desta de s\u00e1bado, 6 de dezembro, no Largo C\u00e2ndido dos Reis, no passeio em frente ao centro comercial W Shopping, em Santar\u00e9m.<\/strong><\/p>\n<p>Segundo a Rede Regional conseguiu apurar os confrontos come\u00e7aram pouco depois da meia noite, envolvendo um grupo de alunos, que teria estado num conv\u00edvio de estudantes realizado no antigo ringue dos Caixeiros, e v\u00e1rios outros jovens, alegadamente pertencentes a um grupo de um bairro da cidade.<\/p>\n<p>As imagens, que circulam em v\u00e1rios grupos de Whatsapp, e a que a Rede Regional teve acesso, mostram v\u00e1rios momentos de agress\u00f5es, no passeio e at\u00e9 mesmo na pr\u00f3pria estrada, com empurr\u00f5es, murros, pontap\u00e9s e outro tipo de agress\u00f5es, provocando uma situa\u00e7\u00e3o de p\u00e2nico que levou \u00e0 fuga de v\u00e1rios outros jovens que estavam nas imedia\u00e7\u00f5es.<\/p>\n<p>O local fica a poucos metros da esquadra e comando da Pol\u00edcia de Seguran\u00e7a P\u00fablica, que foi chamada \u00e0 ocorr\u00eancia. Contactada pelo nosso jornal, fonte da PSP de Santar\u00e9m confirmou que foram ofendidos tr\u00eas jovens, dois rapazes e uma rapariga, que relataram terem sido abordados por um grupo de cerca 30 indiv\u00edduos na cal\u00e7ada em frente ao centro comercial, isto depois de inicialmente j\u00e1 terem existido desentendimentos na festa de estudante realizada no antigo ringue dos Caixeiros.<\/p>\n<p>A mesma fonte refere que os agressores ter\u00e3o fugido apeados pela Rua Pedro Santar\u00e9m, n\u00e3o tendo sido feitas quaisquer deten\u00e7\u00f5es, sendo que os ofendidos alegam n\u00e3o conhecer nenhum dos agressores.<\/p>\n<p>Tamb\u00e9m contactado pela Rede Regional, o comandante dos Bombeiros Volunt\u00e1rios de Santar\u00e9m, Rui Carvalho, explica que a corpora\u00e7\u00e3o foi acionada pelo Centro de Orienta\u00e7\u00e3o de Doentes Urgentes (CODU) \u00e0s 00h44 de s\u00e1bado, para o que inicialmente foi descrito como uma agress\u00e3o.<\/p>\n<p>\u00c0 chegada ao local, a equipa de socorristas deparou-se com uma briga entre adolescentes, havendo um jovem de 17 anos com duas facadas na grelha costal do lado esquerdo, que foi transportado ao Hospital Distrital de Santar\u00e9m como ferido grave e acompanhado pela pol\u00edcia.<\/p>\n<p>Por mera sorte, o esfaqueamento ter\u00e1 atingido levemente o pulm\u00e3o esquerdo, tendo o jovem sido suturado e regressado a casa, sem necessidade de cirurgia.<\/p>\n<p>O caso est\u00e1 a ser tratado como tentativa de homic\u00eddio, pelo que passou para a Al\u00e7ada da Pol\u00edcia Judici\u00e1ria, que est\u00e1 agora a conduzir as investiga\u00e7\u00f5es. Refira-se que a zona est\u00e1 coberta pelo sistema de videovigil\u00e2ncia instalado na cidade.<\/p>\n<p>SEGUNDO CASO DE FACADAS NUMA SEMANA<\/p>\n<p>Este \u00e9 o segundo caso de agress\u00f5es com recurso a arma branca na cidade de Santar\u00e9m no espa\u00e7o de uma semana. No s\u00e1bado anterior, 29 de novembro, uma outra pessoa foi esfaqueada no Campo Infante da C\u00e2mara, antes do jogo entre a Uni\u00e3o de Santar\u00e9m e a Acad\u00e9mica de Coimbra, a contar para a Liga 3.<\/p>\n<p>Segundo o nosso jornal conseguiu apurar junto da PSP, os agentes que estavam de servi\u00e7o ao jogo tiveram de sair do Campo Ch\u00e3 das Padeiras para terminar com as cenas de agress\u00f5es, n\u00e3o tendo conseguido evitar que uma pessoa fosse esfaqueada e outra apedrejada, tendo ambos sido transportados ao Hospital de Santar\u00e9m.<\/p>\n<p><a href=\"https:\/\/www.rederegional.com\/wp-content\/uploads\/2025\/12\/agressoes-estudantes.mp4\" rel=\"nofollow noopener\" target=\"_blank\">VEJA AQUI O V\u00cdDEO<\/a>.<\/p>\n<p><video height=\"1280\" style=\"aspect-ratio: 720 \/ 1280;\" width=\"720\" controls=\"\" src=\"https:\/\/www.rederegional.com\/wp-content\/uploads\/2025\/12\/agressoes-estudantes.mp4\"\/><\/p>\n","protected":false},"excerpt":{"rendered":"ATUALIDADA \u00c0S 17H45. Um jovem, de 17 anos, ficou ferido com gravidade, ap\u00f3s ter sido atacado com duas&hellip;\n","protected":false},"author":2,"featured_media":179223,"comment_status":"","ping_status":"","sticky":false,"template":"","format":"standard","meta":{"footnotes":""},"categories":[10],"tags":[27,28,15,16,14,25,26,21,22,12,13,19,20,32,23,24,33,17,18,29,30,31],"class_list":{"0":"post-179222","1":"post","2":"type-post","3":"status-publish","4":"format-standard","5":"has-post-thumbnail","7":"category-portugal","8":"tag-breaking-news","9":"tag-breakingnews","10":"tag-featured-news","11":"tag-featurednews","12":"tag-headlines","13":"tag-latest-news","14":"tag-latestnews","15":"tag-main-news","16":"tag-mainnews","17":"tag-news","18":"tag-noticias","19":"tag-noticias-principais","20":"tag-noticiasprincipais","21":"tag-portugal","22":"tag-principais-noticias","23":"tag-principaisnoticias","24":"tag-pt","25":"tag-top-stories","26":"tag-topstories","27":"tag-ultimas","28":"tag-ultimas-noticias","29":"tag-ultimasnoticias"},"share_on_mastodon":{"url":"https:\/\/pubeurope.com\/@pt\/115680431633330643","error":""},"_links":{"self":[{"href":"https:\/\/www.europesays.com\/pt\/wp-json\/wp\/v2\/posts\/179222","targetHints":{"allow":["GET"]}}],"collection":[{"href":"https:\/\/www.europesays.com\/pt\/wp-json\/wp\/v2\/posts"}],"about":[{"href":"https:\/\/www.europesays.com\/pt\/wp-json\/wp\/v2\/types\/post"}],"author":[{"embeddable":true,"href":"https:\/\/www.europesays.com\/pt\/wp-json\/wp\/v2\/users\/2"}],"replies":[{"embeddable":true,"href":"https:\/\/www.europesays.com\/pt\/wp-json\/wp\/v2\/comments?post=179222"}],"version-history":[{"count":0,"href":"https:\/\/www.europesays.com\/pt\/wp-json\/wp\/v2\/posts\/179222\/revisions"}],"wp:featuredmedia":[{"embeddable":true,"href":"https:\/\/www.europesays.com\/pt\/wp-json\/wp\/v2\/media\/179223"}],"wp:attachment":[{"href":"https:\/\/www.europesays.com\/pt\/wp-json\/wp\/v2\/media?parent=179222"}],"wp:term":[{"taxonomy":"category","embeddable":true,"href":"https:\/\/www.europesays.com\/pt\/wp-json\/wp\/v2\/categories?post=179222"},{"taxonomy":"post_tag","embeddable":true,"href":"https:\/\/www.europesays.com\/pt\/wp-json\/wp\/v2\/tags?post=179222"}],"curies":[{"name":"wp","href":"https:\/\/api.w.org\/{rel}","templated":true}]}}