{"id":179224,"date":"2025-12-07T21:34:21","date_gmt":"2025-12-07T21:34:21","guid":{"rendered":"https:\/\/www.europesays.com\/pt\/179224\/"},"modified":"2025-12-07T21:34:21","modified_gmt":"2025-12-07T21:34:21","slug":"lando-norris-conquista-titulo-mundial-e-encerra-dominio-de-verstappen","status":"publish","type":"post","link":"https:\/\/www.europesays.com\/pt\/179224\/","title":{"rendered":"Lando Norris conquista t\u00edtulo mundial e encerra dom\u00ednio de Verstappen"},"content":{"rendered":"<p>O piloto ingl\u00eas da McLaren, Lando Norris, \u00e9 o novo campe\u00e3o do mundo de F\u00f3rmula 1. A confirma\u00e7\u00e3o chegou este domingo, 7 de dezembro, na \u00faltima prova do campeonato, onde Norris foi terceiro, com Max Verstappen (Red Bull) a vencer a corrida.<\/p>\n<p><strong>Lando Norris, 26 anos, \u00e9 o primeiro piloto desde o seu compatriota Lewis Hamilton (em 2008) a vencer um t\u00edtulo mundial pela McLaren.<\/strong><\/p>\n<p>Saindo de segundo lugar na grelha de partida, Lando Norris chegou \u00e0 \u00faltima corrida, em Abu Dhabi, com uma vantagem consider\u00e1vel para os dois rivais (o australiano Oscar Piastri, seu colega de equipa, e o neerland\u00eas Max Verstappen). Para ser campe\u00e3o do mundo, bastava terminar no p\u00f3dio, o que acabou por acontecer ap\u00f3s uma corrida quase sempre liderada pelo neerland\u00eas da Red Bull.<\/p>\n<p>Isto significa que <strong>Max Verstappen v\u00ea interrompida a sua s\u00e9rie de t\u00edtulos consecutivos (quatro, ao todo), que conquistou desde 2021 precisamente na pista onde este domingo acabou por ceder.<\/strong><\/p>\n<p>A somar a este t\u00edtulo de pilotos, a McLaren conquistou tamb\u00e9m o t\u00edtulo de construtores. Em 2024, a scuderia brit\u00e2nica tamb\u00e9m vencera o t\u00edtulo de equipas. <\/p>\n","protected":false},"excerpt":{"rendered":"O piloto ingl\u00eas da McLaren, Lando Norris, \u00e9 o novo campe\u00e3o do mundo de F\u00f3rmula 1. A confirma\u00e7\u00e3o&hellip;\n","protected":false},"author":2,"featured_media":179225,"comment_status":"","ping_status":"","sticky":false,"template":"","format":"standard","meta":{"footnotes":""},"categories":[8],"tags":[27,28,15,16,971,14,5020,25,26,21,22,1750,5970,12,13,19,20,32,23,24,33,17,18,29,30,31],"class_list":{"0":"post-179224","1":"post","2":"type-post","3":"status-publish","4":"format-standard","5":"has-post-thumbnail","7":"category-principais-noticias","8":"tag-breaking-news","9":"tag-breakingnews","10":"tag-featured-news","11":"tag-featurednews","12":"tag-formula-1","13":"tag-headlines","14":"tag-lando-norris","15":"tag-latest-news","16":"tag-latestnews","17":"tag-main-news","18":"tag-mainnews","19":"tag-max-verstappen","20":"tag-mclaren","21":"tag-news","22":"tag-noticias","23":"tag-noticias-principais","24":"tag-noticiasprincipais","25":"tag-portugal","26":"tag-principais-noticias","27":"tag-principaisnoticias","28":"tag-pt","29":"tag-top-stories","30":"tag-topstories","31":"tag-ultimas","32":"tag-ultimas-noticias","33":"tag-ultimasnoticias"},"share_on_mastodon":{"url":"https:\/\/pubeurope.com\/@pt\/115680435706291195","error":""},"_links":{"self":[{"href":"https:\/\/www.europesays.com\/pt\/wp-json\/wp\/v2\/posts\/179224","targetHints":{"allow":["GET"]}}],"collection":[{"href":"https:\/\/www.europesays.com\/pt\/wp-json\/wp\/v2\/posts"}],"about":[{"href":"https:\/\/www.europesays.com\/pt\/wp-json\/wp\/v2\/types\/post"}],"author":[{"embeddable":true,"href":"https:\/\/www.europesays.com\/pt\/wp-json\/wp\/v2\/users\/2"}],"replies":[{"embeddable":true,"href":"https:\/\/www.europesays.com\/pt\/wp-json\/wp\/v2\/comments?post=179224"}],"version-history":[{"count":0,"href":"https:\/\/www.europesays.com\/pt\/wp-json\/wp\/v2\/posts\/179224\/revisions"}],"wp:featuredmedia":[{"embeddable":true,"href":"https:\/\/www.europesays.com\/pt\/wp-json\/wp\/v2\/media\/179225"}],"wp:attachment":[{"href":"https:\/\/www.europesays.com\/pt\/wp-json\/wp\/v2\/media?parent=179224"}],"wp:term":[{"taxonomy":"category","embeddable":true,"href":"https:\/\/www.europesays.com\/pt\/wp-json\/wp\/v2\/categories?post=179224"},{"taxonomy":"post_tag","embeddable":true,"href":"https:\/\/www.europesays.com\/pt\/wp-json\/wp\/v2\/tags?post=179224"}],"curies":[{"name":"wp","href":"https:\/\/api.w.org\/{rel}","templated":true}]}}