{"id":179226,"date":"2025-12-07T21:35:13","date_gmt":"2025-12-07T21:35:13","guid":{"rendered":"https:\/\/www.europesays.com\/pt\/179226\/"},"modified":"2025-12-07T21:35:13","modified_gmt":"2025-12-07T21:35:13","slug":"carol-peixinho-mostra-a-mao-do-filho-e-revela-completamente","status":"publish","type":"post","link":"https:\/\/www.europesays.com\/pt\/179226\/","title":{"rendered":"Carol Peixinho mostra a m\u00e3o do filho e revela: &#8216;Completamente&#8217;"},"content":{"rendered":"<p>Apaixonada por cada detalhe de seu filho e de <strong>Thiaguinho<\/strong>, o pequeno <strong>Bento<\/strong>, de dois meses, <a href=\"https:\/\/caras.com.br\/tags\/carol-peixinho\" rel=\"nofollow noopener\" target=\"_blank\"><strong>Carol Peixinho<\/strong><\/a> compartilhou mais um momento encantador com o herdeiro. Neste domingo, 07, a famosa mostrou uma das m\u00e3os do beb\u00ea e deixou os internautas babando com ela.<\/p>\n<p>Ao exibir o membro fofinho do pequeno, a ex-BBB se declarou mais uma vez para o menino. \u201cSou completamente apaixonada por essa m\u00e3o!\u201d, disse a mam\u00e3e de primeira viagem.<\/p>\n<p>Apesar de n\u00e3o mostrar muito o rosto de Bento, Carol Peixinho tem compartilhado alguns de seus momentos com o filho. Nos \u00faltimos dias, <a href=\"https:\/\/caras.com.br\/bebe\/carol-peixinho-mostra-momento-encantador-com-o-filho-veja.phtml\" rel=\"nofollow noopener\" target=\"_blank\">ela encantou ao surgir com ele no colo<\/a>. Em outra ocasi\u00e3o, <a href=\"https:\/\/caras.com.br\/bebe\/carol-peixinho-se-emociona-ao-ver-desenvolvimento-do-filho-quase-chorando.phtml\" rel=\"nofollow noopener\" target=\"_blank\">ela se mostrou muito emocionada ao v\u00ea-lo se desenvolver nas atividades no ch\u00e3o<\/a>.<\/p>\n<p> Veja a m\u00e3o de Bento: <img loading=\"lazy\" decoding=\"async\" class=\"size-full wp-image-1040700 img-fluid lazy\" alt=\"Carol Peixinho mostra a m\u00e3o do filho\" width=\"1080\" height=\"1898\" src=\"https:\/\/www.europesays.com\/pt\/wp-content\/uploads\/2025\/12\/carol-peixinho-mostra-mao-filho.jpg\"  \/>Carol Peixinho mostra a m\u00e3o do filho \u2013 Foto: @carolpeixinho Carol Peixinho impressiona ao mostrar como j\u00e1 est\u00e1 sua barriga <\/p>\n<p>Ap\u00f3s dois meses do nascimento do filho, Carol Peixinho j\u00e1 recuperou bastante de seu corpo de antes de gesta\u00e7\u00e3o. Sempre fitness, a influenciadora se exercitou durante a gravidez e est\u00e1 fazendo atividade f\u00edsica desde que foi liberada pelo m\u00e9dico ap\u00f3s o parto.<\/p>\n<p>Os resultados est\u00e3o aparecendo no corpo da amada de Thiaguinho. Ao <a href=\"https:\/\/caras.com.br\/fitness\/carol-peixinho-surpreende-com-situacao-de-sua-barriga-apos-dois-meses-do-nascimento-do-filho.phtml\" rel=\"nofollow noopener\" target=\"_blank\">postar uma foto tirada na academia<\/a>, ela chamou a aten\u00e7\u00e3o ao exibir seu abd\u00f4men reto.<\/p>\n<p> Bento completou dois meses <\/p>\n<p>O filho de Carol Peixinho e Thiaguinho, Bento, completou dois meses de vida em novembro e os papais postaram cliques celebrando a data de forma especial. Eles ent\u00e3o<a href=\"https:\/\/caras.com.br\/bebe\/carol-peixinho-e-thiaguinho-mostram-o-rosto-do-filho-em-fotos-de-mesversario.phtml\" rel=\"nofollow noopener\" target=\"_blank\">\u00a0encantaram ao exibirem o rostinho dele<\/a> na ocasi\u00e3o.<\/p>\n<p>\u201c2 meses do nosso pequeno grande amor! Cada descoberta, cada micro sorriso, cada respiro do Bento\u2026 Tudo renova o nosso f\u00f4lego de viver! A gente se olha e reconhece, num daqueles entendimentos que s\u00f3 o cora\u00e7\u00e3o traduz, que nada no mundo supera o milagre que virou a nossa fam\u00edlia. Sa\u00fade, Bento! Te amamos infinitamente, filho!\u201d, disse Carol Peixinho.<\/p>\n<p>        <a href=\"https:\/\/caras.com.br\/autor\/nataly-paschoal\" rel=\"nofollow noopener\" target=\"_blank\">&#13;<br \/>\n          <img loading=\"lazy\" decoding=\"async\" alt=\"Nataly Paschoal\" src=\"https:\/\/www.europesays.com\/pt\/wp-content\/uploads\/2025\/11\/nataly-paschoal_sqmd.jpg\" class=\"avatar avatar-115 photo rounded-circle\" height=\"115\" width=\"115\"\/>        <\/a><\/p>\n<p><b>Nataly Paschoal <\/b>\u00e9 rep\u00f3rter de conte\u00fado do site CARAS. Formada em jornalismo pela Faculdade C\u00e1sper L\u00edbero, ela j\u00e1 passou por sites como Todateen, Sportlife e espnW. Escreve sobre celebridades, TV, reality show e novelas.<\/p>\n","protected":false},"excerpt":{"rendered":"Apaixonada por cada detalhe de seu filho e de Thiaguinho, o pequeno Bento, de dois meses, Carol Peixinho&hellip;\n","protected":false},"author":2,"featured_media":179227,"comment_status":"","ping_status":"","sticky":false,"template":"","format":"standard","meta":{"footnotes":""},"categories":[145],"tags":[20619,211,210,114,115,36873,36874,32,33,11637],"class_list":{"0":"post-179226","1":"post","2":"type-post","3":"status-publish","4":"format-standard","5":"has-post-thumbnail","7":"category-celebridades","8":"tag-carol-peixinho","9":"tag-celebridades","10":"tag-celebrities","11":"tag-entertainment","12":"tag-entretenimento","13":"tag-filho-carol-peixinho","14":"tag-filho-thiaguinho","15":"tag-portugal","16":"tag-pt","17":"tag-thiaguinho"},"share_on_mastodon":{"url":"https:\/\/pubeurope.com\/@pt\/115680439899440283","error":""},"_links":{"self":[{"href":"https:\/\/www.europesays.com\/pt\/wp-json\/wp\/v2\/posts\/179226","targetHints":{"allow":["GET"]}}],"collection":[{"href":"https:\/\/www.europesays.com\/pt\/wp-json\/wp\/v2\/posts"}],"about":[{"href":"https:\/\/www.europesays.com\/pt\/wp-json\/wp\/v2\/types\/post"}],"author":[{"embeddable":true,"href":"https:\/\/www.europesays.com\/pt\/wp-json\/wp\/v2\/users\/2"}],"replies":[{"embeddable":true,"href":"https:\/\/www.europesays.com\/pt\/wp-json\/wp\/v2\/comments?post=179226"}],"version-history":[{"count":0,"href":"https:\/\/www.europesays.com\/pt\/wp-json\/wp\/v2\/posts\/179226\/revisions"}],"wp:featuredmedia":[{"embeddable":true,"href":"https:\/\/www.europesays.com\/pt\/wp-json\/wp\/v2\/media\/179227"}],"wp:attachment":[{"href":"https:\/\/www.europesays.com\/pt\/wp-json\/wp\/v2\/media?parent=179226"}],"wp:term":[{"taxonomy":"category","embeddable":true,"href":"https:\/\/www.europesays.com\/pt\/wp-json\/wp\/v2\/categories?post=179226"},{"taxonomy":"post_tag","embeddable":true,"href":"https:\/\/www.europesays.com\/pt\/wp-json\/wp\/v2\/tags?post=179226"}],"curies":[{"name":"wp","href":"https:\/\/api.w.org\/{rel}","templated":true}]}}