{"id":179236,"date":"2025-12-07T21:46:12","date_gmt":"2025-12-07T21:46:12","guid":{"rendered":"https:\/\/www.europesays.com\/pt\/179236\/"},"modified":"2025-12-07T21:46:12","modified_gmt":"2025-12-07T21:46:12","slug":"leao-xiv-o-dialogo-entre-cristaos-e-outras-religioes-e-culturas-torna-a-paz-possivel","status":"publish","type":"post","link":"https:\/\/www.europesays.com\/pt\/179236\/","title":{"rendered":"Le\u00e3o XIV: o di\u00e1logo entre crist\u00e3os e outras religi\u00f5es e culturas torna a paz poss\u00edvel"},"content":{"rendered":"<p>Em sua sauda\u00e7\u00e3o ap\u00f3s o Angelus, este domingo (07\/12) o Papa voltou seu pensamento \u00e0 primeira viagem apost\u00f3lica \u00e0 Turquia e ao L\u00edbano, recentemente conclu\u00edda. Le\u00e3o XIV pede um renovado compromisso com o caminho ecum\u00eanico, recordou seu encontro com cat\u00f3licos de ambos os pa\u00edses e descreveu o impacto emocional dos encontros. Seus pensamentos se voltaram tamb\u00e9m para as v\u00edtimas das enchentes no Sul e Sudeste Asi\u00e1tico<\/p>\n<p>\n   Ou\u00e7a a reportagem com a voz do Papa Le\u00e3o XIV e compartilhe\n  <\/p>\n<p><b>Francesca Sabatinelli\/Raimundo de Lima \u2013 Vatican News<\/b><\/p>\n<p>     <a href=\"https:\/\/www.vaticannews.va\/pt\/papa\/news\/2025-12\/papa-leao-xiv-angelus-7-dezembro-2025-deus-julga-obras-intencoes.html\" title=\"O Papa: Deus n\u00e3o julga com base nas apar\u00eancias, mas nas obras e inten\u00e7\u00f5es do cora\u00e7\u00e3o\" rel=\"nofollow noopener\" target=\"_blank\"><\/p>\n<p>        <img decoding=\"async\" src=\"data:image\/gif;base64,R0lGODlhAQABAIAAAAAAAP\/\/\/yH5BAEAAAAALAAAAAABAAEAAAIBRAA7\" data-original=\"https:\/\/www.vaticannews.va\/content\/dam\/vaticannews\/agenzie\/images\/srv\/2025\/12\/07\/2025-12-07-angelus\/1765106506502.JPG\/_jcr_content\/renditions\/cq5dam.thumbnail.cropped.500.281.jpeg\" alt=\"O Papa: Deus n\u00e3o julga com base nas apar\u00eancias, mas nas obras e inten\u00e7\u00f5es do cora\u00e7\u00e3o\"\/><\/p>\n<p>      <\/a><\/p>\n<p>\n      Nada \u00e9 imposs\u00edvel para Deus. Preparemo-nos para o seu Reino, acolhamo-lo. O menino, Jesus de Nazar\u00e9, guiar-nos-\u00e1! Ele, que se colocou nas nossas m\u00e3os, desde a noite do seu &#8230;\n     <\/p>\n<p>Ecumenismo, di\u00e1logo, solidariedade, paz. Alguns dos elementos-chave da primeira viagem apost\u00f3lica de Le\u00e3o XIV \u00e0 Turquia (T\u00fcrkiye) e ao L\u00edbano, recentemente conclu\u00edda, reaparecem com for\u00e7a em suas sauda\u00e7\u00f5es p\u00f3s-Angelus &#8211; este domingo, 7 de dezembro -, quando o Papa relembra aspectos importantes, como o encontro com o patriarca ecum\u00eanico de Constantinopla, &#8220;meu amado irm\u00e3o Bartolomeu&#8221;, como o Pont\u00edfice o chama. Juntamente com o patriarca e representantes de outras denomina\u00e7\u00f5es crist\u00e3s em Iznik, a antiga cidade de Niceia, o Papa comemorou o 1700\u00ba anivers\u00e1rio do primeiro Conc\u00edlio Ecum\u00eanico da hist\u00f3ria. Le\u00e3o XIV enfatizou ent\u00e3o a import\u00e2ncia hist\u00f3rica do anivers\u00e1rio deste domingo, 60 anos desde 7 de dezembro de 1965, quando Paulo VI e Aten\u00e1goras assinaram a Declara\u00e7\u00e3o Conjunta que p\u00f4s fim \u00e0s suas excomunh\u00f5es rec\u00edprocas de 1054, um passo fundamental rumo ao di\u00e1logo ecum\u00eanico.<\/p>\n<p>Demos gra\u00e7as a Deus e renovemos nosso compromisso com a caminhada rumo \u00e0 plena unidade vis\u00edvel de todos os crist\u00e3os. Na Turquia, tive a alegria de encontrar a comunidade cat\u00f3lica: atrav\u00e9s do di\u00e1logo paciente e do servi\u00e7o aos que sofrem, ela d\u00e1 testemunho do Evangelho do amor e da l\u00f3gica de Deus manifestada na pequenez.<\/p>\n<p>L\u00edbano, um pa\u00eds de conviv\u00eancia <\/p>\n<p>Do L\u00edbano, a segunda etapa em sua viagem, o Pont\u00edfice recordou os &#8220;muitos testemunhos&#8221; que ainda confirmam sua identidade como um &#8220;mosaico de conviv\u00eancia&#8221;.<\/p>\n<p>Conheci pessoas que proclamam o Evangelho acolhendo deslocados internos, visitando prisioneiros e partilhando o p\u00e3o com os necessitados. Fiquei confortado ao ver tantas pessoas nas ruas me cumprimentando e comovido com o meu encontro com os familiares das v\u00edtimas da explos\u00e3o no porto de Beirute. Os libaneses esperavam uma palavra e uma presen\u00e7a de consolo, mas foram eles que me confortaram com sua f\u00e9 e entusiasmo!<\/p>\n<p>A paz \u00e9 poss\u00edvel <\/p>\n<p>Os momentos vividos durante os dias de viagem nesses dois pa\u00edses s\u00e3o um testemunho direto de como a colabora\u00e7\u00e3o entre religi\u00f5es pode levar \u00e0 constru\u00e7\u00e3o de uma conviv\u00eancia harmoniosa. E o Papa destacou isso, enviando uma mensagem direta a todos os fi\u00e9is.<\/p>\n<p>Queridos irm\u00e3os e irm\u00e3s, o que aconteceu dias atr\u00e1s na Turquia e no L\u00edbano nos ensina que a paz \u00e9 poss\u00edvel e que os crist\u00e3os, em di\u00e1logo com homens e mulheres de outros credos e culturas, podem ajudar a constru\u00ed-la. N\u00e3o nos esque\u00e7amos: a paz \u00e9 poss\u00edvel!<\/p>\n<p>Ora\u00e7\u00f5es pelo Sul e Sudeste Asi\u00e1tico <\/p>\n<p>Por fim, o Santo Padre expressou sua proximidade &#8220;aos povos do Sul e Sudeste Asi\u00e1tico, duramente atingidos por recentes desastres naturais&#8221;, oferecendo suas ora\u00e7\u00f5es &#8220;pelas v\u00edtimas, pelas fam\u00edlias que choram seus entes queridos e por aqueles que prestam socorro&#8221; e exortou &#8220;a comunidade internacional e todas as pessoas de boa vontade a apoiarem nossos irm\u00e3os e irm\u00e3s nessas regi\u00f5es com gestos de solidariedade&#8221;.<\/p>\n","protected":false},"excerpt":{"rendered":"Em sua sauda\u00e7\u00e3o ap\u00f3s o Angelus, este domingo (07\/12) o Papa voltou seu pensamento \u00e0 primeira viagem apost\u00f3lica&hellip;\n","protected":false},"author":2,"featured_media":179237,"comment_status":"","ping_status":"","sticky":false,"template":"","format":"standard","meta":{"footnotes":""},"categories":[50],"tags":[5834,35700,27,28,14850,807,12635,15,16,14,25,26,1516,21,22,62,12,13,19,20,811,23,24,17,18,2428,29,30,31,24827,63,64,65],"class_list":{"0":"post-179236","1":"post","2":"type-post","3":"status-publish","4":"format-standard","5":"has-post-thumbnail","7":"category-mundo","8":"tag-angelus","9":"tag-bartolomeu-i","10":"tag-breaking-news","11":"tag-breakingnews","12":"tag-catastrofes-naturais","13":"tag-dialogo-inter-religioso","14":"tag-ecumenismo","15":"tag-featured-news","16":"tag-featurednews","17":"tag-headlines","18":"tag-latest-news","19":"tag-latestnews","20":"tag-libano","21":"tag-main-news","22":"tag-mainnews","23":"tag-mundo","24":"tag-news","25":"tag-noticias","26":"tag-noticias-principais","27":"tag-noticiasprincipais","28":"tag-papa-leao-xiv","29":"tag-principais-noticias","30":"tag-principaisnoticias","31":"tag-top-stories","32":"tag-topstories","33":"tag-turquia","34":"tag-ultimas","35":"tag-ultimas-noticias","36":"tag-ultimasnoticias","37":"tag-viagem-apostolica","38":"tag-world","39":"tag-world-news","40":"tag-worldnews"},"share_on_mastodon":{"url":"","error":"Validation failed: Text character limit of 500 exceeded"},"_links":{"self":[{"href":"https:\/\/www.europesays.com\/pt\/wp-json\/wp\/v2\/posts\/179236","targetHints":{"allow":["GET"]}}],"collection":[{"href":"https:\/\/www.europesays.com\/pt\/wp-json\/wp\/v2\/posts"}],"about":[{"href":"https:\/\/www.europesays.com\/pt\/wp-json\/wp\/v2\/types\/post"}],"author":[{"embeddable":true,"href":"https:\/\/www.europesays.com\/pt\/wp-json\/wp\/v2\/users\/2"}],"replies":[{"embeddable":true,"href":"https:\/\/www.europesays.com\/pt\/wp-json\/wp\/v2\/comments?post=179236"}],"version-history":[{"count":0,"href":"https:\/\/www.europesays.com\/pt\/wp-json\/wp\/v2\/posts\/179236\/revisions"}],"wp:featuredmedia":[{"embeddable":true,"href":"https:\/\/www.europesays.com\/pt\/wp-json\/wp\/v2\/media\/179237"}],"wp:attachment":[{"href":"https:\/\/www.europesays.com\/pt\/wp-json\/wp\/v2\/media?parent=179236"}],"wp:term":[{"taxonomy":"category","embeddable":true,"href":"https:\/\/www.europesays.com\/pt\/wp-json\/wp\/v2\/categories?post=179236"},{"taxonomy":"post_tag","embeddable":true,"href":"https:\/\/www.europesays.com\/pt\/wp-json\/wp\/v2\/tags?post=179236"}],"curies":[{"name":"wp","href":"https:\/\/api.w.org\/{rel}","templated":true}]}}