{"id":179238,"date":"2025-12-07T21:47:12","date_gmt":"2025-12-07T21:47:12","guid":{"rendered":"https:\/\/www.europesays.com\/pt\/179238\/"},"modified":"2025-12-07T21:47:12","modified_gmt":"2025-12-07T21:47:12","slug":"derrocadas-bloqueiam-passagem-no-pontao-da-barragem-da-canicada","status":"publish","type":"post","link":"https:\/\/www.europesays.com\/pt\/179238\/","title":{"rendered":"Derrocadas bloqueiam passagem no Pont\u00e3o da Barragem da Cani\u00e7ada"},"content":{"rendered":"<p data-remotead-prev-elm=\"true\" data-remotead-elm-id=\"inread\">Para atravessar o rio C\u00e1vado, tendo em conta que o tr\u00e2nsito est\u00e1 interdito no pont\u00e3o desde ontem, as alternativas s\u00e3o a Ponte de Rio Caldo (Terras de Bouro) e a Ponte do B\u00f4co, tamb\u00e9m na freguesia de Parado do Bouro (Vieira do Minho).<\/p>\n<p>A C\u00e2mara Municipal de Vieira do Minho apela a prud\u00eancia dada a instabilidade do talude, que na primeira derrocada provocou a queda de um pedregulho para a estrada municipal vieirense e na segunda um deslizamento de terras, exatamente no mesmo local.<\/p>\n<p><img decoding=\"async\" class=\"ngx-body\" guid=\"60245ebb-e398-448b-b704-d5efc66fc963\" src=\"https:\/\/www.europesays.com\/pt\/wp-content\/uploads\/2025\/12\/1765144031_855_image.webp\" width=\"100%\"\/><img decoding=\"async\" class=\"ngx-body\" guid=\"a31d56c4-7db1-444c-88a6-a757d9c0a446\" src=\"https:\/\/www.europesays.com\/pt\/wp-content\/uploads\/2025\/12\/1765144032_123_image.webp\" width=\"100%\"\/><\/p>\n<p>A situa\u00e7\u00e3o est\u00e1 a ser monitorizada pelos Servi\u00e7os Municipais de Prote\u00e7\u00e3o Civil de Vieira do Minho, mas tudo indica que, pelo menos nas pr\u00f3ximas horas, a circula\u00e7\u00e3o entre as duas margens ir\u00e1 permanecer interdita por raz\u00f5es de seguran\u00e7a.<\/p>\n","protected":false},"excerpt":{"rendered":"Para atravessar o rio C\u00e1vado, tendo em conta que o tr\u00e2nsito est\u00e1 interdito no pont\u00e3o desde ontem, as&hellip;\n","protected":false},"author":2,"featured_media":179239,"comment_status":"","ping_status":"","sticky":false,"template":"","format":"standard","meta":{"footnotes":""},"categories":[10],"tags":[27,28,36875,36876,15953,15,16,14,25,26,21,22,12,13,19,20,32,23,24,33,17,18,29,30,31],"class_list":{"0":"post-179238","1":"post","2":"type-post","3":"status-publish","4":"format-standard","5":"has-post-thumbnail","7":"category-portugal","8":"tag-breaking-news","9":"tag-breakingnews","10":"tag-concelho-vieira-do-minho","11":"tag-derrocadas","12":"tag-deslizamento-de-terras","13":"tag-featured-news","14":"tag-featurednews","15":"tag-headlines","16":"tag-latest-news","17":"tag-latestnews","18":"tag-main-news","19":"tag-mainnews","20":"tag-news","21":"tag-noticias","22":"tag-noticias-principais","23":"tag-noticiasprincipais","24":"tag-portugal","25":"tag-principais-noticias","26":"tag-principaisnoticias","27":"tag-pt","28":"tag-top-stories","29":"tag-topstories","30":"tag-ultimas","31":"tag-ultimas-noticias","32":"tag-ultimasnoticias"},"share_on_mastodon":{"url":"https:\/\/pubeurope.com\/@pt\/115680486998094429","error":""},"_links":{"self":[{"href":"https:\/\/www.europesays.com\/pt\/wp-json\/wp\/v2\/posts\/179238","targetHints":{"allow":["GET"]}}],"collection":[{"href":"https:\/\/www.europesays.com\/pt\/wp-json\/wp\/v2\/posts"}],"about":[{"href":"https:\/\/www.europesays.com\/pt\/wp-json\/wp\/v2\/types\/post"}],"author":[{"embeddable":true,"href":"https:\/\/www.europesays.com\/pt\/wp-json\/wp\/v2\/users\/2"}],"replies":[{"embeddable":true,"href":"https:\/\/www.europesays.com\/pt\/wp-json\/wp\/v2\/comments?post=179238"}],"version-history":[{"count":0,"href":"https:\/\/www.europesays.com\/pt\/wp-json\/wp\/v2\/posts\/179238\/revisions"}],"wp:featuredmedia":[{"embeddable":true,"href":"https:\/\/www.europesays.com\/pt\/wp-json\/wp\/v2\/media\/179239"}],"wp:attachment":[{"href":"https:\/\/www.europesays.com\/pt\/wp-json\/wp\/v2\/media?parent=179238"}],"wp:term":[{"taxonomy":"category","embeddable":true,"href":"https:\/\/www.europesays.com\/pt\/wp-json\/wp\/v2\/categories?post=179238"},{"taxonomy":"post_tag","embeddable":true,"href":"https:\/\/www.europesays.com\/pt\/wp-json\/wp\/v2\/tags?post=179238"}],"curies":[{"name":"wp","href":"https:\/\/api.w.org\/{rel}","templated":true}]}}