{"id":17924,"date":"2025-08-06T04:04:12","date_gmt":"2025-08-06T04:04:12","guid":{"rendered":"https:\/\/www.europesays.com\/pt\/17924\/"},"modified":"2025-08-06T04:04:12","modified_gmt":"2025-08-06T04:04:12","slug":"ventura-nao-quer-juiz-que-deteve-bolsonaro-em-portugal-observador","status":"publish","type":"post","link":"https:\/\/www.europesays.com\/pt\/17924\/","title":{"rendered":"Ventura n\u00e3o quer juiz que deteve Bolsonaro em Portugal \u2013 Observador"},"content":{"rendered":"<p>O presidente do Chega, Andr\u00e9 Ventura, anunciou, esta ter\u00e7a-feira, que vai propor ao Governo portugu\u00eas para impedir a entrada em Portugal do juiz do Supremo Tribunal Federal (STF) do Brasil, Alexandre de Moraes, ou mesmo de ter \u201cqualquer liga\u00e7\u00e3o com Portugal\u201d, seja em termos de \u201cpresen\u00e7a ou patrim\u00f3nio\u201d.<\/p>\n<p>Num v\u00eddeo publicado nas redes sociais, o l\u00edder do Chega reagiu \u00e0 pris\u00e3o domicili\u00e1ria do antigo Presidente do Brasil, Jair Bolsonaro, que foi colocado naquela situa\u00e7\u00e3o, segundo Andr\u00e9 Ventura, por usar \u201credes sociais\u201d em que divulgou as suas \u201cimagens e mensagens\u201d, usufruindo da sua \u201cliberdade de express\u00e3o\u201d.<\/p>\n<blockquote class=\"twitter-tweet\" data-width=\"500\" data-dnt=\"true\">\n<p lang=\"pt\" dir=\"ltr\">A pris\u00e3o do ex-Presidente do Brasil, Jair Bolsonaro representa a decad\u00eancia total da democracia brasileira. Alexandre de Moraes deve ter censura por parte do governo portugu\u00eas. <a href=\"https:\/\/t.co\/l5oFxu6fzf\" rel=\"nofollow\">pic.twitter.com\/l5oFxu6fzf<\/a><\/p>\n<p>\u2014 Andr\u00e9 Ventura (@AndreCVentura) <a href=\"https:\/\/twitter.com\/AndreCVentura\/status\/1952758118162546865?ref_src=twsrc%5Etfw\" rel=\"nofollow noopener\" target=\"_blank\">August 5, 2025<\/a><\/p>\n<\/blockquote>\n<p>\u201cO Brasil precisa que n\u00f3s digamos a quem manda l\u00e1 \u2014 ao governo corrupto de Lula da Silva \u2014 que n\u00e3o pode fazer o que quiser\u201d, disse Andr\u00e9 Ventura, incluindo o juiz Alexandre de Moraes. \u201cN\u00e3o \u00e9 uma quest\u00e3o de concordar ou n\u00e3o com Bolsonaro. \u00c9 que o Lula \u00e9 um corrupto, ladr\u00e3o e ditador.\u201d<\/p>\n<p>Para Andr\u00e9 Ventura, Lula da Silva est\u00e1 a transformar o Brasil numa \u201cditadura\u201d. \u201cAlexandre de Moraes \u00e9 o bra\u00e7o judicial dessa ditadura. Temos de compreender isso. O Brasil j\u00e1 n\u00e3o est\u00e1 a viver uma democracia\u201d, defende o l\u00edder do Chega.<\/p>\n<p>Ainda que o Brasil seja um \u201cpa\u00eds soberano\u201d, Andr\u00e9 Ventura acredita que \u00e9 importante que Portugal \u201cd\u00ea um sinal\u201d, tal como fez com o \u201cpoder corrupto de Angola, com o poder de Mo\u00e7ambique, com o poder corrupto do Brasil\u201d.<\/p>\n<p>O regime brasileiro tem de \u201cperceber\u201d, segundo Andr\u00e9 Ventura, que Portugal \u201cn\u00e3o est\u00e1 a brincar\u201d. \u201cA liberdade e a democracia \u00e9 para ser levada a s\u00e9rio\u201d, indicou, temendo que, se o Governo n\u00e3o tomar uma tend\u00eancia, esta tend\u00eancia chegue a Portugal.<\/p>\n<p>            <script async src=\"https:\/\/platform.twitter.com\/widgets.js\" charset=\"utf-8\"><\/script><\/p>\n","protected":false},"excerpt":{"rendered":"O presidente do Chega, Andr\u00e9 Ventura, anunciou, esta ter\u00e7a-feira, que vai propor ao Governo portugu\u00eas para impedir a&hellip;\n","protected":false},"author":2,"featured_media":17925,"comment_status":"","ping_status":"","sticky":false,"template":"","format":"standard","meta":{"footnotes":""},"categories":[10],"tags":[3368,726,27,28,15,16,14,25,26,6662,21,22,62,12,13,19,20,3369,302,32,23,24,33,17,18,29,30,31],"class_list":{"0":"post-17924","1":"post","2":"type-post","3":"status-publish","4":"format-standard","5":"has-post-thumbnail","7":"category-portugal","8":"tag-andru00e9-ventura","9":"tag-brasil","10":"tag-breaking-news","11":"tag-breakingnews","12":"tag-featured-news","13":"tag-featurednews","14":"tag-headlines","15":"tag-latest-news","16":"tag-latestnews","17":"tag-lula-da-silva","18":"tag-main-news","19":"tag-mainnews","20":"tag-mundo","21":"tag-news","22":"tag-noticias","23":"tag-noticias-principais","24":"tag-noticiasprincipais","25":"tag-partido-chega","26":"tag-polu00edtica","27":"tag-portugal","28":"tag-principais-noticias","29":"tag-principaisnoticias","30":"tag-pt","31":"tag-top-stories","32":"tag-topstories","33":"tag-ultimas","34":"tag-ultimas-noticias","35":"tag-ultimasnoticias"},"share_on_mastodon":{"url":"","error":""},"_links":{"self":[{"href":"https:\/\/www.europesays.com\/pt\/wp-json\/wp\/v2\/posts\/17924","targetHints":{"allow":["GET"]}}],"collection":[{"href":"https:\/\/www.europesays.com\/pt\/wp-json\/wp\/v2\/posts"}],"about":[{"href":"https:\/\/www.europesays.com\/pt\/wp-json\/wp\/v2\/types\/post"}],"author":[{"embeddable":true,"href":"https:\/\/www.europesays.com\/pt\/wp-json\/wp\/v2\/users\/2"}],"replies":[{"embeddable":true,"href":"https:\/\/www.europesays.com\/pt\/wp-json\/wp\/v2\/comments?post=17924"}],"version-history":[{"count":0,"href":"https:\/\/www.europesays.com\/pt\/wp-json\/wp\/v2\/posts\/17924\/revisions"}],"wp:featuredmedia":[{"embeddable":true,"href":"https:\/\/www.europesays.com\/pt\/wp-json\/wp\/v2\/media\/17925"}],"wp:attachment":[{"href":"https:\/\/www.europesays.com\/pt\/wp-json\/wp\/v2\/media?parent=17924"}],"wp:term":[{"taxonomy":"category","embeddable":true,"href":"https:\/\/www.europesays.com\/pt\/wp-json\/wp\/v2\/categories?post=17924"},{"taxonomy":"post_tag","embeddable":true,"href":"https:\/\/www.europesays.com\/pt\/wp-json\/wp\/v2\/tags?post=17924"}],"curies":[{"name":"wp","href":"https:\/\/api.w.org\/{rel}","templated":true}]}}