{"id":179240,"date":"2025-12-07T21:48:13","date_gmt":"2025-12-07T21:48:13","guid":{"rendered":"https:\/\/www.europesays.com\/pt\/179240\/"},"modified":"2025-12-07T21:48:13","modified_gmt":"2025-12-07T21:48:13","slug":"cgtp-diz-que-montenegro-falar-em-salario-minimo-de-1-600-euros-e-ato-desesperado","status":"publish","type":"post","link":"https:\/\/www.europesays.com\/pt\/179240\/","title":{"rendered":"CGTP diz que Montenegro falar em sal\u00e1rio m\u00ednimo de 1.600 euros \u00e9 &#8220;ato desesperado&#8221;"},"content":{"rendered":"<p>&#13;<br \/>\nNo s\u00e1bado, no Porto, <b>o primeiro-ministro aumentou os objetivos salariais para o pa\u00eds, afirmando que quer o sal\u00e1rio m\u00ednimo nos &#8220;1.500 ou 1.600 euros&#8221; e o sal\u00e1rio m\u00e9dio nos &#8220;2.500, 2.800 ou 3.000 euros&#8221;, revendo os valores mencionados sexta-feira, quando tinha sugerido aproveitar a mudan\u00e7a das leis laborais para elevar o sal\u00e1rio m\u00ednimo para os 1.500 euros e o m\u00e9dio para 2.000 ou 2.500 euros.<\/b>&#13;\n<\/p>\n<p>&#13;<br \/>\nPara a central sindical CGTP, as declara\u00e7\u00f5es de Montenegro e a revis\u00e3o de objetivos salariais em dois dias consecutivos s\u00e3o &#8220;um ato desesperado&#8221; relacionado com a &#8220;crescente ades\u00e3o \u00e0 greve geral de 11 de dezembro&#8221; e ainda &#8220;um insulto&#8221; a milh\u00f5es de pessoas que trabalham por um sal\u00e1rio inferior a 1.000 euros brutos (antes de impostos).&#13;\n<\/p>\n<p>&#13;<br \/>\n<b>&#8220;O malabarismo das palavras e dos n\u00fameros feito pelo primeiro-ministro \u00e9 um insulto aos mais de 2,5 milh\u00f5es de trabalhadores, que t\u00eam um sal\u00e1rio base bruto mensal inferior a 1.000 euros, para uma em cada cinco crian\u00e7as que s\u00e3o pobres porque os rendimentos dos seus pais n\u00e3o s\u00e3o suficientes&#8221;<\/b>, afirma a CGTP.&#13;\n<\/p>\n<p>&#13;<br \/>\nA central sindical tamb\u00e9m considera as declara\u00e7\u00f5es &#8220;um insulto&#8221; para &#8220;os 1,3 milh\u00f5es de trabalhadores que t\u00eam um v\u00ednculo prec\u00e1rio ou para os 1,9 milh\u00f5es de trabalhadores que trabalham aos s\u00e1bados, domingos ou feriados, ao ser\u00e3o ou pela noite dentro, aos quais falta tempo e melhores condi\u00e7\u00f5es para viver&#8221;.&#13;\n<\/p>\n<p>&#13;<br \/>\nA CGTP reitera que o pacote laboral que o Governo quer levar a cabo \u00e9 &#8220;constru\u00eddo na perspetiva e ao servi\u00e7o dos interesses do patr\u00e3o&#8221;.&#13;\n<\/p>\n<p>&#13;<br \/>\nPara a central sindical, a altera\u00e7\u00e3o das leis facilita despedimentos, facilita a precariedade (ao alargar o prazo dos contratos e reduzir a presun\u00e7\u00e3o de rela\u00e7\u00e3o laboral), desregula ainda mais os hor\u00e1rios de trabalho (desde logo pelo regresso do banco de horas individual) e individualiza a rela\u00e7\u00e3o de trabalho (desde logo ao fragilizar a contrata\u00e7\u00e3o coletiva, os acordos entre sindicatos e empresas que definem condi\u00e7\u00f5es de trabalho como sal\u00e1rios, hor\u00e1rios, etc.). &#13;\n<\/p>\n<p>&#13;<br \/>\nAl\u00e9m disso, na sua perspetiva, \u00e9 restringido o direito \u00e0 greve ao alargar o \u00e2mbito dos servi\u00e7os m\u00ednimos e condicionado o exerc\u00edcio da liberdade sindical. &#13;\n<\/p>\n<p>&#13;<br \/>\nA CGTP quer que o Governo &#8220;retire esta proposta de pacote laboral&#8221; da discuss\u00e3o, considerando tratar-se de &#8220;um verdadeiro assalto aos direitos dos trabalhadores&#8221;, e defende que a discuss\u00e3o seja feita tendo em vista &#8220;a melhoria das condi\u00e7\u00f5es de vida e trabalho&#8221;, disse o secret\u00e1rio-geral, Tiago Oliveira, em entrevista \u00e0 Lusa. &#13;\n<\/p>\n<p>&#13;<br \/>\nA CGTP e a UGT convocaram uma greve geral para 11 de dezembro, em resposta ao anteprojeto de lei da reforma da legisla\u00e7\u00e3o laboral, na primeira paralisa\u00e7\u00e3o a juntar as duas centrais sindicais desde junho de 2013, altura em que Portugal estava sob interven\u00e7\u00e3o da `troika`.&#13;<\/p>\n","protected":false},"excerpt":{"rendered":"&#13; No s\u00e1bado, no Porto, o primeiro-ministro aumentou os objetivos salariais para o pa\u00eds, afirmando que quer o&hellip;\n","protected":false},"author":2,"featured_media":179241,"comment_status":"","ping_status":"","sticky":false,"template":"","format":"standard","meta":{"footnotes":""},"categories":[8],"tags":[27,28,15,16,1322,14,25,26,21,22,12,13,19,20,32,23,24,33,17,18,29,30,31],"class_list":{"0":"post-179240","1":"post","2":"type-post","3":"status-publish","4":"format-standard","5":"has-post-thumbnail","7":"category-principais-noticias","8":"tag-breaking-news","9":"tag-breakingnews","10":"tag-featured-news","11":"tag-featurednews","12":"tag-greve","13":"tag-headlines","14":"tag-latest-news","15":"tag-latestnews","16":"tag-main-news","17":"tag-mainnews","18":"tag-news","19":"tag-noticias","20":"tag-noticias-principais","21":"tag-noticiasprincipais","22":"tag-portugal","23":"tag-principais-noticias","24":"tag-principaisnoticias","25":"tag-pt","26":"tag-top-stories","27":"tag-topstories","28":"tag-ultimas","29":"tag-ultimas-noticias","30":"tag-ultimasnoticias"},"share_on_mastodon":{"url":"https:\/\/pubeurope.com\/@pt\/115680490727149196","error":""},"_links":{"self":[{"href":"https:\/\/www.europesays.com\/pt\/wp-json\/wp\/v2\/posts\/179240","targetHints":{"allow":["GET"]}}],"collection":[{"href":"https:\/\/www.europesays.com\/pt\/wp-json\/wp\/v2\/posts"}],"about":[{"href":"https:\/\/www.europesays.com\/pt\/wp-json\/wp\/v2\/types\/post"}],"author":[{"embeddable":true,"href":"https:\/\/www.europesays.com\/pt\/wp-json\/wp\/v2\/users\/2"}],"replies":[{"embeddable":true,"href":"https:\/\/www.europesays.com\/pt\/wp-json\/wp\/v2\/comments?post=179240"}],"version-history":[{"count":0,"href":"https:\/\/www.europesays.com\/pt\/wp-json\/wp\/v2\/posts\/179240\/revisions"}],"wp:featuredmedia":[{"embeddable":true,"href":"https:\/\/www.europesays.com\/pt\/wp-json\/wp\/v2\/media\/179241"}],"wp:attachment":[{"href":"https:\/\/www.europesays.com\/pt\/wp-json\/wp\/v2\/media?parent=179240"}],"wp:term":[{"taxonomy":"category","embeddable":true,"href":"https:\/\/www.europesays.com\/pt\/wp-json\/wp\/v2\/categories?post=179240"},{"taxonomy":"post_tag","embeddable":true,"href":"https:\/\/www.europesays.com\/pt\/wp-json\/wp\/v2\/tags?post=179240"}],"curies":[{"name":"wp","href":"https:\/\/api.w.org\/{rel}","templated":true}]}}