{"id":179242,"date":"2025-12-07T21:49:14","date_gmt":"2025-12-07T21:49:14","guid":{"rendered":"https:\/\/www.europesays.com\/pt\/179242\/"},"modified":"2025-12-07T21:49:14","modified_gmt":"2025-12-07T21:49:14","slug":"momento-inedito-margarida-corceiro-e-lando-norris-beijam-se-na-boca","status":"publish","type":"post","link":"https:\/\/www.europesays.com\/pt\/179242\/","title":{"rendered":"Momento in\u00e9dito: Margarida Corceiro e Lando Norris beijam-se na boca!"},"content":{"rendered":"<p>Este domingo, dia 7, \u00e9 marcante no percurso desportivo de <a href=\"https:\/\/selfie.iol.pt\/famosos\/margarida-corceiro\/margarida-corceiro-e-lando-norris-vistos-em-supermercado-de-bairro-de-lisboa-fim-de-semana-docinho\/20250930\/68dbbe20d34e58bc67965962\" target=\"_blank\" rel=\"nofollow noopener\">Lando Norris<\/a>: aos 26 anos, o piloto sagrou-se campe\u00e3o do mundo em F\u00f3rmula 1.<\/p>\n<p>Junto da pista, estava a namorada, <a href=\"https:\/\/selfie.iol.pt\/famosos\/margarida-corceiro\/margarida-corceiro-representada-por-georgina-rodriguez-a-historia-desta-surpreendente-parceria\/20251016\/68f0cf8ed34ee0c2fed1502f\" target=\"_blank\" rel=\"nofollow noopener\">Margarida Corceiro<\/a>, que se mostrou bastante emocionada por esta vit\u00f3ria. Ali\u00e1s, mal Lando Norris conquistou este importante t\u00edtulo, o piloto foi recebido por um beijo apaixonado e um longo abra\u00e7o da atriz.<\/p>\n<p>Veja, agora, as imagens na galeria de fotografias que prepar\u00e1mos para si.<\/p>\n","protected":false},"excerpt":{"rendered":"Este domingo, dia 7, \u00e9 marcante no percurso desportivo de Lando Norris: aos 26 anos, o piloto sagrou-se&hellip;\n","protected":false},"author":2,"featured_media":179243,"comment_status":"","ping_status":"","sticky":false,"template":"","format":"standard","meta":{"footnotes":""},"categories":[145],"tags":[813,211,210,135,114,115,980,971,5020,719,619,161,32,33,1016,1012,162],"class_list":{"0":"post-179242","1":"post","2":"type-post","3":"status-publish","4":"format-standard","5":"has-post-thumbnail","7":"category-celebridades","8":"tag-atriz","9":"tag-celebridades","10":"tag-celebrities","11":"tag-desporto","12":"tag-entertainment","13":"tag-entretenimento","14":"tag-famosos","15":"tag-formula-1","16":"tag-lando-norris","17":"tag-margarida-corceiro","18":"tag-nacional","19":"tag-novelas","20":"tag-portugal","21":"tag-pt","22":"tag-romance","23":"tag-selfie","24":"tag-tvi"},"share_on_mastodon":{"url":"https:\/\/pubeurope.com\/@pt\/115680494428351886","error":""},"_links":{"self":[{"href":"https:\/\/www.europesays.com\/pt\/wp-json\/wp\/v2\/posts\/179242","targetHints":{"allow":["GET"]}}],"collection":[{"href":"https:\/\/www.europesays.com\/pt\/wp-json\/wp\/v2\/posts"}],"about":[{"href":"https:\/\/www.europesays.com\/pt\/wp-json\/wp\/v2\/types\/post"}],"author":[{"embeddable":true,"href":"https:\/\/www.europesays.com\/pt\/wp-json\/wp\/v2\/users\/2"}],"replies":[{"embeddable":true,"href":"https:\/\/www.europesays.com\/pt\/wp-json\/wp\/v2\/comments?post=179242"}],"version-history":[{"count":0,"href":"https:\/\/www.europesays.com\/pt\/wp-json\/wp\/v2\/posts\/179242\/revisions"}],"wp:featuredmedia":[{"embeddable":true,"href":"https:\/\/www.europesays.com\/pt\/wp-json\/wp\/v2\/media\/179243"}],"wp:attachment":[{"href":"https:\/\/www.europesays.com\/pt\/wp-json\/wp\/v2\/media?parent=179242"}],"wp:term":[{"taxonomy":"category","embeddable":true,"href":"https:\/\/www.europesays.com\/pt\/wp-json\/wp\/v2\/categories?post=179242"},{"taxonomy":"post_tag","embeddable":true,"href":"https:\/\/www.europesays.com\/pt\/wp-json\/wp\/v2\/tags?post=179242"}],"curies":[{"name":"wp","href":"https:\/\/api.w.org\/{rel}","templated":true}]}}