{"id":179252,"date":"2025-12-07T22:01:10","date_gmt":"2025-12-07T22:01:10","guid":{"rendered":"https:\/\/www.europesays.com\/pt\/179252\/"},"modified":"2025-12-07T22:01:10","modified_gmt":"2025-12-07T22:01:10","slug":"chefe-do-exercito-israelita-define-linha-amarela-como-nova-fronteira-2","status":"publish","type":"post","link":"https:\/\/www.europesays.com\/pt\/179252\/","title":{"rendered":"Chefe do ex\u00e9rcito israelita define &#8220;linha amarela&#8221; como &#8220;nova fronteira&#8221;"},"content":{"rendered":"<p>&#13;<br \/>\nNum texto dirigido aos soldados da reserva em Gaza, o comandante do ex\u00e9rcito de Israel afirmou que a &#8220;linha amarela&#8221; representa &#8220;uma linha de defesa avan\u00e7ada para os colonatos (israelitas) e uma linha de ataque&#8221;.&#13;\n<\/p>\n<p>&#13;<br \/>\nDe acordo com o cessar-fogo acordado com o Hamas, em vigor desde 10 de outubro, as tropas israelitas dever\u00e3o retirar-se da Faixa de Gaza de forma faseada, ap\u00f3s uma retirada inicial dentro do territ\u00f3rio delimitado pela &#8220;linha amarela&#8221;.&#13;\n<\/p>\n<p>&#13;<br \/>\nHoje, ex\u00e9rcito israelita matou um palestiniano depois de este ter alegadamente cruzado a chamada &#8220;linha amarela&#8221; na zona sul da Faixa de Gaza.&#13;\n<\/p>\n<p>&#13;<br \/>\nNum comunicado, a organiza\u00e7\u00e3o militar de Israel explicou que, depois de ter sido identificado &#8220;um terrorista&#8221;, as tropas abriram fogo para &#8220;eliminar a amea\u00e7a&#8221;.&#13;\n<\/p>\n<p>&#13;<br \/>\nSob o pretexto de &#8220;amea\u00e7as imediatas&#8221;, as tropas israelitas t\u00eam matado diariamente habitantes de Gaza desde a entrada em vigor do cessar-fogo, elevando o n\u00famero oficial de mortos para 366, segundo o Minist\u00e9rio da Sa\u00fade do enclave, sem contar os registos mais recentes.&#13;\n<\/p>\n<p>&#13;<br \/>\nEntre os mortos est\u00e3o militantes e civis de Gaza que alegadamente atravessaram a &#8220;linha amarela&#8221;, a demarca\u00e7\u00e3o imagin\u00e1ria para a qual as tropas israelitas se retiraram quando o cessar-fogo come\u00e7ou. Para al\u00e9m dessa linha, todo o per\u00edmetro, mais de 50% de Gaza, continua sob controlo militar de Israel.&#13;\n<\/p>\n<p>&#13;<br \/>\nParte da popula\u00e7\u00e3o de Gaza desconhece as demarca\u00e7\u00f5es e est\u00e1 a aproximar-se desta nova fronteira, tentando regressar \u00e0s suas casas.&#13;\n<\/p>\n<p>&#13;<br \/>\nEm Rafah, no sul da Faixa de Gaza, que Israel controla como zona militarizada desde abril, embora j\u00e1 estivesse ocupada pelo Ex\u00e9rcito israelita desde maio de 2014, as tropas matam quase diariamente alegados milicianos palestinianos que permanecem &#8220;encurralados&#8221; nos seus t\u00faneis, sem que Israel lhes garanta uma sa\u00edda segura.&#13;\n<\/p>\n<p>&#13;<br \/>\nNo total, desde que Israel iniciou a sua ofensiva em Gaza em retalia\u00e7\u00e3o aos ataques do Hamas, em outubro de 2013, pelo menos 70.354 palestinianos foram mortos em ataques israelitas e mais de 171.030 ficaram feridos, muitos com amputa\u00e7\u00f5es e les\u00f5es permanentes, segundo dados do Minist\u00e9rio da Sa\u00fade do enclave palestiniano.&#13;<\/p>\n","protected":false},"excerpt":{"rendered":"&#13; Num texto dirigido aos soldados da reserva em Gaza, o comandante do ex\u00e9rcito de Israel afirmou que&hellip;\n","protected":false},"author":2,"featured_media":179253,"comment_status":"","ping_status":"","sticky":false,"template":"","format":"standard","meta":{"footnotes":""},"categories":[50],"tags":[27,28,17605,15,16,14,25,26,21,22,62,12,13,19,20,23,24,17,18,29,30,31,63,64,65],"class_list":{"0":"post-179252","1":"post","2":"type-post","3":"status-publish","4":"format-standard","5":"has-post-thumbnail","7":"category-mundo","8":"tag-breaking-news","9":"tag-breakingnews","10":"tag-faixa-gaza","11":"tag-featured-news","12":"tag-featurednews","13":"tag-headlines","14":"tag-latest-news","15":"tag-latestnews","16":"tag-main-news","17":"tag-mainnews","18":"tag-mundo","19":"tag-news","20":"tag-noticias","21":"tag-noticias-principais","22":"tag-noticiasprincipais","23":"tag-principais-noticias","24":"tag-principaisnoticias","25":"tag-top-stories","26":"tag-topstories","27":"tag-ultimas","28":"tag-ultimas-noticias","29":"tag-ultimasnoticias","30":"tag-world","31":"tag-world-news","32":"tag-worldnews"},"share_on_mastodon":{"url":"https:\/\/pubeurope.com\/@pt\/115680541753044270","error":""},"_links":{"self":[{"href":"https:\/\/www.europesays.com\/pt\/wp-json\/wp\/v2\/posts\/179252","targetHints":{"allow":["GET"]}}],"collection":[{"href":"https:\/\/www.europesays.com\/pt\/wp-json\/wp\/v2\/posts"}],"about":[{"href":"https:\/\/www.europesays.com\/pt\/wp-json\/wp\/v2\/types\/post"}],"author":[{"embeddable":true,"href":"https:\/\/www.europesays.com\/pt\/wp-json\/wp\/v2\/users\/2"}],"replies":[{"embeddable":true,"href":"https:\/\/www.europesays.com\/pt\/wp-json\/wp\/v2\/comments?post=179252"}],"version-history":[{"count":0,"href":"https:\/\/www.europesays.com\/pt\/wp-json\/wp\/v2\/posts\/179252\/revisions"}],"wp:featuredmedia":[{"embeddable":true,"href":"https:\/\/www.europesays.com\/pt\/wp-json\/wp\/v2\/media\/179253"}],"wp:attachment":[{"href":"https:\/\/www.europesays.com\/pt\/wp-json\/wp\/v2\/media?parent=179252"}],"wp:term":[{"taxonomy":"category","embeddable":true,"href":"https:\/\/www.europesays.com\/pt\/wp-json\/wp\/v2\/categories?post=179252"},{"taxonomy":"post_tag","embeddable":true,"href":"https:\/\/www.europesays.com\/pt\/wp-json\/wp\/v2\/tags?post=179252"}],"curies":[{"name":"wp","href":"https:\/\/api.w.org\/{rel}","templated":true}]}}