{"id":179254,"date":"2025-12-07T22:02:10","date_gmt":"2025-12-07T22:02:10","guid":{"rendered":"https:\/\/www.europesays.com\/pt\/179254\/"},"modified":"2025-12-07T22:02:10","modified_gmt":"2025-12-07T22:02:10","slug":"um-morto-e-um-ferido-grave-em-dois-acidentes-marcam-manha-em-lousada","status":"publish","type":"post","link":"https:\/\/www.europesays.com\/pt\/179254\/","title":{"rendered":"Um morto e um ferido grave em dois acidentes marcam manh\u00e3 em Lousada"},"content":{"rendered":"<p data-remotead-prev-elm=\"true\" data-remotead-elm-id=\"inread\">A v\u00edtima mortal \u00e9 Fernando Faria, de 67 anos, mais conhecido por &#8220;Benfiquista&#8221;. O homem morreu ap\u00f3s um despiste de autom\u00f3vel seguido de queda numa ravina, na Rua dos Pinheirinhos, em Barrosas (Santo Est\u00eav\u00e3o). Regressava a casa depois de um jantar com amigos quando se deu o acidente. A fam\u00edlia deu conta da sua aus\u00eancia durante a madrugada, mas a viatura e o corpo apenas foram localizados ao amanhecer.<\/p>\n<p>O alerta foi dado \u00e0s 7.27 horas, e quando os bombeiros e a VMER de Guimar\u00e3es chegaram, Fernando Faria j\u00e1 n\u00e3o apresentava sinais de vida. As autoridades admitem que o \u00f3bito possa ter ocorrido devido \u00e0 falta de assist\u00eancia imediata, hip\u00f3tese que s\u00f3 a aut\u00f3psia poder\u00e1 confirmar. A GNR de Lousada investiga o caso.<\/p>\n<p>Cerca de meia hora antes, \u00e0s 6.57 horas, tinha ocorrido outro acidente no concelho: uma colis\u00e3o entre duas viaturas ligeiras na Rua Central da Ordem provocou um ferido grave. A v\u00edtima, um homem de 44 anos, ficou encarcerada e teve de ser retirada pelas equipas de desencarceramento dos Bombeiros de Lousada. Foi estabilizada pela VMER do Vale do Sousa e transportada para o Hospital de S\u00e3o Jo\u00e3o, no Porto.<\/p>\n<p>Os dois acidentes mobilizaram 15 operacionais e quatro viaturas dos Bombeiros Volunt\u00e1rios de Lousada, num in\u00edcio de manh\u00e3 especialmente exigente para a corpora\u00e7\u00e3o.<\/p>\n","protected":false},"excerpt":{"rendered":"A v\u00edtima mortal \u00e9 Fernando Faria, de 67 anos, mais conhecido por &#8220;Benfiquista&#8221;. O homem morreu ap\u00f3s um&hellip;\n","protected":false},"author":2,"featured_media":179255,"comment_status":"","ping_status":"","sticky":false,"template":"","format":"standard","meta":{"footnotes":""},"categories":[10],"tags":[1455,627,27,28,35139,15,16,14,25,26,21,22,12,13,19,20,32,23,24,33,17,18,29,30,31],"class_list":{"0":"post-179254","1":"post","2":"type-post","3":"status-publish","4":"format-standard","5":"has-post-thumbnail","7":"category-portugal","8":"tag-acidentes","9":"tag-bombeiros","10":"tag-breaking-news","11":"tag-breakingnews","12":"tag-concelho-lousada","13":"tag-featured-news","14":"tag-featurednews","15":"tag-headlines","16":"tag-latest-news","17":"tag-latestnews","18":"tag-main-news","19":"tag-mainnews","20":"tag-news","21":"tag-noticias","22":"tag-noticias-principais","23":"tag-noticiasprincipais","24":"tag-portugal","25":"tag-principais-noticias","26":"tag-principaisnoticias","27":"tag-pt","28":"tag-top-stories","29":"tag-topstories","30":"tag-ultimas","31":"tag-ultimas-noticias","32":"tag-ultimasnoticias"},"share_on_mastodon":{"url":"https:\/\/pubeurope.com\/@pt\/115680545655903093","error":""},"_links":{"self":[{"href":"https:\/\/www.europesays.com\/pt\/wp-json\/wp\/v2\/posts\/179254","targetHints":{"allow":["GET"]}}],"collection":[{"href":"https:\/\/www.europesays.com\/pt\/wp-json\/wp\/v2\/posts"}],"about":[{"href":"https:\/\/www.europesays.com\/pt\/wp-json\/wp\/v2\/types\/post"}],"author":[{"embeddable":true,"href":"https:\/\/www.europesays.com\/pt\/wp-json\/wp\/v2\/users\/2"}],"replies":[{"embeddable":true,"href":"https:\/\/www.europesays.com\/pt\/wp-json\/wp\/v2\/comments?post=179254"}],"version-history":[{"count":0,"href":"https:\/\/www.europesays.com\/pt\/wp-json\/wp\/v2\/posts\/179254\/revisions"}],"wp:featuredmedia":[{"embeddable":true,"href":"https:\/\/www.europesays.com\/pt\/wp-json\/wp\/v2\/media\/179255"}],"wp:attachment":[{"href":"https:\/\/www.europesays.com\/pt\/wp-json\/wp\/v2\/media?parent=179254"}],"wp:term":[{"taxonomy":"category","embeddable":true,"href":"https:\/\/www.europesays.com\/pt\/wp-json\/wp\/v2\/categories?post=179254"},{"taxonomy":"post_tag","embeddable":true,"href":"https:\/\/www.europesays.com\/pt\/wp-json\/wp\/v2\/tags?post=179254"}],"curies":[{"name":"wp","href":"https:\/\/api.w.org\/{rel}","templated":true}]}}