{"id":179256,"date":"2025-12-07T22:03:11","date_gmt":"2025-12-07T22:03:11","guid":{"rendered":"https:\/\/www.europesays.com\/pt\/179256\/"},"modified":"2025-12-07T22:03:11","modified_gmt":"2025-12-07T22:03:11","slug":"incidente-de-radar-em-okinawa-aumenta-risco-de-escalada-militar","status":"publish","type":"post","link":"https:\/\/www.europesays.com\/pt\/179256\/","title":{"rendered":"Incidente de Radar em Okinawa Aumenta Risco de Escalada Militar"},"content":{"rendered":"<p>O governo japon\u00eas acusou pilotos de ca\u00e7a chineses de terem iluminado com radar aeronaves militares japonesas em duas ocasi\u00f5es distintas na regi\u00e3o de Okinawa, classificando os epis\u00f3dios como perigosos e \u201cextremamente lament\u00e1veis\u201d. A ilumina\u00e7\u00e3o por radar \u00e9 interpretada em T\u00f3quio como sinal de prepara\u00e7\u00e3o para poss\u00edvel ataque, e o Jap\u00e3o apresentou protesto formal a Pequim. A primeira\u2011ministra Sanae Takaichi condenou publicamente as a\u00e7\u00f5es, enquanto o ministro da Defesa, Shinjiro Koizumi, prometeu resposta \u201cresoluta e calma\u201d, noticia este domingo (7) a Reuters.<\/p>\n<p>Pequim sustenta que avi\u00f5es japoneses interferiram em treinos de avia\u00e7\u00e3o em navio a leste do Estreito de Miyako e acusa o Jap\u00e3o de difama\u00e7\u00e3o e de p\u00f4r em risco a seguran\u00e7a. <\/p>\n<p>A Austr\u00e1lia manifestou \u201cprofunda preocupa\u00e7\u00e3o\u201d e apoio a T\u00f3quio, e representantes dos Estados Unidos adotaram tom comedido, ainda que o embaixador no Jap\u00e3o tenha expressado solidariedade. A presen\u00e7a de instala\u00e7\u00f5es militares norte\u2011americanas em Okinawa aumenta a sensibilidade do caso, como descreve a Reuters.<\/p>\n<p>Num contexto de deteriora\u00e7\u00e3o das rela\u00e7\u00f5es sino\u2011japonesas, alimentado por declara\u00e7\u00f5es de T\u00f3quio sobre Taiwan e por exerc\u00edcios e patrulhas chinesas mais frequentes no Pac\u00edfico Ocidental, autoridades e analistas alertam para o risco de escalada e defendem regras de engajamento e canais de comunica\u00e7\u00e3o mais robustos. <\/p>\n<p>A tens\u00e3o no Pac\u00edfico est\u00e1 a aumentar e estes epis\u00f3dios s\u00e3o apontados como os mais graves entre for\u00e7as chinesas e japonesas em anos.<\/p>\n","protected":false},"excerpt":{"rendered":"O governo japon\u00eas acusou pilotos de ca\u00e7a chineses de terem iluminado com radar aeronaves militares japonesas em duas&hellip;\n","protected":false},"author":2,"featured_media":179257,"comment_status":"","ping_status":"","sticky":false,"template":"","format":"standard","meta":{"footnotes":""},"categories":[8],"tags":[27,28,358,15,16,14,461,25,26,21,22,12,13,19,20,32,23,24,33,35161,17,18,29,30,31],"class_list":{"0":"post-179256","1":"post","2":"type-post","3":"status-publish","4":"format-standard","5":"has-post-thumbnail","7":"category-principais-noticias","8":"tag-breaking-news","9":"tag-breakingnews","10":"tag-china","11":"tag-featured-news","12":"tag-featurednews","13":"tag-headlines","14":"tag-japao","15":"tag-latest-news","16":"tag-latestnews","17":"tag-main-news","18":"tag-mainnews","19":"tag-news","20":"tag-noticias","21":"tag-noticias-principais","22":"tag-noticiasprincipais","23":"tag-portugal","24":"tag-principais-noticias","25":"tag-principaisnoticias","26":"tag-pt","27":"tag-tensao","28":"tag-top-stories","29":"tag-topstories","30":"tag-ultimas","31":"tag-ultimas-noticias","32":"tag-ultimasnoticias"},"share_on_mastodon":{"url":"https:\/\/pubeurope.com\/@pt\/115680549616818615","error":""},"_links":{"self":[{"href":"https:\/\/www.europesays.com\/pt\/wp-json\/wp\/v2\/posts\/179256","targetHints":{"allow":["GET"]}}],"collection":[{"href":"https:\/\/www.europesays.com\/pt\/wp-json\/wp\/v2\/posts"}],"about":[{"href":"https:\/\/www.europesays.com\/pt\/wp-json\/wp\/v2\/types\/post"}],"author":[{"embeddable":true,"href":"https:\/\/www.europesays.com\/pt\/wp-json\/wp\/v2\/users\/2"}],"replies":[{"embeddable":true,"href":"https:\/\/www.europesays.com\/pt\/wp-json\/wp\/v2\/comments?post=179256"}],"version-history":[{"count":0,"href":"https:\/\/www.europesays.com\/pt\/wp-json\/wp\/v2\/posts\/179256\/revisions"}],"wp:featuredmedia":[{"embeddable":true,"href":"https:\/\/www.europesays.com\/pt\/wp-json\/wp\/v2\/media\/179257"}],"wp:attachment":[{"href":"https:\/\/www.europesays.com\/pt\/wp-json\/wp\/v2\/media?parent=179256"}],"wp:term":[{"taxonomy":"category","embeddable":true,"href":"https:\/\/www.europesays.com\/pt\/wp-json\/wp\/v2\/categories?post=179256"},{"taxonomy":"post_tag","embeddable":true,"href":"https:\/\/www.europesays.com\/pt\/wp-json\/wp\/v2\/tags?post=179256"}],"curies":[{"name":"wp","href":"https:\/\/api.w.org\/{rel}","templated":true}]}}