{"id":179270,"date":"2025-12-07T22:15:09","date_gmt":"2025-12-07T22:15:09","guid":{"rendered":"https:\/\/www.europesays.com\/pt\/179270\/"},"modified":"2025-12-07T22:15:09","modified_gmt":"2025-12-07T22:15:09","slug":"ministro-suico-dos-negocios-estrangeiros-quer-osce-a-monitorizar-cessar-fogo-entre-russia-e-ucrania","status":"publish","type":"post","link":"https:\/\/www.europesays.com\/pt\/179270\/","title":{"rendered":"Ministro su\u00ed\u00e7o dos Neg\u00f3cios Estrangeiros quer OSCE a monitorizar cessar-fogo entre R\u00fassia e Ucr\u00e2nia"},"content":{"rendered":"<p>&#13;<br \/>\nO ministro dos Neg\u00f3cios Estrangeiros da Su\u00ed\u00e7a, Ignazio Cassis, defendeu este domingo que a Organiza\u00e7\u00e3o para a Seguran\u00e7a e Coopera\u00e7\u00e3o na Europa (OSCE) poder\u00e1 desempenhar um papel importante na monitoriza\u00e7\u00e3o de um cessar-fogo entre a R\u00fassia e a Ucr\u00e2nia.&#13;\n<\/p>\n<p>&#13;<br \/>\n&#8220;J\u00e1 existem considera\u00e7\u00f5es concretas sobre este assunto: a Organiza\u00e7\u00e3o \u00e9 capaz de mobilizar dezenas de pessoas em per\u00edodos muito curtos. A OSCE poderia observar o cessar-fogo, monitorizar a linha de cessar-fogo, observar as elei\u00e7\u00f5es, etc.&#8221;, disse Ignazio Cassis, em declara\u00e7\u00f5es ao jornal su\u00ed\u00e7o SonntagsBlick.&#13;\n<\/p>\n<p>&#13;<br \/>\nNo pr\u00f3ximo ano, a Su\u00ed\u00e7a vai presidir \u00e0 OSCE, organiza\u00e7\u00e3o fundada em 1975 para atenuar as tens\u00f5es entre o Oriente e o Ocidente durante a Guerra Fria, e que conta com 57 membros da Europa, \u00c1sia Central e Am\u00e9rica do Norte, incluindo os Estados Unidos da Am\u00e9rica, a Ucr\u00e2nia e a R\u00fassia.&#13;\n<\/p>\n<p>&#13;<br \/>\nDe acordo com o ministro dos Neg\u00f3cios Estrangeiros da Su\u00ed\u00e7a, &#8220;a linha da frente estende-se atualmente por 1.300 quil\u00f3metros &#8211; a OSCE&#8221;, que, &#8220;por si s\u00f3, \u00e9 demasiado pequena para monitorizar toda a sua extens\u00e3o&#8221;, pelo que tal exigiria um compromisso significativo dos Estados participantes.&#13;\n<\/p>\n<p>&#13;<br \/>\nIgnazio Cassis disse ainda que o Presidente norte-americano, Donald Trump, poder\u00e1 concluir rapidamente um acordo de cessar-fogo entre a R\u00fassia e a Ucr\u00e2nia.&#13;\n<\/p>\n<p>&#13;<br \/>\n&#8220;O meu objetivo \u00e9 que a OSCE esteja preparada. Assim que um acordo for alcan\u00e7ado, queremos poder (&#8230;) come\u00e7ar a trabalhar&#8221;, exp\u00f4s o ministro su\u00ed\u00e7o.&#13;\n<\/p>\n<p>&#13;<br \/>\nO governante sugeriu que uma miss\u00e3o de investiga\u00e7\u00e3o poderia ser, inicialmente, enviada \u00e0 Ucr\u00e2nia para avaliar a situa\u00e7\u00e3o, a partir da qual a OSCE poderia iniciar rapidamente as etapas seguintes.&#13;\n<\/p>\n<p>&#13;<br \/>\nA este prop\u00f3sito, o ministro dos Neg\u00f3cios Estrangeiros da Su\u00ed\u00e7a reconheceu que a R\u00fassia violou os princ\u00edpios fundamentais desta organiza\u00e7\u00e3o ao atacar o seu pa\u00eds vizinho, a Ucr\u00e2nia, em fevereiro de 2022.&#13;\n<\/p>\n<p>&#13;<br \/>\nApesar disso, a R\u00fassia n\u00e3o saiu da OSCE, nem foi exclu\u00edda, o que, na perspetiva de Ignazio Cassis, indica que esta organiza\u00e7\u00e3o internacional &#8220;continua a ser importante para o di\u00e1logo com a R\u00fassia, mesmo que limitado&#8221;.&#13;\n<\/p>\n<p>&#13;<br \/>\n&#8220;A OSCE deve estar pronta para agir assim que a oportunidade surgir, mesmo que, por enquanto, as possibilidades sejam limitadas&#8221;, defendeu.&#13;\n<\/p>\n<p>&#13;<br \/>\nAp\u00f3s tr\u00eas dias de negocia\u00e7\u00f5es na Florida entre as autoridades ucranianas e norte-americanas n\u00e3o houve avan\u00e7os significativos no s\u00e1bado.&#13;\n<\/p>\n<p>&#13;<br \/>\nNo entanto, o Presidente ucraniano, Volodymyr Zelensky, prometeu continuar as negocia\u00e7\u00f5es em busca de uma &#8220;verdadeira paz&#8221;, enquanto a R\u00fassia realizou novos ataques com drones e m\u00edsseis contra a Ucr\u00e2nia.&#13;<\/p>\n","protected":false},"excerpt":{"rendered":"&#13; O ministro dos Neg\u00f3cios Estrangeiros da Su\u00ed\u00e7a, Ignazio Cassis, defendeu este domingo que a Organiza\u00e7\u00e3o para a&hellip;\n","protected":false},"author":2,"featured_media":179271,"comment_status":"","ping_status":"","sticky":false,"template":"","format":"standard","meta":{"footnotes":""},"categories":[50],"tags":[27,28,15,16,14,25,26,21,22,62,12,13,19,20,4488,23,24,17,18,29,30,31,63,64,65],"class_list":{"0":"post-179270","1":"post","2":"type-post","3":"status-publish","4":"format-standard","5":"has-post-thumbnail","7":"category-mundo","8":"tag-breaking-news","9":"tag-breakingnews","10":"tag-featured-news","11":"tag-featurednews","12":"tag-headlines","13":"tag-latest-news","14":"tag-latestnews","15":"tag-main-news","16":"tag-mainnews","17":"tag-mundo","18":"tag-news","19":"tag-noticias","20":"tag-noticias-principais","21":"tag-noticiasprincipais","22":"tag-osce","23":"tag-principais-noticias","24":"tag-principaisnoticias","25":"tag-top-stories","26":"tag-topstories","27":"tag-ultimas","28":"tag-ultimas-noticias","29":"tag-ultimasnoticias","30":"tag-world","31":"tag-world-news","32":"tag-worldnews"},"share_on_mastodon":{"url":"https:\/\/pubeurope.com\/@pt\/115680596869471322","error":""},"_links":{"self":[{"href":"https:\/\/www.europesays.com\/pt\/wp-json\/wp\/v2\/posts\/179270","targetHints":{"allow":["GET"]}}],"collection":[{"href":"https:\/\/www.europesays.com\/pt\/wp-json\/wp\/v2\/posts"}],"about":[{"href":"https:\/\/www.europesays.com\/pt\/wp-json\/wp\/v2\/types\/post"}],"author":[{"embeddable":true,"href":"https:\/\/www.europesays.com\/pt\/wp-json\/wp\/v2\/users\/2"}],"replies":[{"embeddable":true,"href":"https:\/\/www.europesays.com\/pt\/wp-json\/wp\/v2\/comments?post=179270"}],"version-history":[{"count":0,"href":"https:\/\/www.europesays.com\/pt\/wp-json\/wp\/v2\/posts\/179270\/revisions"}],"wp:featuredmedia":[{"embeddable":true,"href":"https:\/\/www.europesays.com\/pt\/wp-json\/wp\/v2\/media\/179271"}],"wp:attachment":[{"href":"https:\/\/www.europesays.com\/pt\/wp-json\/wp\/v2\/media?parent=179270"}],"wp:term":[{"taxonomy":"category","embeddable":true,"href":"https:\/\/www.europesays.com\/pt\/wp-json\/wp\/v2\/categories?post=179270"},{"taxonomy":"post_tag","embeddable":true,"href":"https:\/\/www.europesays.com\/pt\/wp-json\/wp\/v2\/tags?post=179270"}],"curies":[{"name":"wp","href":"https:\/\/api.w.org\/{rel}","templated":true}]}}