{"id":179272,"date":"2025-12-07T22:16:14","date_gmt":"2025-12-07T22:16:14","guid":{"rendered":"https:\/\/www.europesays.com\/pt\/179272\/"},"modified":"2025-12-07T22:16:14","modified_gmt":"2025-12-07T22:16:14","slug":"jipe-com-cinco-passageiros-incluindo-criancas-preso-num-rio-em-gondomar","status":"publish","type":"post","link":"https:\/\/www.europesays.com\/pt\/179272\/","title":{"rendered":"Jipe com cinco passageiros incluindo crian\u00e7as preso num rio em Gondomar"},"content":{"rendered":"<p class=\"category\"><a href=\"https:\/\/sicnoticias.pt\/pais\" rel=\"nofollow noopener\" target=\"_blank\">Pa\u00eds<\/a><\/p>\n<p class=\"status ematualizacao\">Em atualiza\u00e7\u00e3o<\/p>\n<p>Um jipe com cinco ocupantes, incluindo dois adultos e tr\u00eas crian\u00e7as com idades entre os 10 e os 16 anos, ficou preso e parcialmente submerso no rio Ferreira, em S\u00e3o Pedro da Cova, Gondomar, enquanto tentava atravessar uma zona de corrente forte.<\/p>\n<p><img decoding=\"async\" src=\"https:\/\/www.europesays.com\/pt\/wp-content\/uploads\/2025\/12\/1765145774_645_original.webp\" alt=\"Jipe com cinco passageiros incluindo crian\u00e7as preso num rio em Gondomar\"\/><\/p>\n<p>SIC<\/p>\n<p><strong>Um jipe com cinco pessoas a bordo, incluindo dois adultos e tr\u00eas crian\u00e7as, ficou preso e parcialmente submerso no meio do rio Ferreira, em S\u00e3o Pedro da Cova, Gondomar. Est\u00e3o em curso opera\u00e7\u00f5es de resgate. De acordo com informa\u00e7\u00f5es apuradas pela SIC, os menores t\u00eam 10, 14 e 16 anos e j\u00e1 ter\u00e3o sido retirados.<\/strong><\/p>\n<p>No local est\u00e3o v\u00e1rias ambul\u00e2ncias e equipas de resgate. Em declara\u00e7\u00f5es \u00e0 SIC, o comandante <strong>M\u00e1rio Ferreir<\/strong><strong>a,<\/strong> dos Bombeiros de S\u00e3o Pedro da Cova, confirmou que <strong>tanto os adultos como as crian\u00e7as est\u00e3o bem<\/strong>, mas alertou para o<strong> risco de hipotermia<\/strong> devido \u00e0s baixas temperaturas.<\/p>\n<p>A viatura ter\u00e1 ficado presa este domingo quando tentava atravessar o curso de \u00e1gua, numa zona de corrente forte junto ao lugar de Couce, confirmou a SIC. O alerta foi dado pelas 19h00.<\/p>\n<p>Not\u00edcia em atualiza\u00e7\u00e3o<\/p>\n","protected":false},"excerpt":{"rendered":"Pa\u00eds Em atualiza\u00e7\u00e3o Um jipe com cinco ocupantes, incluindo dois adultos e tr\u00eas crian\u00e7as com idades entre os&hellip;\n","protected":false},"author":2,"featured_media":179273,"comment_status":"","ping_status":"","sticky":false,"template":"","format":"standard","meta":{"footnotes":""},"categories":[10],"tags":[27,28,15,16,14,25,26,21,22,12,13,19,20,32,23,24,33,17,18,29,30,31],"class_list":{"0":"post-179272","1":"post","2":"type-post","3":"status-publish","4":"format-standard","5":"has-post-thumbnail","7":"category-portugal","8":"tag-breaking-news","9":"tag-breakingnews","10":"tag-featured-news","11":"tag-featurednews","12":"tag-headlines","13":"tag-latest-news","14":"tag-latestnews","15":"tag-main-news","16":"tag-mainnews","17":"tag-news","18":"tag-noticias","19":"tag-noticias-principais","20":"tag-noticiasprincipais","21":"tag-portugal","22":"tag-principais-noticias","23":"tag-principaisnoticias","24":"tag-pt","25":"tag-top-stories","26":"tag-topstories","27":"tag-ultimas","28":"tag-ultimas-noticias","29":"tag-ultimasnoticias"},"share_on_mastodon":{"url":"https:\/\/pubeurope.com\/@pt\/115680600942843413","error":""},"_links":{"self":[{"href":"https:\/\/www.europesays.com\/pt\/wp-json\/wp\/v2\/posts\/179272","targetHints":{"allow":["GET"]}}],"collection":[{"href":"https:\/\/www.europesays.com\/pt\/wp-json\/wp\/v2\/posts"}],"about":[{"href":"https:\/\/www.europesays.com\/pt\/wp-json\/wp\/v2\/types\/post"}],"author":[{"embeddable":true,"href":"https:\/\/www.europesays.com\/pt\/wp-json\/wp\/v2\/users\/2"}],"replies":[{"embeddable":true,"href":"https:\/\/www.europesays.com\/pt\/wp-json\/wp\/v2\/comments?post=179272"}],"version-history":[{"count":0,"href":"https:\/\/www.europesays.com\/pt\/wp-json\/wp\/v2\/posts\/179272\/revisions"}],"wp:featuredmedia":[{"embeddable":true,"href":"https:\/\/www.europesays.com\/pt\/wp-json\/wp\/v2\/media\/179273"}],"wp:attachment":[{"href":"https:\/\/www.europesays.com\/pt\/wp-json\/wp\/v2\/media?parent=179272"}],"wp:term":[{"taxonomy":"category","embeddable":true,"href":"https:\/\/www.europesays.com\/pt\/wp-json\/wp\/v2\/categories?post=179272"},{"taxonomy":"post_tag","embeddable":true,"href":"https:\/\/www.europesays.com\/pt\/wp-json\/wp\/v2\/tags?post=179272"}],"curies":[{"name":"wp","href":"https:\/\/api.w.org\/{rel}","templated":true}]}}