{"id":179284,"date":"2025-12-07T22:34:12","date_gmt":"2025-12-07T22:34:12","guid":{"rendered":"https:\/\/www.europesays.com\/pt\/179284\/"},"modified":"2025-12-07T22:34:12","modified_gmt":"2025-12-07T22:34:12","slug":"encontramos-uma-familia-que-vivia-apenas-de-cereais-e-arroz-num-dos-paises-mais-ricos-do-mundo-um-terco-das-criancas-vive-na-pobreza","status":"publish","type":"post","link":"https:\/\/www.europesays.com\/pt\/179284\/","title":{"rendered":"&#8220;Encontr\u00e1mos uma fam\u00edlia que vivia apenas de cereais e arroz&#8221;: num dos pa\u00edses mais ricos do mundo, um ter\u00e7o das crian\u00e7as vive na pobreza"},"content":{"rendered":"<p>\t                E cerca de 70% dessas crian\u00e7as que vivem na pobreza t\u00eam pelo menos um dos pais a trabalhar<\/p>\n<p>Thea Jaffe nunca esperou utilizar um banco de beb\u00e9s. De facto, foi ela a respons\u00e1vel por encaminhar outros pais solteiros do seu grupo comunit\u00e1rio local para a institui\u00e7\u00e3o de caridade Little Village, que fornece artigos essenciais a novos pais que, de outra forma, n\u00e3o os poderiam comprar &#8211; tudo, desde carrinhos de beb\u00e9 e ber\u00e7os a roupas, fraldas, brinquedos e livros.<\/p>\n<p>Mas quando Jaffe, que vive em Londres, engravidou inesperadamente do seu segundo filho, n\u00e3o tinha dinheiro para comprar tudo o que precisava. &#8220;\u00c9 muito dif\u00edcil ter de acomodar um beb\u00e9 sem or\u00e7amento&#8221;, diz \u00e0 CNN.<\/p>\n<p>&#8220;Eu j\u00e1 tinha dificuldades financeiras, mas n\u00e3o sabia que as coisas iam piorar. Agora as coisas chegaram a um ponto em que estou a trabalhar a tempo inteiro e n\u00e3o consigo pagar as minhas contas.&#8221;<\/p>\n<p> <img loading=\"lazy\" decoding=\"async\" alt=\"\" height=\"400\" src=\"https:\/\/www.europesays.com\/pt\/wp-content\/uploads\/2025\/12\/1765146851_8_600.webp\" width=\"600\"\/><br \/>\n  <strong>Um banco para beb\u00e9s da Little Village em Wembley, no norte de Londres, est\u00e1 cheio de artigos de que os novos pais podem precisar<\/strong> foto Issy Ronald\/CNN <\/p>\n<p>A pobreza infantil atingiu um n\u00edvel recorde no Reino Unido \u00e0 medida que o custo de vida do pa\u00eds aumenta e a sua rede de seguran\u00e7a social vacila ap\u00f3s anos de austeridade governamental. Com os servi\u00e7os p\u00fablicos muito enfraquecidos, institui\u00e7\u00f5es de caridade como Little Village entraram em a\u00e7\u00e3o.<\/p>\n<p>Esta quest\u00e3o est\u00e1 no centro das aten\u00e7\u00f5es, uma vez que os grupos de a\u00e7\u00e3o apelaram ao governo trabalhista brit\u00e2nico para que d\u00ea prioridade \u00e0s medidas de redu\u00e7\u00e3o da pobreza infantil no seu or\u00e7amento anual.<\/p>\n<p>Cerca de um ter\u00e7o das crian\u00e7as brit\u00e2nicas &#8211; mais precisamente de 4,5 milh\u00f5es &#8211; vive atualmente em situa\u00e7\u00e3o de pobreza relativa, frequentemente medida como o facto de viver num agregado familiar que aufere menos de 60% do rendimento mediano nacional ap\u00f3s os custos de habita\u00e7\u00e3o, segundo um relat\u00f3rio governamental publicado em abril.<\/p>\n<p>De acordo com um estudo realizado em 2023 pela Funda\u00e7\u00e3o Joseph Rowntree, que estuda a pobreza e formula pol\u00edticas para a combater, um milh\u00e3o destas crian\u00e7as \u00e9 considerada indigente, n\u00e3o tendo satisfeitas as suas necessidades mais b\u00e1sicas de se manterem quentes, secas, vestidas e alimentadas.<\/p>\n<p>&#8220;Encontr\u00e1mos uma fam\u00edlia que vivia apenas de cereais e arroz&#8221;, diz \u00e0 CNN Sophie Livingstone, diretora executiva da Little Village.<\/p>\n<p>&#8220;Temos muitas fam\u00edlias que vivem numa s\u00f3 divis\u00e3o, muito bolor, muitas habita\u00e7\u00f5es de muito m\u00e1 qualidade, mesmo quando as pessoas s\u00e3o alojadas&#8221;, acrescenta.<\/p>\n<p>&#8220;Modo de sobreviv\u00eancia&#8221; <\/p>\n<p>Mesmo para as fam\u00edlias que conseguem satisfazer as necessidades b\u00e1sicas dos seus filhos, a vida \u00e9 uma luta m\u00eas a m\u00eas, sem qualquer seguran\u00e7a financeira.<\/p>\n<p>&#8220;Vive-se sempre com medo e isso n\u00e3o \u00e9 bom quando se tem crian\u00e7as a depender de n\u00f3s&#8221;, diz \u00e0 CNN Lia, m\u00e3e solteira de g\u00e9meas de 7 anos. Falou com a CNN depois de ter sido contactada pelo Projeto Realidades em Mudan\u00e7a, que documenta os pais que vivem com baixos rendimentos. Lia pediu para usar um pseud\u00f3nimo para proteger a privacidade da sua fam\u00edlia.<\/p>\n<p>&#8220;As minhas filhas querem fazer as mesmas coisas que os colegas est\u00e3o a fazer. Mas o or\u00e7amento n\u00e3o o permite&#8221;, conta. Depois de pagar os bens essenciais todos os meses, n\u00e3o lhe resta dinheiro.<\/p>\n<p>&#8220;Sempre que saio, tenho de me certificar de que n\u00e3o estou a gastar demasiado. \u00c9 uma situa\u00e7\u00e3o que provoca muita ansiedade.&#8221;<\/p>\n<p>Licenciada em Direito e residente em Hampshire, no sudeste de Inglaterra, Lia come\u00e7ou por voltar ao trabalho, mas diz que era muitas vezes chamada a meio de uma reuni\u00e3o pelo prestador de cuidados infantis se uma das suas filhas, que tem necessidades complexas &#8211; dispraxia e atraso global de desenvolvimento &#8211; estivesse a ter uma &#8220;birra ou uma crise&#8221;. Acabou por ter de deixar o seu emprego.<\/p>\n<p>&#8220;Entro em modo de sobreviv\u00eancia&#8221;, diz. &#8221; Estive no sistema de acolhimento adotivo enquanto crescia e lembro-me de sentir tanta luta e ang\u00fastia do tipo &#8216;se eu conseguir ultrapassar isto, vai correr tudo bem&#8217;. No entanto, essa situa\u00e7\u00e3o n\u00e3o mudou: por muito que saiba que tenho muito para oferecer e que tente ser um bom membro da sociedade, continuo a sentir que, para onde quer que me vire, h\u00e1 dificuldades.&#8221;<\/p>\n<p>E mesmo para as fam\u00edlias que ganham bem acima do limiar de pobreza, o custo da habita\u00e7\u00e3o e dos cuidados infantis, especialmente em Londres, pode ser t\u00e3o elevado que simplesmente n\u00e3o h\u00e1 dinheiro para gastar em mais nada. Cerca de 70% das crian\u00e7as que vivem na pobreza t\u00eam pelo menos um dos pais a trabalhar.<\/p>\n<p> <img loading=\"lazy\" decoding=\"async\" alt=\"\" height=\"400\" src=\"https:\/\/www.europesays.com\/pt\/wp-content\/uploads\/2025\/12\/1765146852_235_600.webp\" width=\"600\"\/><br \/>\n  <strong>Thea Jaffe \u00e9 fotografada num banco de beb\u00e9s de Little Village com o mais novo dos seus tr\u00eas filhos<\/strong> foto Little Village\u00a0 <\/p>\n<p>Os cuidados infantis s\u00e3o mais caros no Reino Unido do que na maioria dos outros pa\u00edses ricos &#8211; custam cerca de 25% do rendimento l\u00edquido de um casal e cerca de 60% do rendimento l\u00edquido de uma fam\u00edlia monoparental, de acordo com os n\u00fameros divulgados pelo grupo de reflex\u00e3o The Institute for Fiscal Studies em 2022.<\/p>\n<p>Jaffe, a m\u00e3e que recorre ao banco de beb\u00e9s de Little Village, trabalha a tempo inteiro em solu\u00e7\u00f5es para clientes e diz que ganha cerca de 50.000 euros por ano para se sustentar a si e aos seus tr\u00eas filhos &#8211; muito acima da m\u00e9dia do Reino Unido. Ainda assim, diz que &#8220;luta todos os meses para garantir que tudo \u00e9 pago, n\u00e3o consegue poupar nada, n\u00e3o consegue fazer coisas para os meus filhos&#8221;.<\/p>\n<p>Depois de pagar o essencial &#8211; renda, cuidados infantis, alimenta\u00e7\u00e3o e contas dom\u00e9sticas &#8211; resta-lhe 220 euros por m\u00eas para emerg\u00eancias e para poupar para o m\u00eas seguinte, no caso de haver um erro no pr\u00f3ximo pagamento da seguran\u00e7a social, algo que diz ser uma ocorr\u00eancia regular.<\/p>\n<p>&#8220;J\u00e1 n\u00e3o h\u00e1 resili\u00eancia&#8221; <\/p>\n<p>Embora a pobreza infantil tenha estado sempre presente no Reino Unido, a sua taxa est\u00e1 a aumentar &#8211; e muito mais rapidamente do que noutros pa\u00edses ricos. Entre 2012 e 2021, aumentou quase 20%, segundo a UNICEF. Agora, em 2025, a taxa de pobreza infantil do Reino Unido \u00e9 mais elevada do que a de qualquer outro pa\u00eds da Uni\u00e3o Europeia, exceto a Gr\u00e9cia, de acordo com a Resolution Foundation, um grupo de reflex\u00e3o sobre padr\u00f5es de vida.<\/p>\n<p>A organiza\u00e7\u00e3o estima que mais 300.000 crian\u00e7as v\u00e3o cair na pobreza at\u00e9 2030 se nada mudar.<\/p>\n<p>A atual taxa de pobreza reflete tamb\u00e9m as desigualdades existentes noutros setores da sociedade. Quase metade das crian\u00e7as das comunidades negras e asi\u00e1ticas vive na pobreza, em compara\u00e7\u00e3o com 24% das crian\u00e7as brancas, enquanto as crian\u00e7as que vivem em fam\u00edlias monoparentais ou em fam\u00edlias em que algu\u00e9m \u00e9 deficiente tamb\u00e9m t\u00eam mais probabilidades de viver na pobreza, segundo dados da organiza\u00e7\u00e3o de campanha Child Poverty Action Group.<\/p>\n<p>Parte deste aumento deve-se \u00e0s mesmas condi\u00e7\u00f5es econ\u00f3micas que afetam outras partes do mundo ocidental &#8211; crescimento lento e emprego que j\u00e1 n\u00e3o oferece a mesma seguran\u00e7a financeira, bem como uma infla\u00e7\u00e3o persistente que afeta desproporcionadamente os bens essenciais e, por conseguinte, as pessoas com baixos rendimentos.<\/p>\n<p> <img loading=\"lazy\" decoding=\"async\" alt=\"\" height=\"400\" src=\"https:\/\/www.europesays.com\/pt\/wp-content\/uploads\/2025\/12\/1765146852_976_600.webp\" width=\"600\"\/><br \/>\n  <strong>Renata Acioli (ao centro), que gere o banco de beb\u00e9s da Little Village em Wembley, \u00e9 fotografada com os colegas Sharna Singh (\u00e0 esquerda) e Yosr Bahr (\u00e0 direita)<\/strong> foto Issy Ronald\/CNN <\/p>\n<p>Mas os acad\u00e9micos e os defensores da causa afirmam que as decis\u00f5es pol\u00edticas tamb\u00e9m desempenharam um papel importante. Os servi\u00e7os p\u00fablicos brit\u00e2nicos foram reduzidos pela coliga\u00e7\u00e3o de centro-direita liderada pelos conservadores e pelo subsequente governo conservador no poder de 2010 a 2024.<\/p>\n<p>E, como parte do seu programa de austeridade, que visava reduzir a despesa p\u00fablica na sequ\u00eancia da crise financeira de 2008, os conservadores introduziram tr\u00eas pol\u00edticas que &#8220;s\u00e3o em grande parte respons\u00e1veis pelo aumento da pobreza infantil hoje em dia&#8221;, diz Jonathan Bradshaw, professor em\u00e9rito de pol\u00edtica social na Universidade de York, que tamb\u00e9m foi um dos conselheiros acad\u00e9micos da futura estrat\u00e9gia do atual governo para a pobreza infantil.<\/p>\n<p>Estas medidas limitam o montante da assist\u00eancia social a que as pessoas se podem candidatar &#8211; uma \u00e9 um limite global para as presta\u00e7\u00f5es que um agregado familiar pode receber, outra limita os subs\u00eddios de habita\u00e7\u00e3o e a terceira \u00e9 um limite m\u00e1ximo para os subs\u00eddios para dois filhos, o que significa que os pais n\u00e3o se podem candidatar a nada para o terceiro filho ou para os filhos seguintes nascidos depois de 2017.<\/p>\n<p>As institui\u00e7\u00f5es de solidariedade social e os acad\u00e9micos afirmam que \u00e9 este limite m\u00e1ximo do subs\u00eddio para dois filhos, em particular, que \u00e9 largamente respons\u00e1vel pelo aumento das taxas de pobreza infantil no Reino Unido.<\/p>\n<p>&#8220;A maior parte do aumento da pobreza infantil ocorreu em fam\u00edlias numerosas&#8221;, aponta \u00e0 CNN Jonathan Bradshaw.<\/p>\n<p> <img loading=\"lazy\" decoding=\"async\" alt=\"\" height=\"400\" src=\"https:\/\/www.europesays.com\/pt\/wp-content\/uploads\/2025\/12\/1765146852_557_600.webp\" width=\"600\"\/><br \/>\n  <strong>O antigo ministro das Finan\u00e7as brit\u00e2nico George Osborne foi um dos principais arquitetos da austeridade<\/strong> foto Darren Staples\/ Reuters <\/p>\n<p>Tudo isto demonstra a &#8220;inadequa\u00e7\u00e3o do sistema de subs\u00eddios&#8221;, diz Peter Matejic, analista-chefe da Funda\u00e7\u00e3o Joseph Rowntree.<\/p>\n<p>&#8220;Se somarmos as necessidades em termos de alimenta\u00e7\u00e3o, energia, todas estas coisas, e olharmos para o montante dos benef\u00edcios&#8230; \u00e9 inferior a esse n\u00edvel&#8221;, afirma \u00e0 CNN.<\/p>\n<p>Quando os enviados da ONU Philip Alston e Olivier De Schutter visitaram o Reino Unido em 2018 e 2023, respetivamente, ambos condenaram a pobreza que viram no pa\u00eds, embora De Schutter tenha observado que o pa\u00eds estava em conformidade com um padr\u00e3o de desigualdade crescente observado noutros pa\u00edses ricos.<\/p>\n<p>Enigma pol\u00edtico <\/p>\n<p>Um porta-voz do atual governo trabalhista, que est\u00e1 no poder desde julho do ano passado, afirma \u00e0 CNN que &#8220;todas as crian\u00e7as, independentemente da sua origem, merecem o melhor come\u00e7o de vida&#8221;.<\/p>\n<p>&#8220;Estamos a investir 573 milh\u00f5es de euros no desenvolvimento das crian\u00e7as atrav\u00e9s do lan\u00e7amento dos centros familiares Best Start, alargando as refei\u00e7\u00f5es escolares gratuitas e garantindo que os mais pobres n\u00e3o passam fome nas f\u00e9rias atrav\u00e9s de um novo pacote de apoio \u00e0 crise, no valor de 1,15 mil milh\u00f5es de euros&#8221;.<\/p>\n<p>A luta contra a pobreza infantil tem sido uma prioridade declarada do governo de centro-esquerda e, ao mesmo tempo, uma quest\u00e3o que ilumina as linhas de fratura no seu seio.<\/p>\n<p>Desde que o Partido Trabalhista chegou ao poder tem-se debatido com a necessidade de equilibrar o mandato para a mudan\u00e7a com base no qual foi eleito e a sua inclina\u00e7\u00e3o tradicional para investir nos servi\u00e7os p\u00fablicos, com escassos fundos dispon\u00edveis e um compromisso manifesto de n\u00e3o aumentar os impostos sobre os trabalhadores.<\/p>\n<p>Os planos do Governo para reduzir a pobreza infantil t\u00eam sido, at\u00e9 \u00e0 data, prejudicados por este enigma. Algo que se mant\u00e9m at\u00e9 serem revelados mais pormenores sobre os planos fiscais e de despesas do Governo &#8211; nos quais \u00e9 esperado que a chanceler Rachel Reeves, ministra das Finan\u00e7as do Reino Unido, aborde a quest\u00e3o do limite m\u00e1ximo do subs\u00eddio para dois filhos, uma pol\u00edtica que o Governo tem oscilado no \u00faltimo ano entre manter e eliminar.<\/p>\n<p>Mas para os pais que j\u00e1 se encontram no limiar da pobreza, os seus or\u00e7amentos familiares foram esticados demasiado durante demasiado tempo.<\/p>\n<p>&#8220;As pessoas j\u00e1 n\u00e3o t\u00eam resili\u00eancia&#8221;, diz Livingstone, lembrando que, quando come\u00e7ou a desempenhar o seu papel de diretora de Little Village, &#8220;diz\u00edamos que a rede de seguran\u00e7a tinha muitos buracos&#8221;.<\/p>\n<p>&#8220;Na verdade, j\u00e1 n\u00e3o tenho a certeza de que exista uma grande rede de seguran\u00e7a&#8221;, conclui.<\/p>\n","protected":false},"excerpt":{"rendered":"E cerca de 70% dessas crian\u00e7as que vivem na pobreza t\u00eam pelo menos um dos pais a trabalhar&hellip;\n","protected":false},"author":2,"featured_media":179285,"comment_status":"","ping_status":"","sticky":false,"template":"","format":"standard","meta":{"footnotes":""},"categories":[50],"tags":[609,836,611,27,28,607,608,333,832,604,36883,135,610,476,15,16,301,19571,830,14,603,25,26,570,21,22,831,833,62,834,12,13,19,20,835,602,8337,52,32,23,24,36884,17,18,29,30,31,63,64,65],"class_list":{"0":"post-179284","1":"post","2":"type-post","3":"status-publish","4":"format-standard","5":"has-post-thumbnail","7":"category-mundo","8":"tag-alerta","9":"tag-analise","10":"tag-ao-minuto","11":"tag-breaking-news","12":"tag-breakingnews","13":"tag-cnn","14":"tag-cnn-portugal","15":"tag-comentadores","16":"tag-costa","17":"tag-crime","18":"tag-desiguladade-social","19":"tag-desporto","20":"tag-direto","21":"tag-economia","22":"tag-featured-news","23":"tag-featurednews","24":"tag-governo","25":"tag-gra-bretanha","26":"tag-guerra","27":"tag-headlines","28":"tag-justica","29":"tag-latest-news","30":"tag-latestnews","31":"tag-live","32":"tag-main-news","33":"tag-mainnews","34":"tag-mais-vistas","35":"tag-marcelo","36":"tag-mundo","37":"tag-negocios","38":"tag-news","39":"tag-noticias","40":"tag-noticias-principais","41":"tag-noticiasprincipais","42":"tag-opiniao","43":"tag-pais","44":"tag-pobreza","45":"tag-politica","46":"tag-portugal","47":"tag-principais-noticias","48":"tag-principaisnoticias","49":"tag-reino-unido-uk","50":"tag-top-stories","51":"tag-topstories","52":"tag-ultimas","53":"tag-ultimas-noticias","54":"tag-ultimasnoticias","55":"tag-world","56":"tag-world-news","57":"tag-worldnews"},"share_on_mastodon":{"url":"","error":"Validation failed: Text character limit of 500 exceeded"},"_links":{"self":[{"href":"https:\/\/www.europesays.com\/pt\/wp-json\/wp\/v2\/posts\/179284","targetHints":{"allow":["GET"]}}],"collection":[{"href":"https:\/\/www.europesays.com\/pt\/wp-json\/wp\/v2\/posts"}],"about":[{"href":"https:\/\/www.europesays.com\/pt\/wp-json\/wp\/v2\/types\/post"}],"author":[{"embeddable":true,"href":"https:\/\/www.europesays.com\/pt\/wp-json\/wp\/v2\/users\/2"}],"replies":[{"embeddable":true,"href":"https:\/\/www.europesays.com\/pt\/wp-json\/wp\/v2\/comments?post=179284"}],"version-history":[{"count":0,"href":"https:\/\/www.europesays.com\/pt\/wp-json\/wp\/v2\/posts\/179284\/revisions"}],"wp:featuredmedia":[{"embeddable":true,"href":"https:\/\/www.europesays.com\/pt\/wp-json\/wp\/v2\/media\/179285"}],"wp:attachment":[{"href":"https:\/\/www.europesays.com\/pt\/wp-json\/wp\/v2\/media?parent=179284"}],"wp:term":[{"taxonomy":"category","embeddable":true,"href":"https:\/\/www.europesays.com\/pt\/wp-json\/wp\/v2\/categories?post=179284"},{"taxonomy":"post_tag","embeddable":true,"href":"https:\/\/www.europesays.com\/pt\/wp-json\/wp\/v2\/tags?post=179284"}],"curies":[{"name":"wp","href":"https:\/\/api.w.org\/{rel}","templated":true}]}}