{"id":179286,"date":"2025-12-07T22:35:38","date_gmt":"2025-12-07T22:35:38","guid":{"rendered":"https:\/\/www.europesays.com\/pt\/179286\/"},"modified":"2025-12-07T22:35:38","modified_gmt":"2025-12-07T22:35:38","slug":"assaltante-de-posto-de-combustivel-homenageia-agentes-da-psp-que-o-socorreram","status":"publish","type":"post","link":"https:\/\/www.europesays.com\/pt\/179286\/","title":{"rendered":"Assaltante de posto de combust\u00edvel homenageia agentes da PSP que o socorreram"},"content":{"rendered":"<p data-remotead-prev-elm=\"true\" data-remotead-elm-id=\"inread\">O caso ocorreu a 21 de fevereiro de 2021, pelas 3.35 horas, quando a empresa de seguran\u00e7a alertou a PSP para o acionamento do alarme de intrus\u00e3o no posto.<\/p>\n<p>Na altura, os agentes H\u00e9lio Antunes e Pedro Cruz deslocaram-se de imediato ao local, onde confirmaram a presen\u00e7a do suspeito no interior. Cercado e sem possibilidade de fuga, o homem muniu-se de uma faca e provocou cortes nos pulsos, obrigando os pol\u00edcias a arrombar a porta para o socorrer.<\/p>\n<p>No interior, encontraram o suspeito numa po\u00e7a de sangue, prestaram-lhe os primeiros socorros e acionaram o 112.<\/p>\n<p data-remotead-prev-elm=\"true\" data-remotead-elm-id=\"centro1\">O homem permaneceu sob deten\u00e7\u00e3o durante a hospitaliza\u00e7\u00e3o e foi posteriormente apresentado \u00e0 autoridade judici\u00e1ria, desconhecendo-se se foi condenado por este caso.<\/p>\n<p>Quatro anos depois, o homem enviou para a Divis\u00e3o Policial de Cascais uma placa de agradecimento aos agentes, dizendo que aquela interven\u00e7\u00e3o lhe salvou a vida.<\/p>\n<p><img decoding=\"async\" class=\"ngx-body\" guid=\"c9978bee-0138-4827-86bc-0bbf41f51f7a\" src=\"https:\/\/www.europesays.com\/pt\/wp-content\/uploads\/2025\/12\/1765146938_569_image.webp\" width=\"100%\"\/><\/p>\n","protected":false},"excerpt":{"rendered":"O caso ocorreu a 21 de fevereiro de 2021, pelas 3.35 horas, quando a empresa de seguran\u00e7a alertou&hellip;\n","protected":false},"author":2,"featured_media":179287,"comment_status":"","ping_status":"","sticky":false,"template":"","format":"standard","meta":{"footnotes":""},"categories":[10],"tags":[2446,27,28,4644,15,16,14,603,25,26,21,22,12,13,19,20,32,23,24,1306,33,17,18,29,30,31],"class_list":{"0":"post-179286","1":"post","2":"type-post","3":"status-publish","4":"format-standard","5":"has-post-thumbnail","7":"category-portugal","8":"tag-assalto","9":"tag-breaking-news","10":"tag-breakingnews","11":"tag-cascais","12":"tag-featured-news","13":"tag-featurednews","14":"tag-headlines","15":"tag-justica","16":"tag-latest-news","17":"tag-latestnews","18":"tag-main-news","19":"tag-mainnews","20":"tag-news","21":"tag-noticias","22":"tag-noticias-principais","23":"tag-noticiasprincipais","24":"tag-portugal","25":"tag-principais-noticias","26":"tag-principaisnoticias","27":"tag-psp","28":"tag-pt","29":"tag-top-stories","30":"tag-topstories","31":"tag-ultimas","32":"tag-ultimas-noticias","33":"tag-ultimasnoticias"},"share_on_mastodon":{"url":"https:\/\/pubeurope.com\/@pt\/115680675681526154","error":""},"_links":{"self":[{"href":"https:\/\/www.europesays.com\/pt\/wp-json\/wp\/v2\/posts\/179286","targetHints":{"allow":["GET"]}}],"collection":[{"href":"https:\/\/www.europesays.com\/pt\/wp-json\/wp\/v2\/posts"}],"about":[{"href":"https:\/\/www.europesays.com\/pt\/wp-json\/wp\/v2\/types\/post"}],"author":[{"embeddable":true,"href":"https:\/\/www.europesays.com\/pt\/wp-json\/wp\/v2\/users\/2"}],"replies":[{"embeddable":true,"href":"https:\/\/www.europesays.com\/pt\/wp-json\/wp\/v2\/comments?post=179286"}],"version-history":[{"count":0,"href":"https:\/\/www.europesays.com\/pt\/wp-json\/wp\/v2\/posts\/179286\/revisions"}],"wp:featuredmedia":[{"embeddable":true,"href":"https:\/\/www.europesays.com\/pt\/wp-json\/wp\/v2\/media\/179287"}],"wp:attachment":[{"href":"https:\/\/www.europesays.com\/pt\/wp-json\/wp\/v2\/media?parent=179286"}],"wp:term":[{"taxonomy":"category","embeddable":true,"href":"https:\/\/www.europesays.com\/pt\/wp-json\/wp\/v2\/categories?post=179286"},{"taxonomy":"post_tag","embeddable":true,"href":"https:\/\/www.europesays.com\/pt\/wp-json\/wp\/v2\/tags?post=179286"}],"curies":[{"name":"wp","href":"https:\/\/api.w.org\/{rel}","templated":true}]}}