{"id":179298,"date":"2025-12-07T22:49:09","date_gmt":"2025-12-07T22:49:09","guid":{"rendered":"https:\/\/www.europesays.com\/pt\/179298\/"},"modified":"2025-12-07T22:49:09","modified_gmt":"2025-12-07T22:49:09","slug":"ondas-atingem-zona-turistica-em-tenerife-ha-tres-mortos-e-um-desaparecido","status":"publish","type":"post","link":"https:\/\/www.europesays.com\/pt\/179298\/","title":{"rendered":"Ondas atingem zona tur\u00edstica em Tenerife: h\u00e1 tr\u00eas mortos e um desaparecido"},"content":{"rendered":"<p data-remotead-prev-elm=\"true\" data-remotead-elm-id=\"inread\">Pelo menos dois homens e uma mulher, entre os 35 e os 55 anos, morreram na tarde deste domingo depois de terem sido arrastados por uma onda na costa de Santiago del Teide, no sudoeste de Tenerife, uma \u00e1rea muito visitada conhecida como Los Gigantes. O alerta para o acidente foi dado pouco depois das quatro da tarde, quando v\u00e1rias pessoas foram surpreendidas por um golpe de mar numa piscina natural junto \u00e0s fal\u00e9sias.<\/p>\n<p>O Centro Coordenador de Emerg\u00eancias e Seguran\u00e7a das Can\u00e1rias confirmou que h\u00e1 ainda uma pessoa desaparecida. O presidente da C\u00e2mara de Santiago del Teide, Emilio Navarro, declarou \u00e0 r\u00e1dio regional que os meios de salvamento permanecem mobilizados e que as buscas prosseguem por terra, mar e ar.<\/p>\n<p>Segundo informa\u00e7\u00f5es das equipas no terreno, um helic\u00f3ptero de Salvamento Mar\u00edtimo resgatou do mar uma pessoa com vida, tendo recuperado tamb\u00e9m o corpo de uma das v\u00edtimas mortais. Elementos do servi\u00e7o de salvamento de praia, em motos de \u00e1gua, retiraram uma mulher em paragem cardiorrespirat\u00f3ria. No cais, o Servi\u00e7o de Urg\u00eancias Can\u00e1rio aplicou manobras avan\u00e7adas de reanima\u00e7\u00e3o, conseguindo reverter a situa\u00e7\u00e3o antes de a v\u00edtima ser transportada numa ambul\u00e2ncia medicalizada para um helic\u00f3ptero que a levou ao Hospital de La Candelaria, em Santa Cruz de Tenerife.<\/p>\n<p>Zona estava vedada devido ao aviso de mau tempo<\/p>\n<p data-remotead-prev-elm=\"true\" data-remotead-elm-id=\"centro1\">As equipas de socorro recuperaram ainda os corpos de mais duas v\u00edtimas. Outras tr\u00eas pessoas, dois homens e uma mulher, foram assistidas pelos servi\u00e7os m\u00e9dicos, uma delas necessitando de ser encaminhada para um hospital.<\/p>\n<p>Um helic\u00f3ptero do Grupo de Emerg\u00eancias e Salvamento realizou v\u00e1rias buscas a\u00e9reas, enquanto Salvamento Mar\u00edtimo e Bombeiros de Tenerife refor\u00e7aram a opera\u00e7\u00e3o com meios no oceano. As autoridades n\u00e3o adiantaram nacionalidades, mas as primeiras informa\u00e7\u00f5es indicam que as v\u00edtimas seriam turistas.<\/p>\n<p>A Dire\u00e7\u00e3o-Geral de Emerg\u00eancias das Can\u00e1rias mant\u00e9m ativa desde quinta-feira uma pr\u00e9-alerta devido ao mau estado do mar em v\u00e1rias ilhas do arquip\u00e9lago, incluindo Tenerife. O presidente da c\u00e2mara de Santiago del Teide afirmou que o acesso \u00e0 zona estava vedado e sinalizado desde o in\u00edcio desta fase de alerta.<\/p>\n<p>O arquip\u00e9lago regista com frequ\u00eancia epis\u00f3dios de forte agita\u00e7\u00e3o mar\u00edtima. S\u00f3 nos primeiros onze meses deste ano, 60 pessoas morreram afogadas nas Can\u00e1rias, menos sete do que no mesmo per\u00edodo do ano passado, segundo dados da Associa\u00e7\u00e3o para a Preven\u00e7\u00e3o de Acidentes Aqu\u00e1ticos.<\/p>\n","protected":false},"excerpt":{"rendered":"Pelo menos dois homens e uma mulher, entre os 35 e os 55 anos, morreram na tarde deste&hellip;\n","protected":false},"author":2,"featured_media":179299,"comment_status":"","ping_status":"","sticky":false,"template":"","format":"standard","meta":{"footnotes":""},"categories":[50],"tags":[12324,27,28,36885,15,16,14,25,26,21,22,3912,62,12,13,19,20,23,24,31886,17,18,29,30,31,63,64,65],"class_list":{"0":"post-179298","1":"post","2":"type-post","3":"status-publish","4":"format-standard","5":"has-post-thumbnail","7":"category-mundo","8":"tag-agitacao-maritima","9":"tag-breaking-news","10":"tag-breakingnews","11":"tag-canarias","12":"tag-featured-news","13":"tag-featurednews","14":"tag-headlines","15":"tag-latest-news","16":"tag-latestnews","17":"tag-main-news","18":"tag-mainnews","19":"tag-mortes","20":"tag-mundo","21":"tag-news","22":"tag-noticias","23":"tag-noticias-principais","24":"tag-noticiasprincipais","25":"tag-principais-noticias","26":"tag-principaisnoticias","27":"tag-tenerife","28":"tag-top-stories","29":"tag-topstories","30":"tag-ultimas","31":"tag-ultimas-noticias","32":"tag-ultimasnoticias","33":"tag-world","34":"tag-world-news","35":"tag-worldnews"},"share_on_mastodon":{"url":"https:\/\/pubeurope.com\/@pt\/115680730412789655","error":""},"_links":{"self":[{"href":"https:\/\/www.europesays.com\/pt\/wp-json\/wp\/v2\/posts\/179298","targetHints":{"allow":["GET"]}}],"collection":[{"href":"https:\/\/www.europesays.com\/pt\/wp-json\/wp\/v2\/posts"}],"about":[{"href":"https:\/\/www.europesays.com\/pt\/wp-json\/wp\/v2\/types\/post"}],"author":[{"embeddable":true,"href":"https:\/\/www.europesays.com\/pt\/wp-json\/wp\/v2\/users\/2"}],"replies":[{"embeddable":true,"href":"https:\/\/www.europesays.com\/pt\/wp-json\/wp\/v2\/comments?post=179298"}],"version-history":[{"count":0,"href":"https:\/\/www.europesays.com\/pt\/wp-json\/wp\/v2\/posts\/179298\/revisions"}],"wp:featuredmedia":[{"embeddable":true,"href":"https:\/\/www.europesays.com\/pt\/wp-json\/wp\/v2\/media\/179299"}],"wp:attachment":[{"href":"https:\/\/www.europesays.com\/pt\/wp-json\/wp\/v2\/media?parent=179298"}],"wp:term":[{"taxonomy":"category","embeddable":true,"href":"https:\/\/www.europesays.com\/pt\/wp-json\/wp\/v2\/categories?post=179298"},{"taxonomy":"post_tag","embeddable":true,"href":"https:\/\/www.europesays.com\/pt\/wp-json\/wp\/v2\/tags?post=179298"}],"curies":[{"name":"wp","href":"https:\/\/api.w.org\/{rel}","templated":true}]}}