{"id":17930,"date":"2025-08-06T04:09:08","date_gmt":"2025-08-06T04:09:08","guid":{"rendered":"https:\/\/www.europesays.com\/pt\/17930\/"},"modified":"2025-08-06T04:09:08","modified_gmt":"2025-08-06T04:09:08","slug":"a-protegida-o-momento-em-que-teresa-foi-obrigada-e-entregar-o-filho-ainda-bebe-novelas","status":"publish","type":"post","link":"https:\/\/www.europesays.com\/pt\/17930\/","title":{"rendered":"A Protegida: O momento em que Teresa foi obrigada e entregar o filho ainda beb\u00e9 &#8211; Novelas"},"content":{"rendered":"<p>Em \u00abA Protegida\u00bb, Teresa (Sandra Faleiro) est\u00e1 transtornada com o encontro com JD (Pedro Sousa) e diz que n\u00e3o devia ter ido atr\u00e1s dos devaneios dos irm\u00e3os. Eles tentam perceber o que a transtornou tanto e ela conta que JD ainda est\u00e1 muito magoado com o abandono e n\u00e3o ia reagir bem. Teresa recorda o momento em que foi obrigada a abandonar o seu beb\u00e9 e chora. Os irm\u00e3os apoiam-na.<\/p>\n<p>FLASHBACK IN\u00c9DITO (28 anos atr\u00e1s): Teresa \u00e9 obrigada pelo pai, a entregar o beb\u00e9 num convento. Teresa resiste e tenta ficar um pouco mais com o beb\u00e9, mas o pai apressa-a. Teresa promete que um dia volta para o vir buscar.<\/p>\n","protected":false},"excerpt":{"rendered":"Em \u00abA Protegida\u00bb, Teresa (Sandra Faleiro) est\u00e1 transtornada com o encontro com JD (Pedro Sousa) e diz que&hellip;\n","protected":false},"author":2,"featured_media":17931,"comment_status":"","ping_status":"","sticky":false,"template":"","format":"standard","meta":{"footnotes":""},"categories":[142],"tags":[168,160,166,114,115,157,167,164,2931,161,158,165,159,32,33,156,163,151,162],"class_list":{"0":"post-17930","1":"post","2":"type-post","3":"status-publish","4":"format-standard","5":"has-post-thumbnail","7":"category-tv","8":"tag-a-protegida","9":"tag-ana-guiomar","10":"tag-cristina-ferreira","11":"tag-entertainment","12":"tag-entretenimento","13":"tag-festa-e-festa","14":"tag-ficcao","15":"tag-jose-fidalgo","16":"tag-novela","17":"tag-novelas","18":"tag-para-sempre","19":"tag-pedro-sousa","20":"tag-pedro-teixeira","21":"tag-portugal","22":"tag-pt","23":"tag-queridos-papas","24":"tag-tiago-teotonio-pereira","25":"tag-tv","26":"tag-tvi"},"share_on_mastodon":{"url":"","error":""},"_links":{"self":[{"href":"https:\/\/www.europesays.com\/pt\/wp-json\/wp\/v2\/posts\/17930","targetHints":{"allow":["GET"]}}],"collection":[{"href":"https:\/\/www.europesays.com\/pt\/wp-json\/wp\/v2\/posts"}],"about":[{"href":"https:\/\/www.europesays.com\/pt\/wp-json\/wp\/v2\/types\/post"}],"author":[{"embeddable":true,"href":"https:\/\/www.europesays.com\/pt\/wp-json\/wp\/v2\/users\/2"}],"replies":[{"embeddable":true,"href":"https:\/\/www.europesays.com\/pt\/wp-json\/wp\/v2\/comments?post=17930"}],"version-history":[{"count":0,"href":"https:\/\/www.europesays.com\/pt\/wp-json\/wp\/v2\/posts\/17930\/revisions"}],"wp:featuredmedia":[{"embeddable":true,"href":"https:\/\/www.europesays.com\/pt\/wp-json\/wp\/v2\/media\/17931"}],"wp:attachment":[{"href":"https:\/\/www.europesays.com\/pt\/wp-json\/wp\/v2\/media?parent=17930"}],"wp:term":[{"taxonomy":"category","embeddable":true,"href":"https:\/\/www.europesays.com\/pt\/wp-json\/wp\/v2\/categories?post=17930"},{"taxonomy":"post_tag","embeddable":true,"href":"https:\/\/www.europesays.com\/pt\/wp-json\/wp\/v2\/tags?post=17930"}],"curies":[{"name":"wp","href":"https:\/\/api.w.org\/{rel}","templated":true}]}}