{"id":179300,"date":"2025-12-07T22:50:31","date_gmt":"2025-12-07T22:50:31","guid":{"rendered":"https:\/\/www.europesays.com\/pt\/179300\/"},"modified":"2025-12-07T22:50:31","modified_gmt":"2025-12-07T22:50:31","slug":"funeral-de-mulher-de-34-anos-que-morreu-na-a11-realiza-se-quarta-feira-em-braga","status":"publish","type":"post","link":"https:\/\/www.europesays.com\/pt\/179300\/","title":{"rendered":"Funeral de mulher de 34 anos que morreu na A11 realiza-se quarta-feira em Braga"},"content":{"rendered":"<p>O funeral da filha da primeira v\u00edtima que faleceu na A11, h\u00e1 exatamente uma semana, no passado domingo, ser\u00e1 realizado na pr\u00f3xima quarta-feira ao in\u00edcio da tarde, a partir das 15:30, na Igreja do Carmo, situada na freguesia de S\u00e3o Vicente, em Braga.<\/p>\n<p>&#13;<br \/>\n&#13;<br \/>\n&#13;<\/p>\n<p>Daniela Pinto, de 34 anos, que era licenciada em Gest\u00e3o Aut\u00e1rquica e funcion\u00e1ria da C\u00e2mara de Braga, faleceu na quinta-feira, no Hospital de Braga, devido a graves ferimentos, sendo filha de Lu\u00edsa Pinto, de 66 anos, que teve morte imediata,\u00a0<\/p>\n<p>Depois do acidente de via\u00e7\u00e3o, Daniela Pinto entrou em paragem cardiorrespirat\u00f3ria, mas que foi revertida pelas duas equipas do INEM de Barcelos e de Braga, com os Bombeiros de Barcelinhos e de Barcelos, seguindo para a Sala de Emerg\u00eancia do Servi\u00e7o de Urg\u00eancia do Hospital de Braga, sempre com acompanhamento de m\u00e9dicos e de enfermeiros, dentro da ambul\u00e2ncia.<\/p>\n","protected":false},"excerpt":{"rendered":"O funeral da filha da primeira v\u00edtima que faleceu na A11, h\u00e1 exatamente uma semana, no passado domingo,&hellip;\n","protected":false},"author":2,"featured_media":179301,"comment_status":"","ping_status":"","sticky":false,"template":"","format":"standard","meta":{"footnotes":""},"categories":[10],"tags":[27,28,15,16,14,25,26,21,22,12,13,19,20,32,23,24,33,17,18,29,30,31],"class_list":{"0":"post-179300","1":"post","2":"type-post","3":"status-publish","4":"format-standard","5":"has-post-thumbnail","7":"category-portugal","8":"tag-breaking-news","9":"tag-breakingnews","10":"tag-featured-news","11":"tag-featurednews","12":"tag-headlines","13":"tag-latest-news","14":"tag-latestnews","15":"tag-main-news","16":"tag-mainnews","17":"tag-news","18":"tag-noticias","19":"tag-noticias-principais","20":"tag-noticiasprincipais","21":"tag-portugal","22":"tag-principais-noticias","23":"tag-principaisnoticias","24":"tag-pt","25":"tag-top-stories","26":"tag-topstories","27":"tag-ultimas","28":"tag-ultimas-noticias","29":"tag-ultimasnoticias"},"share_on_mastodon":{"url":"https:\/\/pubeurope.com\/@pt\/115680734326921946","error":""},"_links":{"self":[{"href":"https:\/\/www.europesays.com\/pt\/wp-json\/wp\/v2\/posts\/179300","targetHints":{"allow":["GET"]}}],"collection":[{"href":"https:\/\/www.europesays.com\/pt\/wp-json\/wp\/v2\/posts"}],"about":[{"href":"https:\/\/www.europesays.com\/pt\/wp-json\/wp\/v2\/types\/post"}],"author":[{"embeddable":true,"href":"https:\/\/www.europesays.com\/pt\/wp-json\/wp\/v2\/users\/2"}],"replies":[{"embeddable":true,"href":"https:\/\/www.europesays.com\/pt\/wp-json\/wp\/v2\/comments?post=179300"}],"version-history":[{"count":0,"href":"https:\/\/www.europesays.com\/pt\/wp-json\/wp\/v2\/posts\/179300\/revisions"}],"wp:featuredmedia":[{"embeddable":true,"href":"https:\/\/www.europesays.com\/pt\/wp-json\/wp\/v2\/media\/179301"}],"wp:attachment":[{"href":"https:\/\/www.europesays.com\/pt\/wp-json\/wp\/v2\/media?parent=179300"}],"wp:term":[{"taxonomy":"category","embeddable":true,"href":"https:\/\/www.europesays.com\/pt\/wp-json\/wp\/v2\/categories?post=179300"},{"taxonomy":"post_tag","embeddable":true,"href":"https:\/\/www.europesays.com\/pt\/wp-json\/wp\/v2\/tags?post=179300"}],"curies":[{"name":"wp","href":"https:\/\/api.w.org\/{rel}","templated":true}]}}