{"id":179304,"date":"2025-12-07T22:53:09","date_gmt":"2025-12-07T22:53:09","guid":{"rendered":"https:\/\/www.europesays.com\/pt\/179304\/"},"modified":"2025-12-07T22:53:09","modified_gmt":"2025-12-07T22:53:09","slug":"cantor-que-morreu-em-2022-faria-38-anos-heranca-e-alvo-de-disputa-entre-familia","status":"publish","type":"post","link":"https:\/\/www.europesays.com\/pt\/179304\/","title":{"rendered":"Cantor que morreu em 2022 faria 38 anos; heran\u00e7a \u00e9 alvo de disputa entre fam\u00edlia"},"content":{"rendered":"<p>Neste domingo, 7, <strong>Aaron Carter<\/strong> (1987-2022) completaria 38 anos. O cantor, que morreu h\u00e1 exatos tr\u00eas anos, segue sendo lembrado pelos f\u00e3s em todo o mundo, enquanto a heran\u00e7a deixada por ele se tornou motivo de disputa dentro da pr\u00f3pria fam\u00edlia.<\/p>\n<p>Aaron<a href=\"https:\/\/caras.com.br\/atualidades\/morre-aos-34-anos-o-ator-e-cantor-aaron-carter.phtml\" rel=\"nofollow noopener\" target=\"_blank\"> foi encontrado morto<\/a> no dia 5 de novembro de 2022, em sua casa, na Calif\u00f3rnia, Estados Unidos. Segundo o site TMZ, seu corpo foi achado dentro da banheira. Na ocasi\u00e3o, a pol\u00edcia recebeu uma liga\u00e7\u00e3o no fim da manh\u00e3 informando que um homem havia sido encontrado afogado, mas a causa oficial s\u00f3 foi divulgada posteriormente. O artista tinha 34 anos.<\/p>\n<p><strong>Assista a um videoclipe de Aaron Carter:<\/strong><\/p>\n<p>\t Auge nos anos 2000 <\/p>\n<p>Aaron Carter ganhou notoriedade ainda na inf\u00e2ncia e se tornou um \u00eddolo pop nos anos 1990. Seu \u00e1lbum de estreia foi lan\u00e7ado em 1997, mas foi com Aaron\u2019s Party (Come Get It), de 2000, que ele atingiu o auge comercial, impulsionado pelo single de mesmo nome. O projeto vendeu milh\u00f5es de c\u00f3pias e consolidou o jovem entre os principais nomes teen da \u00e9poca.<\/p>\n<p>Al\u00e9m da carreira na m\u00fasica, o cantor tamb\u00e9m participou de produ\u00e7\u00f5es televisivas, como Encrencas em Fam\u00edlia, S\u00e9timo C\u00e9u e Angie Tribeca. Ele era irm\u00e3o de <strong>Nick Carter<\/strong> (45), um dos integrantes do <strong>Backstreet Boys,<\/strong> e chegou a acompanhar o grupo em diversas turn\u00eas. Aaron deixou um filho, <strong>Prince<\/strong>, hoje com 4 anos.<\/p>\n<p> <img loading=\"lazy\" decoding=\"async\" class=\"size-full wp-image-873568 img-fluid lazy\" alt=\"Os irm\u00e3os Carter: Bobbie Jean Carter, Leslie Carter, Nick Carter, Angel Carter e Aaron Carter. Apenas Nick e Angel est\u00e3o vivos\" width=\"1920\" height=\"1080\" src=\"https:\/\/www.europesays.com\/pt\/wp-content\/uploads\/2025\/12\/irmaos-carter.jpg\"\/>Os irm\u00e3os Carter: Bobbie Jean Carter, Leslie Carter, Nick Carter, Angel Carter e Aaron Carter. Apenas Nick e Angel est\u00e3o vivos \u2013 Foto: Getty Images Vi\u00fava e m\u00e3e do cantor travam batalha judicial <\/p>\n<p>Dois anos ap\u00f3s a morte, a heran\u00e7a de Aaron Carter tornou-se alvo de disputa judicial. <strong>Melanie Martin<\/strong>, ex-noiva do cantor e m\u00e3e de Prince, afirmou que a m\u00e3e do artista, <strong>Jane Schneck<\/strong>, estaria tentando controlar os bens deixados por ele. Em desabafo no Facebook, Melanie acusou a ex-sogra de buscar direitos sobre a heran\u00e7a do neto e at\u00e9 sobre o nome da crian\u00e7a.<\/p>\n<p>\u201cA m\u00e3e do Aaron est\u00e1 tentando conseguir os direitos sobre a heran\u00e7a do Prince e sobre o nome dele. Vou ter que pagar muitas taxas judiciais e honor\u00e1rios de advogados nos pr\u00f3ximos meses\u201d, escreveu Melanie.<\/p>\n<p>Ela contou que trabalha como bartender e administra a marca Love Merch para tentar arcar com os custos da batalha judicial, ressaltando que faz isso para garantir que o filho receba aquilo que seria de direito. A influenciadora tamb\u00e9m afirmou que Aaron vivia conflitos familiares e agradeceu o apoio dos f\u00e3s.<\/p>\n<p>\u201cO Aaron n\u00e3o tinha muita fam\u00edlia, mas ele tinha f\u00e3s, e voc\u00eas continuam se importando com a fam\u00edlia dele, que somos Prince e eu\u201d, declarou.<\/p>\n<p>Segundo a revista US Weekly, Angel, irm\u00e3 g\u00eamea do cantor, afirmou ter visitado o sobrinho recentemente. Jane Schneck n\u00e3o se manifestou sobre as acusa\u00e7\u00f5es.\u00a0Aaron e Melanie ficaram noivos em 2020, mas terminaram o relacionamento no ano seguinte, pouco depois do nascimento do filho.<\/p>\n<p><strong>Confira uma publica\u00e7\u00e3o de Melanie com o filho Prince no Instagram:<\/strong><\/p>\n<blockquote class=\"instagram-media\" style=\"background: #FFF; border: 0; border-radius: 3px; box-shadow: 0 0 1px 0 rgba(0,0,0,0.5),0 1px 10px 0 rgba(0,0,0,0.15); margin: 1px; max-width: 540px; min-width: 326px; padding: 0; width: calc(100% - 2px);\" data-instgrm-captioned=\"\" data-instgrm-permalink=\"https:\/\/www.instagram.com\/reel\/DRxHsgbiUpU\/?utm_source=ig_embed&amp;utm_campaign=loading\" data-instgrm-version=\"14\"><\/blockquote>\n<p>\t                                            <script async src=\"\/\/www.instagram.com\/embed.js\"><\/script><\/p>\n","protected":false},"excerpt":{"rendered":"Neste domingo, 7, Aaron Carter (1987-2022) completaria 38 anos. O cantor, que morreu h\u00e1 exatos tr\u00eas anos, segue&hellip;\n","protected":false},"author":2,"featured_media":179305,"comment_status":"","ping_status":"","sticky":false,"template":"","format":"standard","meta":{"footnotes":""},"categories":[145],"tags":[36886,211,210,114,115,82,32,33,9113],"class_list":{"0":"post-179304","1":"post","2":"type-post","3":"status-publish","4":"format-standard","5":"has-post-thumbnail","7":"category-celebridades","8":"tag-aaron-carter","9":"tag-celebridades","10":"tag-celebrities","11":"tag-entertainment","12":"tag-entretenimento","13":"tag-internacional","14":"tag-portugal","15":"tag-pt","16":"tag-rapper"},"share_on_mastodon":{"url":"https:\/\/pubeurope.com\/@pt\/115680746306622345","error":""},"_links":{"self":[{"href":"https:\/\/www.europesays.com\/pt\/wp-json\/wp\/v2\/posts\/179304","targetHints":{"allow":["GET"]}}],"collection":[{"href":"https:\/\/www.europesays.com\/pt\/wp-json\/wp\/v2\/posts"}],"about":[{"href":"https:\/\/www.europesays.com\/pt\/wp-json\/wp\/v2\/types\/post"}],"author":[{"embeddable":true,"href":"https:\/\/www.europesays.com\/pt\/wp-json\/wp\/v2\/users\/2"}],"replies":[{"embeddable":true,"href":"https:\/\/www.europesays.com\/pt\/wp-json\/wp\/v2\/comments?post=179304"}],"version-history":[{"count":0,"href":"https:\/\/www.europesays.com\/pt\/wp-json\/wp\/v2\/posts\/179304\/revisions"}],"wp:featuredmedia":[{"embeddable":true,"href":"https:\/\/www.europesays.com\/pt\/wp-json\/wp\/v2\/media\/179305"}],"wp:attachment":[{"href":"https:\/\/www.europesays.com\/pt\/wp-json\/wp\/v2\/media?parent=179304"}],"wp:term":[{"taxonomy":"category","embeddable":true,"href":"https:\/\/www.europesays.com\/pt\/wp-json\/wp\/v2\/categories?post=179304"},{"taxonomy":"post_tag","embeddable":true,"href":"https:\/\/www.europesays.com\/pt\/wp-json\/wp\/v2\/tags?post=179304"}],"curies":[{"name":"wp","href":"https:\/\/api.w.org\/{rel}","templated":true}]}}