{"id":179312,"date":"2025-12-07T23:02:09","date_gmt":"2025-12-07T23:02:09","guid":{"rendered":"https:\/\/www.europesays.com\/pt\/179312\/"},"modified":"2025-12-07T23:02:09","modified_gmt":"2025-12-07T23:02:09","slug":"cientistas-estudam-fungo-que-desenvolveu-habilidade-diferente-do-esperado","status":"publish","type":"post","link":"https:\/\/www.europesays.com\/pt\/179312\/","title":{"rendered":"Cientistas estudam fungo que desenvolveu habilidade diferente do esperado"},"content":{"rendered":"<p>\n\t\t\t\t\t\tD\u00e9cadas ap\u00f3s o desastre nuclear, os fen\u00f4menos peculiares surpreendem os cientistas \/ Reprodu\u00e7\u00e3o\/YouTube\n\t\t\t\t\t<\/p>\n<p>A explos\u00e3o do reator de Chernobyl transformou a regi\u00e3o em um s\u00edmbolo mundial de destrui\u00e7\u00e3o, mas algo curioso aconteceu ao longo dos anos: a vida encontrou um jeito de permanecer ali. Entre as descobertas mais intrigantes est\u00e1 um fungo escuro que cresce justamente nos pontos onde a radia\u00e7\u00e3o \u00e9 mais intensa.<\/p>\n<p><strong>Fa\u00e7a parte do grupo do Di\u00e1rio no <\/strong><a href=\"https:\/\/bit.ly\/CanalDiarioDoLitoral\" target=\"_blank\" rel=\"nofollow noopener\">WhatsApp<\/a> <strong>e<\/strong> <a href=\"https:\/\/t.me\/diariodolitoral\" target=\"_blank\" rel=\"nofollow\">Telegram<\/a><strong>.<br \/>Mantenha-se bem informado.<\/strong><\/p>\n<p>Segundo o site americano ScienceAlert, esse microrganismo observado inicialmente nas paredes do antigo reator n\u00e3o apenas suporta a radia\u00e7\u00e3o: ele parece se beneficiar dela.\n\t\t\t<\/p>\n<p class=\"texto-continue listagem-detalhe\">Continua depois da publicidade<\/p>\n<p>Com o avan\u00e7o das pesquisas, os cientistas passaram a identificar com frequ\u00eancia uma esp\u00e9cie chamada Cladosporium sphaerospermum em \u00e1reas fortemente contaminadas.<\/p>\n<p>O que mais chamou aten\u00e7\u00e3o foi o comportamento dele diante da radia\u00e7\u00e3o, que n\u00e3o se encaixa no padr\u00e3o biol\u00f3gico que conhecemos.\n\t\t\t<\/p>\n<p class=\"texto-continue listagem-detalhe\">Continua depois da publicidade<\/p>\n<p>\u00c9 como se esse fungo tivesse desenvolvido uma forma pr\u00f3pria de conviver com aquilo que, para quase todo organismo vivo, significa morte certa.<\/p>\n<p>Galeria: a import\u00e2ncia dos fungos<\/p>\n<p>Um pigmento que protege e talvez alimente<\/p>\n<p>O segredo desse fungo parece estar na melanina, o mesmo pigmento que d\u00e1 cor \u00e0 pele humana. No caso dele, a melanina atua como um tipo de escudo natural, ajudando a neutralizar parte dos danos causados pela radia\u00e7\u00e3o.<\/p>\n<p>Mas o que deixou a comunidade cient\u00edfica ainda mais intrigada foi a possibilidade de que a melanina tamb\u00e9m esteja envolvida em uma forma de aproveitar a energia radioativa para favorecer o crescimento do organismo.\n\t\t\t<\/p>\n<p class=\"texto-continue listagem-detalhe\">Continua depois da publicidade<\/p>\n<p>Essa hip\u00f3tese lembra um mecanismo parecido com a fotoss\u00edntese, mas adaptado para um ambiente extremo.<\/p>\n<p>Embora ainda n\u00e3o exista confirma\u00e7\u00e3o definitiva de como esse processo funciona, alguns experimentos mostraram que fungos mais escuros, justamente os ricos em melanina, cresceram mais rapidamente quando expostos \u00e0 radia\u00e7\u00e3o.<\/p>\n<p>\u00c9 uma teoria empolgante, mas, como refor\u00e7a o ScienceAlert, ainda faltam provas diretas que expliquem o processo qu\u00edmico envolvido.\n\t\t\t<\/p>\n<p class=\"texto-continue listagem-detalhe\">Continua depois da publicidade<\/p>\n<p><strong>Veja tamb\u00e9m:<\/strong> <a href=\"https:\/\/www.diariodolitoral.com.br\/cotidiano\/fungo-milenar-encontrado-em-tumba-egipcia-vira-esperanca-no-combate-ao\/198756\/\" rel=\"nofollow noopener\" target=\"_blank\">Fungo milenar encontrado em tumba eg\u00edpcia vira esperan\u00e7a no combate ao c\u00e2ncer<\/a>.<\/p>\n<p>Do laborat\u00f3rio ao espa\u00e7o: possibilidades e limites<\/p>\n<p>A resist\u00eancia desse fungo despertou interesse al\u00e9m da \u00e1rea ambiental. Pesquisadores j\u00e1 levaram amostras para testes em ambientes espaciais, inclusive na Esta\u00e7\u00e3o Espacial Internacional.<\/p>\n<p>A ideia era simples, mas ousada: se ele consegue lidar t\u00e3o bem com radia\u00e7\u00e3o em Chernobyl, ser\u00e1 que poderia atuar como uma esp\u00e9cie de camada protetora contra a radia\u00e7\u00e3o c\u00f3smica?\n\t\t\t<\/p>\n<p class=\"texto-continue listagem-detalhe\">Continua depois da publicidade<\/p>\n<p>Os resultados iniciais animaram os pesquisadores, mas ainda h\u00e1 um longo caminho at\u00e9 transformar esse potencial em solu\u00e7\u00e3o pr\u00e1tica.<\/p>\n<p>Usar fungos como barreiras biol\u00f3gicas, seja no espa\u00e7o ou em zonas radioativas na Terra, exige estudar estabilidade, seguran\u00e7a e at\u00e9 a forma de manter o organismo funcionando sem riscos.<\/p>\n<p>Mesmo assim, o interesse cresce porque, se funcionar, abriria portas para formas mais naturais e econ\u00f4micas de prote\u00e7\u00e3o.\n\t\t\t<\/p>\n<p class=\"texto-continue listagem-detalhe\">Continua depois da publicidade<\/p>\n<p><strong>Veja tamb\u00e9m:<\/strong> <a href=\"https:\/\/www.diariodolitoral.com.br\/cotidiano\/fungo-da-amazonia-pode-ser-arma-fundamental-para-combate-a-problema\/199494\/\" rel=\"nofollow noopener\" target=\"_blank\">Fungo da Amaz\u00f4nia pode ser arma fundamental para combate a problema global<\/a>.<\/p>\n<p>O grande mist\u00e9rio e por que isso importa<\/p>\n<p>Apesar de anos de observa\u00e7\u00f5es, parte do funcionamento desse fungo ainda permanece no campo das hip\u00f3teses. Os cientistas n\u00e3o sabem ao certo at\u00e9 onde vai essa adapta\u00e7\u00e3o extraordin\u00e1ria, nem se ela realmente envolve um processo compar\u00e1vel \u00e0 radioss\u00edntese.<\/p>\n<p>Mas o simples fato de um organismo prosperar num ambiente t\u00e3o hostil j\u00e1 muda a forma como entendemos os limites da vida.\n\t\t\t<\/p>\n<p class=\"texto-continue listagem-detalhe\">Continua depois da publicidade<\/p>\n<p>Esse tipo de descoberta importa porque amplia nossa percep\u00e7\u00e3o do poss\u00edvel. Pode inspirar novas tecnologias, colaborar na limpeza de \u00e1reas contaminadas e at\u00e9 orientar pesquisas sobre como sustentar a vida fora da Terra.<\/p>\n<p>No fim, o fungo de Chernobyl \u00e9 um lembrete de que a natureza sempre encontra maneiras surpreendentes de sobreviver e \u00e0s vezes at\u00e9 de transformar o imposs\u00edvel em rotina.<\/p>\n","protected":false},"excerpt":{"rendered":"D\u00e9cadas ap\u00f3s o desastre nuclear, os fen\u00f4menos peculiares surpreendem os cientistas \/ Reprodu\u00e7\u00e3o\/YouTube A explos\u00e3o do reator de&hellip;\n","protected":false},"author":2,"featured_media":179313,"comment_status":"","ping_status":"","sticky":false,"template":"","format":"standard","meta":{"footnotes":""},"categories":[84],"tags":[109,107,108,736,1348,32,33,105,103,104,106,110],"class_list":{"0":"post-179312","1":"post","2":"type-post","3":"status-publish","4":"format-standard","5":"has-post-thumbnail","7":"category-ciencia-e-tecnologia","8":"tag-ciencia","9":"tag-ciencia-e-tecnologia","10":"tag-cienciaetecnologia","11":"tag-historia","12":"tag-pesquisa","13":"tag-portugal","14":"tag-pt","15":"tag-science","16":"tag-science-and-technology","17":"tag-scienceandtechnology","18":"tag-technology","19":"tag-tecnologia"},"share_on_mastodon":{"url":"https:\/\/pubeurope.com\/@pt\/115680781436142254","error":""},"_links":{"self":[{"href":"https:\/\/www.europesays.com\/pt\/wp-json\/wp\/v2\/posts\/179312","targetHints":{"allow":["GET"]}}],"collection":[{"href":"https:\/\/www.europesays.com\/pt\/wp-json\/wp\/v2\/posts"}],"about":[{"href":"https:\/\/www.europesays.com\/pt\/wp-json\/wp\/v2\/types\/post"}],"author":[{"embeddable":true,"href":"https:\/\/www.europesays.com\/pt\/wp-json\/wp\/v2\/users\/2"}],"replies":[{"embeddable":true,"href":"https:\/\/www.europesays.com\/pt\/wp-json\/wp\/v2\/comments?post=179312"}],"version-history":[{"count":0,"href":"https:\/\/www.europesays.com\/pt\/wp-json\/wp\/v2\/posts\/179312\/revisions"}],"wp:featuredmedia":[{"embeddable":true,"href":"https:\/\/www.europesays.com\/pt\/wp-json\/wp\/v2\/media\/179313"}],"wp:attachment":[{"href":"https:\/\/www.europesays.com\/pt\/wp-json\/wp\/v2\/media?parent=179312"}],"wp:term":[{"taxonomy":"category","embeddable":true,"href":"https:\/\/www.europesays.com\/pt\/wp-json\/wp\/v2\/categories?post=179312"},{"taxonomy":"post_tag","embeddable":true,"href":"https:\/\/www.europesays.com\/pt\/wp-json\/wp\/v2\/tags?post=179312"}],"curies":[{"name":"wp","href":"https:\/\/api.w.org\/{rel}","templated":true}]}}