{"id":179315,"date":"2025-12-07T23:11:16","date_gmt":"2025-12-07T23:11:16","guid":{"rendered":"https:\/\/www.europesays.com\/pt\/179315\/"},"modified":"2025-12-07T23:11:16","modified_gmt":"2025-12-07T23:11:16","slug":"fotos-o-beijo-de-margarida-corceiro-ao-novo-campeao-do-mundo-lando-norris","status":"publish","type":"post","link":"https:\/\/www.europesays.com\/pt\/179315\/","title":{"rendered":"FOTOS: o beijo de Margarida Corceiro ao novo campe\u00e3o do mundo Lando Norris"},"content":{"rendered":"<p>Lando Norris <a href=\"https:\/\/maisfutebol.iol.pt\/automobilismo\/formula-1\/lando-norris-e-campeao-mundial-de-formula-1\" target=\"_blank\" rel=\"nofollow noopener\"><strong>sagrou-se campe\u00e3o do mundo pela primeira vez<\/strong><\/a> e a emo\u00e7\u00e3o tomou conta do piloto brit\u00e2nico, assim como da namorada Margarida Corceiro, que se juntou aos pais e fam\u00edlia de Norris nos festejos.<\/p>\n<p>Com muitas l\u00e1grimas \u00e0 mistura, os dois trocaram carinhos e partilharam um momento emotivo, j\u00e1 ap\u00f3s confirmada a conquista do ingl\u00eas. A atriz portuguesa viajou at\u00e9 Abu Dhabi para a corrida decisiva da temporada na F\u00f3rmula 1.<\/p>\n<p>J\u00e1 antes, na box da McLaren, as c\u00e2maras captaram a emo\u00e7\u00e3o da atriz e modelo portuguesa ao ver Norris conquistar o seu primeiro t\u00edtulo de campe\u00e3o do mundo.\u00a0<\/p>\n<p><strong>Assista aqui ao momento:<\/strong>\u00a0<\/p>\n<blockquote class=\"twitter-tweet\" data-media-max-width=\"560\">\n<p lang=\"pt\">Margarida Corceiro n\u00e3o conteve as emo\u00e7\u00f5es por Lando Norris \u2764\ufe0f<a href=\"https:\/\/twitter.com\/hashtag\/DAZNF1?src=hash&amp;ref_src=twsrc%5Etfw\" rel=\"nofollow noopener\" target=\"_blank\">#DAZNF1<\/a> <a href=\"https:\/\/t.co\/yGVeMPv2wj\" rel=\"nofollow\">pic.twitter.com\/yGVeMPv2wj<\/a><\/p>\n<p> \u2014 DAZN Portugal (@DAZNPortugal)<br \/>\n  <a href=\"https:\/\/twitter.com\/DAZNPortugal\/status\/1997675992102457397?ref_src=twsrc%5Etfw\" rel=\"nofollow noopener\" target=\"_blank\">December 7, 2025<\/a>\n <\/p><\/blockquote>\n<p>                                <script async src=\"https:\/\/platform.twitter.com\/widgets.js\" charset=\"utf-8\"><\/script><\/p>\n","protected":false},"excerpt":{"rendered":"Lando Norris sagrou-se campe\u00e3o do mundo pela primeira vez e a emo\u00e7\u00e3o tomou conta do piloto brit\u00e2nico, assim&hellip;\n","protected":false},"author":2,"featured_media":179316,"comment_status":"","ping_status":"","sticky":false,"template":"","format":"standard","meta":{"footnotes":""},"categories":[8],"tags":[5696,27,28,15,16,971,14,5020,25,26,21,22,46,719,7660,1830,12,13,19,20,32,23,24,33,47,17,18,29,30,31],"class_list":{"0":"post-179315","1":"post","2":"type-post","3":"status-publish","4":"format-standard","5":"has-post-thumbnail","7":"category-principais-noticias","8":"tag-abu-dhabi","9":"tag-breaking-news","10":"tag-breakingnews","11":"tag-featured-news","12":"tag-featurednews","13":"tag-formula-1","14":"tag-headlines","15":"tag-lando-norris","16":"tag-latest-news","17":"tag-latestnews","18":"tag-main-news","19":"tag-mainnews","20":"tag-maisfutebol","21":"tag-margarida-corceiro","22":"tag-mf-social","23":"tag-modalidades","24":"tag-news","25":"tag-noticias","26":"tag-noticias-principais","27":"tag-noticiasprincipais","28":"tag-portugal","29":"tag-principais-noticias","30":"tag-principaisnoticias","31":"tag-pt","32":"tag-pura-paixao","33":"tag-top-stories","34":"tag-topstories","35":"tag-ultimas","36":"tag-ultimas-noticias","37":"tag-ultimasnoticias"},"share_on_mastodon":{"url":"https:\/\/pubeurope.com\/@pt\/115680817445549916","error":""},"_links":{"self":[{"href":"https:\/\/www.europesays.com\/pt\/wp-json\/wp\/v2\/posts\/179315","targetHints":{"allow":["GET"]}}],"collection":[{"href":"https:\/\/www.europesays.com\/pt\/wp-json\/wp\/v2\/posts"}],"about":[{"href":"https:\/\/www.europesays.com\/pt\/wp-json\/wp\/v2\/types\/post"}],"author":[{"embeddable":true,"href":"https:\/\/www.europesays.com\/pt\/wp-json\/wp\/v2\/users\/2"}],"replies":[{"embeddable":true,"href":"https:\/\/www.europesays.com\/pt\/wp-json\/wp\/v2\/comments?post=179315"}],"version-history":[{"count":0,"href":"https:\/\/www.europesays.com\/pt\/wp-json\/wp\/v2\/posts\/179315\/revisions"}],"wp:featuredmedia":[{"embeddable":true,"href":"https:\/\/www.europesays.com\/pt\/wp-json\/wp\/v2\/media\/179316"}],"wp:attachment":[{"href":"https:\/\/www.europesays.com\/pt\/wp-json\/wp\/v2\/media?parent=179315"}],"wp:term":[{"taxonomy":"category","embeddable":true,"href":"https:\/\/www.europesays.com\/pt\/wp-json\/wp\/v2\/categories?post=179315"},{"taxonomy":"post_tag","embeddable":true,"href":"https:\/\/www.europesays.com\/pt\/wp-json\/wp\/v2\/tags?post=179315"}],"curies":[{"name":"wp","href":"https:\/\/api.w.org\/{rel}","templated":true}]}}