{"id":179317,"date":"2025-12-07T23:12:18","date_gmt":"2025-12-07T23:12:18","guid":{"rendered":"https:\/\/www.europesays.com\/pt\/179317\/"},"modified":"2025-12-07T23:12:18","modified_gmt":"2025-12-07T23:12:18","slug":"prestes-a-completar-80-anos-cher-deve-se-casar-novamente-veja-outros-amores-da-cantora","status":"publish","type":"post","link":"https:\/\/www.europesays.com\/pt\/179317\/","title":{"rendered":"Prestes a completar 80 anos, Cher deve se casar novamente; veja outros amores da cantora"},"content":{"rendered":"\n<p class=\" content-text__container theme-color-primary-first-letter\" data-track-category=\"Link no Texto\" data-track-links=\"\"> Cher pode estar prestes a subir ao altar mais uma vez. Quase 50 anos ap\u00f3s o fim de seu segundo casamento, a cantora de &#8220;Believe&#8221;, que completa 80 anos em maio de 2026, estaria planejando oficializar a uni\u00e3o com o namorado Alexander \u201cAE\u201d Edwards, segundo o jornal brit\u00e2nico The Mirror. Uma fonte pr\u00f3xima ao casal afirmou que a diferen\u00e7a de 40 anos entre os dois \u201cn\u00e3o pesa em nada\u201d e que ambos est\u00e3o prontos para assumir o compromisso. <\/p>\n<ul class=\"content-unordered-list\">\n<li><strong>Gandalf e o hobbit Merry juntos em pub:<\/strong> <a class=\"\" href=\"https:\/\/oglobo.globo.com\/cultura\/noticia\/2025\/12\/07\/gandalf-e-o-hobbit-merry-juntos-em-pub-atores-participam-de-noite-de-jogos-em-bar-em-londres-veja.ghtml\" rel=\"nofollow noopener\" target=\"_blank\">atores participam de noite de jogos em bar em Londres; veja<\/a><\/li>\n<li><strong>Ap\u00f3s cr\u00edticas de Tarantino: <\/strong><a class=\"\" href=\"https:\/\/oglobo.globo.com\/cultura\/noticia\/2025\/12\/07\/apos-criticas-de-tarantino-ator-de-scooby-doo-desabafa-nao-falaria-isso-para-o-tom-cruise.ghtml\" rel=\"nofollow noopener\" target=\"_blank\">ator de &#8216;Scooby-Doo&#8217; desabafa: &#8216;N\u00e3o falaria assim do Tom Cruise&#8217;<\/a><\/li>\n<\/ul>\n<p class=\" content-text__container \" data-track-category=\"Link no Texto\" data-track-links=\"\"> Representantes de Cher e Edwards n\u00e3o comentaram a informa\u00e7\u00e3o, mas a artista j\u00e1 deixou claro em outras ocasi\u00f5es que as cr\u00edticas ao relacionamento n\u00e3o a afetam. Em novembro, <a class=\"\" href=\"https:\/\/oglobo.globo.com\/ela\/noticia\/2025\/11\/05\/cher-comenta-envelhecimento-e-revela-como-lida-com-o-passar-dos-anos-eu-odeio-isso.ghtml?_gl=1*1wh507u*_ga*MTYwNzMzODA2My4xNzUxMzg0NDEx*_ga_NWTRTWY1TF*czE3NjUxMzA3NDUkbzg1JGcxJHQxNzY1MTMyMzM4JGo2MCRsMCRoMA..\" rel=\"nofollow noopener\" target=\"_blank\">durante entrevista ao programa \u201cCBS Mornings\u201d, ela rebateu os coment\u00e1rios sobre a diferen\u00e7a de idade<\/a> com seu habitual bom humor: \u201cTanto faz. Eles n\u00e3o vivem a minha vida. Ningu\u00e9m sabe o que acontece entre a gente, mas a gente se diverte muito.\u201d <\/p>\n<p class=\" content-text__container \" data-track-category=\"Link no Texto\" data-track-links=\"\"> Segundo a artista, Edwards, de 39 anos, tamb\u00e9m n\u00e3o v\u00ea a idade como obst\u00e1culo. \u201cEle diz: \u2018Voc\u00ea fica mais velha, mas seu esp\u00edrito \u00e9 jovem\u2019\u201d, contou. Cher, por sua vez, n\u00e3o economiza elogios ao parceiro, com quem se relaciona h\u00e1 tr\u00eas anos: \u201cEu amo ele. Acho lindo, muito talentoso. \u00c9 uma das pessoas mais talentosas que j\u00e1 conheci.\u201d <\/p>\n<p>      <img decoding=\"async\" class=\"content-media__image\"  src=\"https:\/\/www.europesays.com\/pt\/wp-content\/uploads\/2025\/12\/chernamorado.jpeg\" alt=\"Cher e o seu namorado, o produtor musical Alexander Edwards \u2014 Foto: Reprodu\u00e7\u00e3o\/Redes sociais\" width=\"977\" height=\"1707\" loading=\"lazy\"\/>  Cher e o seu namorado, o produtor musical Alexander Edwards \u2014 Foto: Reprodu\u00e7\u00e3o\/Redes sociais       <\/p>\n<p class=\" content-text__container \" data-track-category=\"Link no Texto\" data-track-links=\"\"> Os dois foram vistos juntos pela primeira vez em novembro de 2022, em Los Angeles. Dias depois, Cher confirmou o romance pelas redes sociais \u2014 e, quando questionada sobre as cr\u00edticas, disparou no X: \u201cN\u00e3o dou a menor bola para o que qualquer um pensa. Estamos felizes e n\u00e3o incomodamos ningu\u00e9m.\u201d <\/p>\n<p class=\" content-text__container \" data-track-category=\"Link no Texto\" data-track-links=\"\"> Desde ent\u00e3o, o casal fez apari\u00e7\u00f5es p\u00fablicas importantes, incluindo uma estreia no tapete vermelho da Versace, em mar\u00e7o de 2023. Edwards tem um filho de um relacionamento anterior com Amber Rose, Slash, de 6 anos. <\/p>\n<p class=\" content-text__container \" data-track-category=\"Link no Texto\" data-track-links=\"\"> Os dois j\u00e1 moram juntos na mans\u00e3o de de Cher de 1.208 metros quadrados em estilo renascentista italiano em Malibu. <\/p>\n<p class=\" content-text__container \" data-track-category=\"Link no Texto\" data-track-links=\"\"> Antes do atual romance, Cher foi casada com o cantor, compositor, ator e pol\u00edtico Sonny Bono (de 1964 a 1975) e com o m\u00fasico Gregg Allman (de 1975 a 1979), al\u00e9m de ter namorado nomes como <a class=\"\" href=\"https:\/\/oglobo.globo.com\/tudo-sobre\/personalidade\/val-kilmer\/\" rel=\"nofollow noopener\" target=\"_blank\">Val Kilmer<\/a>, Gene Simmons e <a class=\"\" href=\"https:\/\/oglobo.globo.com\/tudo-sobre\/personalidade\/tom-cruise\/\" rel=\"nofollow noopener\" target=\"_blank\">Tom Cruise<\/a>. <\/p>\n<p>      <img decoding=\"async\" class=\"content-media__image\"  src=\"https:\/\/www.europesays.com\/pt\/wp-content\/uploads\/2025\/12\/72938179.jpg\" alt=\"Cher e Tom Cruise tiveram um breve romance nos anos 1980 \u2014 Foto: Reprodu\u00e7\u00e3o\" width=\"1200\" height=\"628\" loading=\"lazy\"\/>  Cher e Tom Cruise tiveram um breve romance nos anos 1980 \u2014 Foto: Reprodu\u00e7\u00e3o       <\/p>\n<p class=\" content-text__container \" data-track-category=\"Link no Texto\" data-track-links=\"\"> Em suas mem\u00f3rias, Cher detalha como era seu casamento com o falecido Sonny Bono, alegando que ele a &#8220;agredia&#8221; \u00e0s vezes e que em certo momento &#8220;pensou seriamente&#8221; em mat\u00e1-la. Ela escreveu que se sentiu presa no casamento de 1969 a 1975, do qual nasceu seu filho Chaz Bono. Os ex-c\u00f4njuges alcan\u00e7aram a fama nos anos 60 como a dupla pop Sonny &amp; Cher, e estrelaram um programa de variedades hom\u00f4nimo nos anos 70. Mais tarde, ele seguiu carreira pol\u00edtica como prefeito de Palm Springs e deputado federal nos EUA, falecendo tragicamente num acidente de esqui. <\/p>\n<p class=\" content-text__container \" data-track-category=\"Link no Texto\" data-track-links=\"\"> Cher se casou com Gregg Allman em 30 de junho de 1975, quatro dias ap\u00f3s a finaliza\u00e7\u00e3o de seu div\u00f3rcio de Sonny. Ela entrou com o pedido de div\u00f3rcio do primeiro casamento em fevereiro de 1974. Ela e o segundo marido \u2014 o cofundador da banda The Allman Brothers Band, que faleceu em 2017 aos 69 anos \u2014 tiveram um filho, Elijah Blue, em 1976. Elijah lutou contra o v\u00edcio durante toda a vida e, no ver\u00e3o passado, o m\u00fasico de 49 anos <a class=\"\" href=\"https:\/\/oglobo.globo.com\/cultura\/noticia\/2025\/06\/16\/policia-abre-investigacao-apos-filho-de-cher-sofrer-overdose-em-casa-sorte-de-sobreviver.ghtml\" rel=\"nofollow noopener\" target=\"_blank\">recebeu alta do hospital ap\u00f3s uma overdose<\/a>. <\/p>\n<p>       <img decoding=\"async\" class=\"content-media__image\"  src=\"https:\/\/www.europesays.com\/pt\/wp-content\/uploads\/2025\/12\/arte.png\" alt=\"Cher e o filho Elijah Blue Allman \u2014 Foto: Reprodu\u00e7\u00e3o\" width=\"2000\" height=\"1194\" loading=\"lazy\"\/>  Cher e o filho Elijah Blue Allman \u2014 Foto: Reprodu\u00e7\u00e3o        <\/p>\n<p class=\" content-text__container \" data-track-category=\"Link no Texto\" data-track-links=\"\"> Cher tamb\u00e9m viveu romances muito comentados, como com o ator Val Kilmer (1959-2025) \u2014 que ela descreve como <a class=\"\" href=\"https:\/\/oglobo.globo.com\/cultura\/noticia\/2025\/04\/02\/cher-michelle-pfeiffer-angelina-jolie-conheca-alguns-dos-amores-de-val-kilmer-conhecido-como-eterno-sedutor-em-hollywood.ghtml\" rel=\"nofollow noopener\" target=\"_blank\">uma das grandes paix\u00f5es da vida<\/a>. Eles continuaram grandes amigos e, num momento de fragilidade de Val, quando tratou um c\u00e2ncer em 2015, os dois foram morar juntos. Outros relacionamentos passados incluem o baixista do Kiss Gene Simmons, e at\u00e9 um breve relacionamento com Tom Cruise no in\u00edcio dos anos 1980, que ela j\u00e1 classificou como \u201cum dos melhores amantes\u201d em entrevistas antigas. A artista ainda se envolveu com Richie Sambora (do Bon Jovi) e com o produtor David Geffen. <\/p>\n","protected":false},"excerpt":{"rendered":"Cher pode estar prestes a subir ao altar mais uma vez. Quase 50 anos ap\u00f3s o fim de&hellip;\n","protected":false},"author":2,"featured_media":179318,"comment_status":"","ping_status":"","sticky":false,"template":"","format":"standard","meta":{"footnotes":""},"categories":[145],"tags":[36887,211,210,114,115,32,33,3995,25353],"class_list":{"0":"post-179317","1":"post","2":"type-post","3":"status-publish","4":"format-standard","5":"has-post-thumbnail","7":"category-celebridades","8":"tag-ator-americano","9":"tag-celebridades","10":"tag-celebrities","11":"tag-entertainment","12":"tag-entretenimento","13":"tag-portugal","14":"tag-pt","15":"tag-tom-cruise","16":"tag-val-kilmer"},"share_on_mastodon":{"url":"https:\/\/pubeurope.com\/@pt\/115680821143280349","error":""},"_links":{"self":[{"href":"https:\/\/www.europesays.com\/pt\/wp-json\/wp\/v2\/posts\/179317","targetHints":{"allow":["GET"]}}],"collection":[{"href":"https:\/\/www.europesays.com\/pt\/wp-json\/wp\/v2\/posts"}],"about":[{"href":"https:\/\/www.europesays.com\/pt\/wp-json\/wp\/v2\/types\/post"}],"author":[{"embeddable":true,"href":"https:\/\/www.europesays.com\/pt\/wp-json\/wp\/v2\/users\/2"}],"replies":[{"embeddable":true,"href":"https:\/\/www.europesays.com\/pt\/wp-json\/wp\/v2\/comments?post=179317"}],"version-history":[{"count":0,"href":"https:\/\/www.europesays.com\/pt\/wp-json\/wp\/v2\/posts\/179317\/revisions"}],"wp:featuredmedia":[{"embeddable":true,"href":"https:\/\/www.europesays.com\/pt\/wp-json\/wp\/v2\/media\/179318"}],"wp:attachment":[{"href":"https:\/\/www.europesays.com\/pt\/wp-json\/wp\/v2\/media?parent=179317"}],"wp:term":[{"taxonomy":"category","embeddable":true,"href":"https:\/\/www.europesays.com\/pt\/wp-json\/wp\/v2\/categories?post=179317"},{"taxonomy":"post_tag","embeddable":true,"href":"https:\/\/www.europesays.com\/pt\/wp-json\/wp\/v2\/tags?post=179317"}],"curies":[{"name":"wp","href":"https:\/\/api.w.org\/{rel}","templated":true}]}}