{"id":179332,"date":"2025-12-07T23:29:21","date_gmt":"2025-12-07T23:29:21","guid":{"rendered":"https:\/\/www.europesays.com\/pt\/179332\/"},"modified":"2025-12-07T23:29:21","modified_gmt":"2025-12-07T23:29:21","slug":"define-campeao-hoje-entre-silvero-manu-e-wanessa-veja-notas-e-classificacao","status":"publish","type":"post","link":"https:\/\/www.europesays.com\/pt\/179332\/","title":{"rendered":"define campe\u00e3o hoje entre Silvero, Manu e Wanessa; veja notas e classifica\u00e7\u00e3o"},"content":{"rendered":"<p>\n                        &#8216;Doming\u00e3o com Huck&#8217; exibe quadro ao vivo neste domingo, 7; veja ordem das apresenta\u00e7\u00f5es entre os finalistas\n                    <\/p>\n<p>\n                                    7 dez<br \/>\n                                    2025<br \/>\n                                     &#8211; 16h01\n                                <\/p>\n<p>\n                                                                                                                        (atualizado \u00e0s 17h52)\n                                                                            <\/p>\n<p><img loading=\"lazy\" decoding=\"async\" alt=\"Manu Bahtid\u00e3o, Silvero Pereira e Wanessa Camargo s\u00e3o entrevistados pelo humorista Rafael Portugal enquanto se preparavam para a final da 'Dan\u00e7a dos Famosos'\" class=\"img-23e58a96d77727fcbf8eb2ffc95e113er6vbh5r6\" height=\"430\" src=\"https:\/\/www.europesays.com\/pt\/wp-content\/uploads\/2025\/12\/124671911-q7oz5gqf45f4lmalml5dbxmqe4.png\"  title=\"Manu Bahtid\u00e3o, Silvero Pereira e Wanessa Camargo s\u00e3o entrevistados pelo humorista Rafael Portugal enquanto se preparavam para a final da 'Dan\u00e7a dos Famosos'\" width=\"774\"\/><\/p>\n<p>Manu Bahtid\u00e3o, Silvero Pereira e Wanessa Camargo s\u00e3o entrevistados pelo humorista Rafael Portugal enquanto se preparavam para a final da &#8216;Dan\u00e7a dos Famosos&#8217;<\/p>\n<p>Foto: Reprodu\u00e7\u00e3o de &#8216;Dan\u00e7a dos Famosos&#8217; (2025)TV Globo \/ Estad\u00e3o<\/p>\n<p class=\"text\">A<b> final <\/b>da <b>Dan\u00e7a dos Famosos<\/b> vai ao ar neste domingo, 7, no Doming\u00e3o Com Huck. <b>Manu Bahtid\u00e3o<\/b>, <b>Silvero Pereira<\/b> e <a href=\"https:\/\/www.terra.com.br\/tudo-sobre\/wanessa-camargo\" target=\"_self\" rel=\"nofollow noopener\">Wanessa Camargo<\/a> disputam para saber quem ser\u00e1 o campe\u00e3o do quadro em <b>2025<\/b>.<\/p>\n<p class=\"text\">Al\u00e9m dos <b>finalistas<\/b>, os outros <b>participantes<\/b> do quadro tamb\u00e9m est\u00e3o presentes no palco do programa de <b>hoje<\/b>, exibido <b>ao vivo<\/b>.<\/p>\n<p class=\"text\">* Reportagem em atualiza\u00e7\u00e3o<\/p>\n<p class=\"text\">Na primeira parte do programa, o apresentador <a href=\"https:\/\/www.terra.com.br\/tudo-sobre\/luciano-huck\" target=\"_self\" rel=\"nofollow noopener\">Luciano Huck<\/a> destacou que os g\u00eaneros da final ser\u00e3o samba e valsa. O humorista Rafael Portugal realizou um sorteio para a ordem das apresenta\u00e7\u00f5es, definida da seguinte maneira:<\/p>\n<ol>\n<li>Manu Bahtid\u00e3o<\/li>\n<li>Silvero Pereira<\/li>\n<li>Wanessa Camargo<\/li>\n<\/ol>\n<p class=\"text\">Por conta da exibi\u00e7\u00e3o da \u00faltima rodada do Campeonato Brasileiro (Santos e Cruzeiro ser\u00e1 transmitido para S\u00e3o Paulo), o Doming\u00e3o encerrou sua primeira parte por volta das 15h30. A etapa final, com as apresenta\u00e7\u00f5es e avalia\u00e7\u00e3o dos jurados, tem in\u00edcio previsto para 18h10, ao vivo.<\/p>\n<p class=\"text\">Ingrid Silva e Tati Machado, campe\u00e3 no \u00faltimo ano, s\u00e3o as convidadas que integram o j\u00fari da final, al\u00e9m dos tradicionais Carlinhos de Jesus, Ana Botafogo, Zebrinha e Milton Cunha.<\/p>\n<p>Classifica\u00e7\u00e3o anterior \u00e0 final da &#8216;Dan\u00e7a dos Famosos&#8217; 2025<\/p>\n<p class=\"text\">Apesar de n\u00e3o ser considerada para a final, a fase anterior, que definiu os lugares na decis\u00e3o, foi cumulativa. Silvero, considerado como favorito, ficou \u00e0 frente, enquanto Wanessa e Manu tiveram apenas 0.1 ponto de diferen\u00e7a.<\/p>\n<ul>\n<li>266,2 &#8211; Silvero Pereira e Tha\u00eds Sousa<\/li>\n<li>265,5 &#8211; Wanessa Camargo e Diego Bas\u00edlio<\/li>\n<li>265,4 &#8211; Manu Bahtid\u00e3o e Heron Leal<\/li>\n<\/ul>\n<p>Os participantes da &#8216;Dan\u00e7a dos Famosos&#8217; 2025<\/p>\n<p class=\"text\">Relembre os outros 13 participantes da atra\u00e7\u00e3o que foram eliminados antes da final:<\/p>\n","protected":false},"excerpt":{"rendered":"&#8216;Doming\u00e3o com Huck&#8217; exibe quadro ao vivo neste domingo, 7; veja ordem das apresenta\u00e7\u00f5es entre os finalistas 7&hellip;\n","protected":false},"author":2,"featured_media":179333,"comment_status":"","ping_status":"","sticky":false,"template":"","format":"standard","meta":{"footnotes":""},"categories":[142],"tags":[4572,5922,114,115,2815,35943,32,33,25925,151,4981],"class_list":{"0":"post-179332","1":"post","2":"type-post","3":"status-publish","4":"format-standard","5":"has-post-thumbnail","7":"category-tv","8":"tag-danca-dos-famosos","9":"tag-domingao-com-huck","10":"tag-entertainment","11":"tag-entretenimento","12":"tag-luciano-huck","13":"tag-manu-bahtidao","14":"tag-portugal","15":"tag-pt","16":"tag-silvero-pereira","17":"tag-tv","18":"tag-wanessa-camargo"},"share_on_mastodon":{"url":"https:\/\/pubeurope.com\/@pt\/115680887926785067","error":""},"_links":{"self":[{"href":"https:\/\/www.europesays.com\/pt\/wp-json\/wp\/v2\/posts\/179332","targetHints":{"allow":["GET"]}}],"collection":[{"href":"https:\/\/www.europesays.com\/pt\/wp-json\/wp\/v2\/posts"}],"about":[{"href":"https:\/\/www.europesays.com\/pt\/wp-json\/wp\/v2\/types\/post"}],"author":[{"embeddable":true,"href":"https:\/\/www.europesays.com\/pt\/wp-json\/wp\/v2\/users\/2"}],"replies":[{"embeddable":true,"href":"https:\/\/www.europesays.com\/pt\/wp-json\/wp\/v2\/comments?post=179332"}],"version-history":[{"count":0,"href":"https:\/\/www.europesays.com\/pt\/wp-json\/wp\/v2\/posts\/179332\/revisions"}],"wp:featuredmedia":[{"embeddable":true,"href":"https:\/\/www.europesays.com\/pt\/wp-json\/wp\/v2\/media\/179333"}],"wp:attachment":[{"href":"https:\/\/www.europesays.com\/pt\/wp-json\/wp\/v2\/media?parent=179332"}],"wp:term":[{"taxonomy":"category","embeddable":true,"href":"https:\/\/www.europesays.com\/pt\/wp-json\/wp\/v2\/categories?post=179332"},{"taxonomy":"post_tag","embeddable":true,"href":"https:\/\/www.europesays.com\/pt\/wp-json\/wp\/v2\/tags?post=179332"}],"curies":[{"name":"wp","href":"https:\/\/api.w.org\/{rel}","templated":true}]}}